{"id":10,"date":"2007-03-17T05:50:55","date_gmt":"2007-03-17T09:50:55","guid":{"rendered":"http:\/\/sporek.com\/blog\/?p=10"},"modified":"2009-06-18T17:23:37","modified_gmt":"2009-06-18T21:23:37","slug":"odbrazowic-%e2%80%9ebohaterow%e2%80%9d-ukarac-zdrajcow","status":"publish","type":"post","link":"https:\/\/sporek.com\/blog\/?p=10","title":{"rendered":"Odbr\u0105zowi\u0107 \u201ebohater\u00f3w\u201d &#8211; ukara\u0107 zdrajc\u00f3w"},"content":{"rendered":"<p>Czy spo\u0142ecze\u0144stwo \u017cyj\u0105ce w czasach komunizmu da\u0142o si\u0119 nabra\u0107 na ideologiczne plewy oskar\u017caj\u0105ce Pu\u0142kownika Kukli\u0144skiego o zdrad\u0119?\u00a0 Czy zaakceptowa\u0142o wyrok \u015bmierci wydany na niego przez komunistycznych przest\u0119pc\u00f3w; sekretarzy, prokurator\u00f3w, s\u0119dzi\u00f3w?\u00a0 Czy uwierzy\u0142o, \u017ce zdrajc\u0105 by\u0142 Romuald Spasowski? Nie. Jestem pewien, \u017ce nie. Obaj ci \u201ezdrajcy\u201d zostali zrehabilitowni &#8211; g\u0142\u00f3wnie przez histori\u0119 .- P\u0142k. Kukli\u0144ski, otrzyma\u0142 status bohatera. Chwa\u0142a historii, chwa\u0142a tym, kt\u00f3rzy postawili kropk\u0119 nad \u201ei\u201d. Czy\u017c nie powinno jednak by\u0107 tak, aby proces ten mia\u0142 r\u00f3wnie\u017c swoje zastosowanie w odwrotn\u0105 stron\u0119?<!--more-->Oto zwalczono komunizm. Rzadko wspomina si\u0119 o niebywa\u0142ej i kluczowej w tym dziele roli polskiego Papie\u017ca, jeszcze rzadziej o podobnego wymiaru roli prezydenta USA Ronalda Reagana. Wa\u0142\u0119sa &#8211; pomnik; \u017cyj\u0105cy, chodz\u0105cy, kpi\u0105cy, drwi\u0105cy, szydz\u0105cy i obra\u017caj\u0105cy tych, kt\u00f3rzy bior\u0105 si\u0119 do dekomunizacyjnej roboty. Z film\u00f3w i wspomnie\u0144, oraz aktualnego zachowania by\u0142ego przyw\u00f3dcy robotnik\u00f3w, potem prezydenta kraju,\u00a0 jawi si\u0119\u00a0 obraz zupe\u0142nie innego \u201ebohatera\u201d. Poza wszystkim, dzi\u015b jego wypowiedzi dra\u017cni\u0105 nawet przedszkolak\u00f3w. Mazowiecki &#8211; na wp\u00f3\u0142 cierpi\u0105cy, (wieczny grymas cierpienia na jego twarzy), pierwszy nie-komunistyczny premier wolnej od komunizmu Polski. Fakt niezbity pokazuje, \u017ce \u201eodpu\u015bci\u0142\u201d komunistom, &#8211; postawi\u0142 \u201egrub\u0105 kresk\u0119\u201d, kt\u00f3ra sta\u0142a si\u0119 szlabanem dla procesu dekomunizacji.\u00a0\u00a0\u00a0\u00a0 Niekt\u00f3rym \u201ebohaterskim dzia\u0142aczom na rzecz czego\u015b tam\u201d natura sama p\u0142ata figle i rozprawia si\u0119 z ich dzia\u0142alno\u015bci\u0105 w spos\u00f3b jednoznaczny. We\u017amy takiego Ala Gora, by\u0142ego v-ce prezydenta USA, za czas\u00f3w Billa Clintona. Akademia Filmowa przyznaje Oskara filmowi, kt\u00f3ry propaguje apokaliptyczn\u0105 wizj\u0119 rozgrzanego do czerwono\u015bci \u015bwiata: \u201eglobal warming\u201d &#8211; to w\/g Gora najwi\u0119ksze zagro\u017cenie dla ludzko\u015bci. Nie wojny, nie g\u0142\u00f3d i ub\u00f3stwo, nie wy\u015bcig zbroje\u0144; &#8211; ocieplenie. I on i cz\u0142onkowie Akademii g\u0142usi s\u0105 na odwrotne wr\u0119cz teorie naukowc\u00f3w, kt\u00f3re m\u00f3wi\u0105, \u017ce za 50 lat b\u0119dzie tak zimno, \u017ce mo\u017cemy sobie nie da\u0107 z tym rady. Oskar dla Gora. Dwa tygodnie po tym \u015bmiesznym fakcie wr\u0119czenia by\u0142emu prezydentowi filmowej statuetki, niespodziewany atak zimy (a wi\u0119c och\u0142odzenia) sparali\u017cowa\u0142 trzy czwarte tego pot\u0119\u017cnego kraju. Brakowa\u0142o piasku, soli, a p\u0142ugi nie nad\u0105\u017ca\u0142y. Sta\u0142o si\u0119 to na pi\u0119\u0107 dni przed rozk\u0142adowym &#8211; wed\u0142ug kalendarza, nadej\u015bciem wiosny. Nikt nie \u017c\u0105da, by Gore odda\u0142 Oskara, ale co\u015bmy sie po\u015bmiali, to nasze. Natura konsekwentnie wykpi apokaliptyczne teorie v-ce prezydenta i wszystko wr\u00f3ci do normalno\u015bci. Nikt specjalnie na tym nie ucierpia\u0142, wi\u0119c i nikt specjalnie nie ucierpi w konsekwencji dzia\u0142a\u0144 natury. Inaczej jest jednak z naszymi \u201ebohaterami\u201d. W konsekwencji dzia\u0142a\u0144 dw\u00f3ch, wy\u017cej wymienionych pan\u00f3w, oraz tych, kt\u00f3rzy do nich do\u0142\u0105czyli pami\u0119tnej, czerwcowej nocy, 1992 roku, tysi\u0105ce polskich, uczciwych przeciwnik\u00f3w komuny cierpia\u0142o niedostatek, poni\u017cenie, pogard\u0119; tysi\u0105ce zmuszone zosta\u0142y do opuszczenia kraju,- jako\u015b nikt wtedy nie rozdziera\u0142 szat. Natomiast jeszcze wi\u0119ksze tysi\u0105ce ubek\u00f3w, kapusi\u00f3w i skurwysyn\u00f3w cieszy\u0142o si\u0119 dostatkiem, \u201ezas\u0142u\u017conymi\u201d, do\u017cywotnimi apana\u017cami i oczywi\u015bcie szacunkiem w\u0142adzy. Antykomuni\u015bci podali sobie r\u0119ce z komuchami &#8211; cho\u0107 jeden z nich, ten najwa\u017cniejszy zaklina\u0142 si\u0119, \u017ce nawet nogi nie poda. Zaklina\u0142 si\u0119, p\u00f3ki \u017cy\u0142 Papie\u017c. Ale w\u0142a\u015bnie w dzie\u0144 pogrzebu Ojca \u015awi\u0119tego zachcia\u0142o mu si\u0119 dor\u00f3wna\u0107 Papie\u017cowi i jak niegdy\u015b ten wielki cz\u0142owiek wyci\u0105gn\u0105\u0142 r\u0119k\u0119 do swojego niedosz\u0142ego zab\u00f3jcy, tak Wa\u0142\u0119sa na oczach kamer wyci\u0105gn\u0105\u0142 prawic\u0119 do Kwa\u015bniewskiego. O ironio&#8230;na Placu \u015aw. Piotra, nad trumn\u0105 Jana Paw\u0142a II. Niestety por\u00f3wnuj\u0119 tu zrobacza\u0142\u0105 \u015bliwk\u0119 do cudnie dojrza\u0142ej pomara\u0144czy. Wszystkim tym \u201ebohaterom\u201d wiedzie si\u0119 nad wyraz dobrze. Je\u015bli nie\u00a0 dostali od obcych tyle, \u017ceby mie\u0107 do ko\u0144ca \u017cycia, to ustawili si\u0119 w \u201eEuropie\u201d i na partyjnych funkcyjkach. A komuna powoli pr\u00f3buje odrostu \u0142b\u00f3w swojej hydry i k\u0105si nadal. Dziwi mnie kompletne lekcewa\u017cenie wagi tamtej, czerwcowej nocy, 1992 roku, kiedy podczas narady prowadzonej absolutnie konspiracyjnie pod wodz\u0105 Lecha Wa\u0142\u0119sy dokonano zamachu na rz\u0105d Jana Olszewskiego. Kogo tam widzimy? A no, opr\u00f3cz Lecha jest oczywi\u015bcie Mazowiecki, jest Tusk, jest Niesio\u0142owski i jest Pawlak, \u017ce wymieni\u0119 tylko ich, bo oni dziwnym zbiegiem okoliczno\u015bci nadal s\u0105 na Parnasie polskiej polityki, cho\u0107 podryguj\u0105 resztkami, to jednak s\u0105. Ten ostatni zostaje, z nominacji Wa\u0142\u0119sy nast\u0119pc\u0105 Jana Olszewskiego. Sejm w kilka godzin p\u00f3\u017aniej, mimo protest\u00f3w wielu rozs\u0105dnych pos\u0142\u00f3w przyjmuje dyrektywy wszechwiedz\u0105cego Lecha i akceptuje likwidacj\u0119 rz\u0105du, kt\u00f3ry co dopiero og\u0142osi\u0142 program i propozycje ustawy dekomunizacyjnej. Wa\u0142\u0119sa, jak car, obserwuje sejmow\u0105 burz\u0119 z zaszczytnego, honorowego fotela dla prezydenta kraju. Nie by\u0142 ju\u017c wtedy, niestety, prezydentem Polak\u00f3w, kt\u00f3rzy wierzyli w niego, gdy na niego g\u0142osowali. By\u0142 prezydentem komunist\u00f3w, kapusi\u00f3w, agent\u00f3w i tajnych wsp\u00f3\u0142pracownik\u00f3w. Dlaczego tak si\u0119 sta\u0142o? Dlaczego m\u0142ody Pawlak \u015blepo poszed\u0142 za wskaz\u00f3wkami Wa\u0142\u0119sy? Dlaczego zrobili to Tusk, Niesio\u0142owski, Mazowiecki? Wszyscy pono\u0107 wywodz\u0105cy si\u0119 z Solidarno\u015bci? Dlaczego nie by\u0142o tam&#8230;Kaczy\u0144skich? Odpowiedzi jest kilka: albo naradzaaj\u0105cy si\u0119 noc\u0105 mieli tak samo brudne rece, jak ci, w obronie kt\u00f3rych zaprotestowali wtedy i protestuj\u0105 teraz przeciwko dekomunizacji, albo mieli (wi\u0119c i maj\u0105 nadal) kurze m\u00f3zgi, zatem nie mieli szans poj\u0105\u0107 powagi sytuacji, albo wreszcie czuli, \u017ce takie rozwi\u0105zanie da im nieustaj\u0105c\u0105 szans\u0119 na trzymanie si\u0119 \u017c\u0142obu.Jakakolwiek by ta odpowied\u017a by\u0142a, prawda jest niezwykle przejrzysta: to oni ponosz\u0105 win\u0119 za kolejne czterna\u015bcie lat marazmu. To oni ponosz\u0105 win\u0119 za to, co dzieje si\u0119 teraz w Polsce. To oni ponosz\u0105 win\u0119 za ci\u0119\u017ckie chwile w rz\u0105dach Kaczy\u0144skich i to oni powinni ponie\u015b\u0107 odpowiedzialno\u015b\u0107 przed Trybuna\u0142em Stanu. Odpowiedzialno\u015b\u0107 za zamach stanu i dopowiedzialno\u015b\u0107 za zmarnowane lata. Bez ich nocnej akcji nie by\u0142oby dzi\u015b ani Wielgus\u00f3w, ani \u017byci\u0144skich, ani, przede wszystkim dw\u00f3ch kadencji Kwa\u015bniewskiego i tym samym wzmocnienia komuny. Nie by\u0142oby upokorzenia narodu, nie by\u0142oby rozkradania pa\u0144stwa przez dogorywaj\u0105ce struktury salonowego establishmentu. Mo\u017ce by\u0142yby szpitale i porz\u0105dna opieka nad chorymi; mo\u017ce te dwa miliony m\u0142odych, kt\u00f3re opu\u015bci\u0142y kraj, nie zrobi\u0142yby tego, mo\u017ce by\u0142oby trzy miliony mieszka\u0144 ..? Tego nie wie nikt, ale jest to bardzo prawdopodobna alternatywa.Wbrew pozorom nocna akcja w zaciszach sejmowych gabinet\u00f3w nosi znamiona przest\u0119pstwa\u00a0 politycznego, dokonanego w bia\u0142ych r\u0119kawiczkach pod wodz\u0105 \u00f3wczesnego prezydenta. W czasach Solidarno\u015bciowego zrywu nie s\u0142ysza\u0142em nazwisk Tusk, Pawlak, &#8211; wyp\u0142yn\u0119li tamtej, pami\u0119tnej nocy i udaj\u0105 patriotycznych ob\u0142\u0105ka\u0144c\u00f3w, kt\u00f3rym zale\u017cy wy\u0142\u0105cznie na dobru kraju. Kraj powinien wreszcie nazwa\u0107 te wydarzenia po imieniu, powinien wreszcie upomnie\u0107 si\u0119 o stracone szanse, rozkradzione maj\u0105tki, nape\u0142nione konta bankowe w obcych krajach. Upomnie\u0107 si\u0119 o odkrycie zafa\u0142szowanej prawdy. \u201eNocna zmiana\u201d powinna stan\u0105\u0107 przed Trybuna\u0142em Stanu i odpowiedzie\u0107 na wszystkie pytania zwi\u0105zane z zatrzymaniem procesu dekomunizacji. Cho\u0107by dlatego, \u017ceby wyt\u0142umaczy\u0107 sko\u0142owanemu narodowi, \u017ce nasi \u201ebohaterowie\u201d &#8211; nie u\u017cywaj\u0105c dosadnych okre\u015ble\u0144 &#8211; po prostu bohaterami nie byli.<\/p>\n","protected":false},"excerpt":{"rendered":"<p>Czy spo\u0142ecze\u0144stwo \u017cyj\u0105ce w czasach komunizmu da\u0142o si\u0119 nabra\u0107 na ideologiczne plewy oskar\u017caj\u0105ce Pu\u0142kownika Kukli\u0144skiego o zdrad\u0119?\u00a0 Czy zaakceptowa\u0142o wyrok \u015bmierci wydany na niego przez komunistycznych przest\u0119pc\u00f3w; sekretarzy, prokurator\u00f3w, s\u0119dzi\u00f3w?\u00a0 Czy uwierzy\u0142o, \u017ce zdrajc\u0105 by\u0142 Romuald Spasowski? Nie. Jestem pewien, \u017ce nie. Obaj ci \u201ezdrajcy\u201d zostali zrehabilitowni &#8211; g\u0142\u00f3wnie przez histori\u0119 .- P\u0142k. Kukli\u0144ski, otrzyma\u0142 [&hellip;]<\/p>\n","protected":false},"author":2,"featured_media":0,"comment_status":"open","ping_status":"open","sticky":false,"template":"","format":"standard","meta":[],"categories":[4],"tags":[],"_links":{"self":[{"href":"https:\/\/sporek.com\/blog\/index.php?rest_route=\/wp\/v2\/posts\/10"}],"collection":[{"href":"https:\/\/sporek.com\/blog\/index.php?rest_route=\/wp\/v2\/posts"}],"about":[{"href":"https:\/\/sporek.com\/blog\/index.php?rest_route=\/wp\/v2\/types\/post"}],"author":[{"embeddable":true,"href":"https:\/\/sporek.com\/blog\/index.php?rest_route=\/wp\/v2\/users\/2"}],"replies":[{"embeddable":true,"href":"https:\/\/sporek.com\/blog\/index.php?rest_route=%2Fwp%2Fv2%2Fcomments&post=10"}],"version-history":[{"count":0,"href":"https:\/\/sporek.com\/blog\/index.php?rest_route=\/wp\/v2\/posts\/10\/revisions"}],"wp:attachment":[{"href":"https:\/\/sporek.com\/blog\/index.php?rest_route=%2Fwp%2Fv2%2Fmedia&parent=10"}],"wp:term":[{"taxonomy":"category","embeddable":true,"href":"https:\/\/sporek.com\/blog\/index.php?rest_route=%2Fwp%2Fv2%2Fcategories&post=10"},{"taxonomy":"post_tag","embeddable":true,"href":"https:\/\/sporek.com\/blog\/index.php?rest_route=%2Fwp%2Fv2%2Ftags&post=10"}],"curies":[{"name":"wp","href":"https:\/\/api.w.org\/{rel}","templated":true}]}}