{"id":101,"date":"2008-10-11T12:35:28","date_gmt":"2008-10-11T16:35:28","guid":{"rendered":"http:\/\/sporek.com\/blog\/?p=101"},"modified":"2008-10-30T07:37:17","modified_gmt":"2008-10-30T11:37:17","slug":"parada-pulaskiegono-i-co-z-tego","status":"publish","type":"post","link":"https:\/\/sporek.com\/blog\/?p=101","title":{"rendered":"Parada Pu\u0142askiego&#8230;no i co z tego?"},"content":{"rendered":"<p><span style=\"font-family: Verdana\">Tak si\u0119 tu m\u00f3wi, &#8211; kompletnie nielogicznie: <em><span style=\"font-family: Verdana\">\u201eid\u0119 na parad\u0119 Pu\u0142askiego\u201d.<\/span><\/em> <\/span><span style=\"font-family: Verdana\">Tymczasem paraduje Polonia &#8211; i to od dziesi\u0119cioleci tak samo. Pu\u0142aski le\u017cy w grobie, gdzie\u015b pod <\/span><span style=\"font-family: Verdana\">Savannah<\/span><span style=\"font-family: Verdana\">, w stanie <\/span><span style=\"font-family: Verdana\">Georgia<\/span><span style=\"font-family: Verdana\"> i pewnie w tym roku wyj\u0105tkowo przekr\u0119ca\u0142 si\u0119 w mogile na widok ubogiej w przedstawicieli ameryka\u0144skich oficjeli parad\u0119 ku swojej czci . Od lat s\u0142yszymy o staraniach, aby wreszcie zabra<span style=\"color: black\">\u0107 jego prochy i z\u0142o\u017cy\u0107 w jakim\u015b poczciwym miejscu, &#8211; kompletnie bez skutku. <!--more-->Siedem lat\u00a0temu, w 2001 roku\u00a0by\u0142em nawet poproszony o przygotowanie programu artystycznego na t\u0119 okoliczno\u015b\u0107, ale te\u017c nie wysz\u0142o. Prochy jednego z najwybitniejszych Polak\u00f3w walcz\u0105cych o \u201ewolno\u015b\u0107 nasz\u0105 i wasz\u0105\u201d znajduj\u0105 si\u0119 tam, gdzie odby\u0142a si\u0119 wielka bitwa, tam, gdzie dosi\u0119g\u0142a go \u015bmiertelna kula, czy te\u017c \u015bmiertelny cios bagnetu wroga.\u00a0 <\/span>Nic w tym z\u0142ego, \u017ce parady s\u0105 takie same od dziesi\u0119cioleci. Parady W\u0142och\u00f3w w Dzie\u0144 Kolumba (tydzie\u0144 po nas, tyle, \u017ce w poiedzia\u0142ek), te\u017c od lat bardzo s\u0105 do siebie podobne, Irlandczycy w Dzie\u0144 \u015aw. Patryka te\u017c podobnie fikaj\u0105 na V-ej Alei. Pierwsza niedziela pa\u017adziernika na wiele tygodni przed Parad\u0105 og\u0142aszana jest, jako polski dzie\u0144, polskie \u015bwi\u0119to, polski festiwal itd. itp.\u00a0 Rano msza \u015bw. w Katedrze \u015aw. Patryka. Potem uroczyste \u015bniadanie dla ferajny z \u201eparadnego Komitetu\u201d. W samo po\u0142udnie ruszamy z kopyta. Niekt\u00f3re grupy startuj\u0105 od 26-ej Ulicy, inne od 28-ej, jeszcze inne troch\u0119 wy\u017cej i po kolei do\u0142\u0105czaj\u0105c do pochodu maszeruj\u0105 na p\u00f3\u0142noc. I sunie barwny korow\u00f3d organizacji, grup wi\u0119kszych i mniejszych, delegacji, prywatnych os\u00f3b, orkiestr, zespo\u0142\u00f3w. Dochodz\u0105 do tzw. Trybuny Honorowej przy Bibliotece Miejskiej, na wysoko\u015bci 42 Ulicy. Ci, kt\u00f3rzy maj\u0105 co pokazywa<span style=\"color: black\">\u0107, np. zespo\u0142y, &#8211; zatrzymuj\u0105 si\u0119 i kr\u00f3ciutko \u015bpiewaj\u0105, graj\u0105, albo ta\u0144cz\u0105 i odchodz\u0105 dalej na p\u00f3\u0142noc 5-t\u0105 Alej\u0105. Kto\u015b czasem jeszcze zatrzyma si\u0119 przy samej Katedrze, pomi\u0119dzy 50 i 51-\u0105 Ulic\u0105 (jak mawiaj\u0105 wtajemniczeni: pomi\u0119dzy 50, a 51-\u0105 strit\u0105), by u\u015bciska\u0107 d\u0142o\u0144 Jego Eminencji Edwarda, Kardyna\u0142a Egena, Metropolity Nowego Jorku, kt\u00f3ry kontynuuje zwyczaj swojego wielkiego poprzednika Johna Kardyna\u0142a O\u2019Connor\u2019a i kurtuazyjnie stoi na chodniku przed Katedr\u0105, w przeciwie\u0144stwie do wielkich, mniejszych i najmniejszych marsza\u0142k\u00f3w parady, kt\u00f3rzy zasiadaj\u0105 na trybunach i trudno ich stamt\u0105d wykurzy\u0107. Wi\u0119kszo\u015b\u0107 sunie ju\u017c bez specjalnych oklask\u00f3w i aplauzu obserwuj\u0105cych zza barierek dalej, by skr\u0119caj\u0105c w lewo, lub w prawo, pocz\u0105wszy od 52-ej Ulicy, ko\u0144czy\u0107 sw\u00f3j udzia\u0142 w wielkiej, polskiej fecie na Manhattanie. I wszystko by\u0142oby fajnie, czy te\u017c teoretycznie jest fajnie.\u00a0 <\/span>M\u00f3j problem, jak i wielu rodak\u00f3w bior\u0105cych czynny udzia\u0142 w tym marszu, b\u0105d\u017a te\u017c przygl\u0105daj\u0105cych si\u0119 zza policyjnych barierek, czy te\u017c modl\u0105cych si\u0119 podczas tzw. \u201epolskiej mszy\u201d w Katedrze \u015aw. Patryka polega na tym, \u017ce od lat zadajemy sobie te same pytania: gdzie w tym wszystkim jest Genera\u0142 Pu\u0142aski, gdzie w tym wszystkim jest szacunek do polsko\u015bci, gdzie si\u0142a Polonii? Sk\u0105d te pytania? Ano st\u0105d, \u017ce zn\u00f3w zapowiadana \u201epolska msza\u201d mia\u0142a tylko trzy (w tym dwa bardzo kr\u00f3tkie) akcenty polskie: tzw. I-e czytanie w liturgii i ostatnie s\u0142owo biskupa z Polski, kt\u00f3rego nazwiska nie wy\u0142apa\u0142em i kt\u00f3rego nazwiska nie by\u0142o w programie wydrukowanym przez Katedr\u0119. A mo\u017ce nie mog\u0142em znale\u017a<span style=\"color: black\">\u0107\u2026? Biskup z Polski powiedzia\u0142 kr\u00f3tko, ale niezwykle mentorsko i odkrywczo, \u017ce jeste\u015bmy odpowiedzialni za siebie, Ameryk\u0119, <\/span><\/span><span style=\"color: black; font-family: Verdana\">Europ\u0119<\/span><span style=\"color: black; font-family: Verdana\">, Polsk\u0119 i tak ma pozosta\u0107. Po czym, ju\u017c w j\u0119zyku angielskim podzi\u0119kowa\u0142 Edwardowi, Kardyna\u0142owi Egenowi, za to, \u017ce po\u015bwi\u0119ci\u0142 Polakom w Nowym Jorku 45 minut swojego, cennego czasu. Wielka mi sprawa. Dziwni ci wsp\u00f3\u0142cze\u015bni pasterze,-nic, tylko ich prosi\u0107, a potem dzi\u0119kowa\u0107. W zamian &#8211; o czym Biskup z Polski zapomnia\u0142 Metropolit\u0119 poinformowa\u0107 &#8211; Polonia rzuci\u0142a na tac\u0119. My\u015bla\u0142em, \u017ce to w\u0142a\u015bnie ten biskup wyg\u0142osi kazanie. Ale\u017c sk\u0105d. G\u0142osi\u0142 kto\u015b w j\u0119zyku angielskim, co prze\u0142o\u017cy\u0142o si\u0119 na to, \u017ce cz\u0119\u015b\u0107 wiernych siedzia\u0142a, jak na tureckim. I ani s\u0142owa o Generale! <\/span><span style=\"color: black; font-family: Verdana\">Po<\/span><span style=\"color: black; font-family: Verdana\"> raz kolejny nie mo\u017cemy mie\u0107 w Katedrze z okazji dnia polskiego, polskiej mszy. Czy w og\u00f3le kto\u015b si\u0119 o to stara\u0142? Trzecim, najd\u0142u\u017cszym i najdobitniejszym akcentem polskim by\u0142 znakomity \u015bpiew jednego z najlepszych polskich i zarazem europejskich ch\u00f3r\u00f3w: \u201eCh\u00f3ru Maria\u0144skiego\u201d<\/span><span style=\"font-family: Verdana\">, z krakowskiej <span style=\"color: black\">parafii Naj\u015bwi\u0119tszej Marii Panny z <\/span><\/span><span style=\"color: black; font-family: Verdana\">Lourdes<\/span><span style=\"color: black; font-family: Verdana\">. Od ponad trzydziestu lat dy<\/span><span style=\"color: black; font-family: Verdana\">rektor<\/span><span style=\"color: black; font-family: Verdana\">em artystycznym i dyrygentem tego znakomitego zespo\u0142u jest niezwyk\u0142e charyzmatyczny szaleniec, dr. Jan Rybarski (organizatorzy mieli do dyspozycji stron\u0119 internetow\u0105, moje informacje, informacje pisemne przekazane przez ch\u00f3r, ale i tak napisali w programie \u201eRybacki\u201d)<\/span><span style=\"font-family: Verdana\">. Ma wi\u0119c dy<\/span><span style=\"font-family: Verdana\">rektor<\/span><span style=\"font-family: Verdana\"> Rybarski nieco zniekszta\u0142con\u0105 pami\u0105tk\u0119<span style=\"color: black\"> po, kto wie, czy nie jedynym wyst\u0119pie swojego ch\u00f3ru w tak uroczystej mszy. Kt\u00f3\u017c bowiem mo\u017ce mu zaagwarantowa\u0107, \u017ce zostanie jeszcze raz zaproszony?\u00a0 Z tym zaproszeniem te\u017c bym by\u0142 ostro\u017cny. M\u00f3wi\u0105c kr\u00f3tko to ja zwr\u00f3ci\u0142em si\u0119 do komitetu organizacyjnego z propozycj\u0105 wyst\u0119pu tego znakomitego zespo\u0142u podczas wspomnianej mszy i jego przemarszu 5-t\u0105 Alej\u0105. Propozycja zosta\u0142a przyj\u0119ta, ale zosta\u0142 postawiony warunek: \u017cadnych \u017c\u0105da\u0144 finansowych; czyli: ch\u00f3r nie dostanie ani centa, bo komitet jest biedny i nie ma pieni\u0119dzy. Ledwie dwie osoby z Ch\u00f3ru otrzyma\u0142y zaproszenie na \u015bniadanie do Waldorf Astoria, ale nie skorzysta\u0142y, bo niby c\u00f3\u017c w tym wielkiego? Jajecznic\u0119 mo\u017cna zje\u015b\u0107 w ka\u017cdej innej restauracji. Komitetu Parady Pu\u0142askiego nie sta\u0107 by\u0142o nawet na 500 dolar\u00f3w honorarium za ten cudowny, polski \u015bpiew. Szkoda, \u017ce organizatorzy nie s\u0142yszeli komentarzy ameryka\u0144skich, niemieckich, szwedzkich i innych turyst\u00f3w,\u00a0stoj\u0105cych przy drzwiach wej\u015bciowych do katedry o jako\u015bci \u015bpiewu artyst\u00f3w z Krakowa. W\u0142a\u015bnie Szwed, s\u0142ysz\u0105c\u00a0ch\u00f3r \u015bpiewaj\u0105cy w nieznanym mu j\u0119zyku zapyta\u0142 mnie sk\u0105d ten\u00a0zesp\u00f3\u0142,\u00a0kt\u00f3ry tak pi\u0119knie \u015bpiewa?\u00a0 Dodam te\u017c, \u017ce aby ch\u00f3r m\u00f3g\u0142 si\u0119 bez przeszk\u00f3d przemie\u015bci\u0107 ze strojami z Greenpointu na <\/span><\/span><span style=\"color: black; font-family: Verdana\">Manhattan<\/span><span style=\"color: black; font-family: Verdana\">, to koszty transportu autobusowego wzi\u0119li\u015bmy na siebie po r\u00f3wno: ja i w\u0142a\u015bciciel Polonez Tours, Janusz Biele\u0144. Przedtem zafundowali\u015bmy Ch\u00f3rowi przejazd do Maspeth, a na koniec transport na lotnisko. Te drobiazgi w kontek\u015bcie wynajmowania horrendalnie drogiego hotelu na potrzeby bankietu, \u015bniadania itp. jawi\u0105 si\u0119, niestety, jako bolesny kontrast i pozostan\u0105 do\u015b\u0107 bolesn\u0105 lekcj\u0105-wspomnieniem kontaktu z nowojorsk\u0105 Poloni\u0105 fantastycznego zespo\u0142u, kt\u00f3ry zachwyci\u0142 spor\u0105 grup\u0119 s\u0142uchaczy w Manhattanie, na Queensie, na\u00a0 Brooklynie, czy w <\/span><span style=\"color: black; font-family: Verdana\">New Jersey<\/span><span style=\"color: black; font-family: Verdana\">. Nie, nie z Poloni\u0105, \u017ale powiedzia\u0142em. To tylko chodzi o t\u0119 jedn\u0105 organizacj\u0119: \u201eKomitet Parady Pulaskiego\u201d. Przyznam, \u017ce by\u0142o to najbardziej \u017cenuj\u0105ce \u017c\u0105danie, jakie kiedykolwiek otrzyma\u0142em w sprawie wyst\u0119pu jakiegokolwiek zespo\u0142u. I chyba tylko my, jako nacja potrafimy powiedzie\u0107 arty\u015bcie: \u201emo\u017cesz wyst\u0105pi\u0107, je\u015bli zrobisz to za darmo\u201d. Kiedy wys\u0142a\u0142em to do ch\u00f3ru, nie by\u0142em pewien, jaka b\u0119dzie jego odpowied\u017a. Odpowiedzieli <\/span><em><strong><span style=\"color: black; font-family: Verdana\">\u201eOK, przecie\u017c i tak jeste\u015bmy w Nowym Jorku, mamy sw\u00f3j honor; skoro ju\u017c prosili\u015bmy, aby tam wyst\u0105pi\u0107, to zaakceptujemy wyst\u0119p bez finansowej rekompensaty.\u201d <\/span><\/strong><\/em><span style=\"color: black; font-family: Verdana\">A w og\u00f3le przyjechali na zaproszenie Dy<\/span><span style=\"color: black; font-family: Verdana\">rektor<\/span><span style=\"color: black; font-family: Verdana\">a Kongresu Polonii Ameryka\u0144skiej d\/s Polski, Pana Ludwika Wn\u0119kowicza. Ch\u00f3r Maria\u0144ski zdecydowa\u0142 si\u0119 te\u017c na udzia\u0142 w paradnym marszu. Mieli\u015bmy tu mocn\u0105 symbioz\u0119 mi\u0119dzy moj\u0105 szko\u0142\u0105 \u201eMusic Education Center\u201d, moim ch\u00f3rem \u201ePaderewski Festival Chorus\u201d, kt\u00f3rych nazwy by\u0142y uwidocznione na pi\u0119ciometrowej d\u0142ugo\u015bci transparentach, a krakowskim ch\u00f3rem w\u0142a\u015bnie. Ot\u00f3\u017c ch\u00f3rzy\u015bci, wesp\u00f3\u0142 z nami rozdawali poczt\u00f3wki informuj\u0105ce o koncercie w Carnegie Hall, a od czasu, do czasu wesp\u00f3\u0142 w zesp\u00f3\u0142 \u015bpiewali\u015bmy \u201eKuku\u0142eczk\u0119\u201d, \u201eSz\u0142a dzieweczka\u201d, itp.\u00a0 Gdy zbli\u017cyli\u015bmy si\u0119 do \u201etrybuny honorowej\u201d s\u0142ysza\u0142em, jak w megafonach \u201elecia\u0142a\u201d informacja o ch\u00f3rze z Karkowa. M\u00f3j transparent, szed\u0142 tu\u017c za Ch\u00f3rem Maria\u0144skim i dziwnym zbiegiem okoliczno\u015bci, gdy mija\u0142em z moj\u0105 \u201edelegacj\u0105\u201d trybuny, damski g\u0142os w megafonach zamilk\u0142. Nie powiedziano ani s\u0142owa. By\u0142 to m\u00f3j pierwszy udzia\u0142 w Paradzie Pu\u0142askiego z delegacj\u0105 mojego ch\u00f3ru i mojej szko\u0142y. Do niedawna maszerowa\u0142em, jako Dyrygent Generalny Zwi\u0105zku \u015apiewak\u00f3w Polskich w Ameryce i Kanadzie. Ca\u0142kiem prywatnie by\u0142o w\u0142a\u015bnie teraz, po raz pierwszy, z czystego poczucia przynale\u017cno\u015bci do nowojorskiej Polonii. Niestety, organizatorzy albo nie zezwolili na przeczytanie trzech zda\u0144 na temat mojej szko\u0142y i tylu\u017c samo na temat ch\u00f3ru, albo zignorowali nowo-pokazuj\u0105c\u0105 si\u0119 grup\u0119. A tak nawo\u0142uj\u0105 do udzia\u0142u. Szko\u0142a uczy polskie dzieci i g\u0142\u00f3wnie straramy si\u0119 do nich m\u00f3wi\u0107 po polsku. Ch\u00f3r \u015bpiewa przede wszystkim polskie pie\u015bni, a ponadto trzykrotnie, jako jedyny polonijny ch\u00f3r wyst\u0105pi\u0142 w g\u0142\u00f3wnej sali Carnegie Hall. Nie us\u0142ysza\u0142em \u201eprzepraszam\u201d; nie us\u0142ysza\u0142em, \u017ce niepotrzebnie przekaza\u0142em \u017c\u0105dan\u0105 informacj\u0119, co do kt\u00f3rej zastrzegano, \u017ce nie mo\u017ce by\u0107 d\u0142u\u017csza, ni\u017c trzy-cztery zdania. No, trudno. Tyle, \u017ce \u201emoi\u201d ludzie do\u015b\u0107 dziwnie na mnie patrzyli; najpierw ch\u00f3r z Krakowa taszczy\u0142 dla mnie transparent, kt\u00f3rego projekt i wykonanie zam\u00f3wi\u0142em podczas pobytu w Polsce, potem namawia\u0142em ch\u00f3rzyst\u00f3w i uczni\u00f3w do marszu po 5-ej Alei, a na koniec okaza\u0142o si\u0119, \u017ce nie mo\u017cna by\u0142o przeczyta\u0107 sze\u015bciu zda\u0144 na temat istniej\u0105cej ju\u017c 17 lat polskiej szko\u0142y muzycznej na Greenpoincie, ani te\u017c na temat ch\u00f3ru, kt\u00f3ry w Dzie\u0144 Niepodleg\u0142o\u015bci, 11 listopada, ubieg\u0142ego roku wzruszy\u0142 kilkutysi\u0119czn\u0105 widowni\u0119 w Katedrze \u015aw. Patryka. Przez sekund\u0119 mign\u0105\u0142 mi przed oczyma g\u0142upkowato usmiechaj\u0105cy si\u0119 prezes Komitetu Parady Pu\u0142askiego, kt\u00f3ry p\u0119dzi\u0142 w stron\u0119 prowizorycznego \u201estudia\u201d-czego\u015b w rodzaju namiotu), w kt\u00f3rym czytano informacje o defiluj\u0105cych grupach. W\u0142a\u015bnie zako\u0144czono informacj\u0119 o Ch\u00f3rze Maria\u0144skim, &#8211; kolej by\u0142a na nas. W tym momencie prezes dobieg\u0142 do \u201estudia\u201d po przeciwnej stronie trybun. Nie wiem czemu zwr\u00f3ci\u0142em si\u0119 do jednego z ch\u00f3rzyst\u00f3w, ktory ni\u00f3s\u0142 transparent (Polonia m\u00f3wi \u201e<\/span><em><span style=\"color: black; font-family: Verdana\">banner\u201d) <\/span><\/em><span style=\"color: black; font-family: Verdana\">i powiedzia\u0142em: <\/span><em><span style=\"color: black; font-family: Verdana\">\u201echyba nie b\u0119dzie informacji o nas\u201d<\/span><\/em><span style=\"color: black; font-family: Verdana\">. \u00a0-To by\u0142oby swi\u0144stwo &#8211; zdyskontowa\u0142 m\u00f3j przyjaciel. Jako\u017c cisza, kt\u00f3ra zapad\u0142a w megafonach trwa\u0142a przez ca\u0142y nasz marsz wzd\u0142u\u017c\u00a0 trybuny, po czym kobiecy g\u0142os oznajmi\u0142, \u017ce do trybuny zbli\u017ca si\u0119 delegacja Zwi\u0105zku \u015apiewak\u00f3w Polskich. Jest takie powiedzenie: nie spodziewaj si\u0119 szacunku od innych, je\u015bli nie szanujesz siebie. Co\u015b w tym jest. W tym roku w paradzie Genera\u0142a Pu\u0142askiego nie by\u0142o ani jednego z urz\u0119duj\u0105cych politykow nowojorskich. Gdzie te czasy, gdy szed\u0142 w niej Edward Koch, George Pataki, Rudy Gulliani, a i Michael Bloomberg nie pogardzi\u0142, &#8211; nie licz\u0105c tych wszystkich kontroler\u00f3w, kongresman\u00f3w (pa\u0144 i pan\u00f3w). Tym razem nie przyszed\u0142 nikt z \u201ewa\u017cnych\u201d. <\/span><span style=\"color: black; font-family: Verdana\">Po<\/span><span style=\"color: black; font-family: Verdana\"> paradzie przejecha\u0142em ulicami Greenpointu, &#8211; najbardziej polskiej dzielnicy Metropolii w jednym tylko celu: jakie, patriotyczne akcenty i w jakich instytucjach podkre\u015blaj\u0105 polski dzie\u0144 w Nowym Jorku? Efekt wr\u0119cz powalaj\u0105cy: Jad\u0105c od zachodu <\/span><span style=\"color: black; font-family: Verdana\">Manhattan Ave.<\/span><span style=\"color: black; font-family: Verdana\"> w stron\u0119 <\/span><span style=\"color: black; font-family: Verdana\">Nassau Ave.<\/span><span style=\"color: black; font-family: Verdana\">\u00a0 dostrzeg\u0142em niewielkiego, bia\u0142ego orze\u0142ka w czerwonym kole na drzwiach Krystyna\u2019s Restaurant. Potem d\u0142ugo, d\u0142ugo nic i polskie flagi wystawione\u00a0 w witrynie i nad drzwiami Megapol Music. Niewa\u017cne, \u017ce marketingowo, wr\u0119cz \u015bwietnie, \u017ce sprzedaje si\u0119 tam polskie akcesoria. <\/span><span style=\"color: black; font-family: Verdana\">W Manhattanie<\/span><span style=\"color: black; font-family: Verdana\">, tu\u017c prze parad\u0105 kupi\u0142em naszyjnik z bia\u0142o-czerwonych koralik\u00f3w zako\u0144czony gwizdkiem od\u2026Portorykanki. Moja kole\u017canka kupi\u0142a od innej kapelusz. Portorykanie wyczuli polski biznes\u2026 Skr\u0119ci\u0142em w lewo i jad\u0105c na p\u00f3\u0142noc <\/span><span style=\"color: black; font-family: Verdana\">Nassau Ave.<\/span><span style=\"color: black; font-family: Verdana\"> dostrzeg\u0142em minaturki polskich flag i orze\u0142ka w Adam\u2019s Deli. Do ko\u0144ca <\/span><span style=\"color: black; font-family: Verdana\">Nassau<\/span><span style=\"color: black; font-family: Verdana\"> ju\u017c \u017cadnego polskiego akcentu. Zawr\u00f3ci\u0142em i pojecha\u0142em pod tzw. Polski Dom Narodowy, czyli Klub Warsaw w\/g ostatnio przyj\u0119tej nomenklatury. Jak sama nazwa stanowi &#8211; ani \u015bladu po polskiej fladze; A po drodze, <\/span><span style=\"color: black; font-family: Verdana\">na Driggs Ave.<\/span><span style=\"color: black; font-family: Verdana\"> zanotowa\u0142em flagi w dw\u00f3ch oknach restauracji Kormoran. Zjecha\u0142em wi\u0119c pod Polsko-S\u0142owia\u0144sk\u0105 Federaln\u0105 Uni\u0119 Kredytow\u0105 przy McGuinnes Bullevard. Z pomieszania w nazwie, (polsko-s\u0142owia\u0144ska, federalna) najwi\u0119kszy bankowy budynek na Greenpoincie nie zosta\u0142 przyozdobiony ani polsk\u0105, ani federaln\u0105, czyli ameryka\u0144sk\u0105 flag\u0105. No, to jad\u0119 dalej. Oddzia\u0142 przy <\/span><span style=\"color: black; font-family: Verdana\">Greenpoint Ave<\/span><span style=\"color: black; font-family: Verdana\"> &#8211; nie ma flagi; Oddzia\u0142 przy <\/span><span style=\"color: black; font-family: Verdana\">Kent Street<\/span><span style=\"color: black; font-family: Verdana\"> &#8211; nie ma flagi &#8211; ani na oddziale bankowym, ani na budynku sali koncertowej Centrum Polsko-S\u0142owia\u0144skiego. Skr\u0119cam w Java Street, podje\u017cd\u017cam z drugiej strony pod CPS &#8211; niestety, tu te\u017c nie ma flagi. Nie ma nawet miejsca na flag\u0119. A tak niewiele trzeba: rurka na p\u0142askowniku przytwierdzona do metalowej framugi. Jad\u0119 dalej: Polonez Terrace &#8211; dom przyj\u0119\u0107; bez flagi; nast\u0119pny dom przyj\u0119\u0107: Princess Manor &#8211; bez flagi. <\/span><span style=\"color: black; font-family: Verdana\">Wzd\u0142u\u017c Manhattan Ave<\/span><span style=\"color: black; font-family: Verdana\"> i <\/span><span style=\"color: black; font-family: Verdana\">Nassau Ave.<\/span><span style=\"color: black; font-family: Verdana\">, opr\u00f3cz wspomnianych sklep\u00f3w ani jednej flagi. I pomy\u015ble\u0107, \u017ce na Bronxie przej\u015bcia dla pieszych maj\u0105 barwy w\u0142oskiej flagi. Tymczasem nasza m\u0142odzie\u017c (ta przeklinana, g\u0142o\u015bna, rozwydrzona) maszeruje rado\u015bnie po ulicach w bia\u0142o-czerwonych strojach; w okna samochod\u00f3w\u00a0wetkni\u0119te polskie flagi; niekt\u00f3rzy rozpostarli j\u0105 na maskach samochod\u00f3w. <\/span><span style=\"color: black; font-family: Verdana\">W Manhattanie<\/span><span style=\"color: black; font-family: Verdana\"> spotykam Murzyna, tego samego, z kt\u00f3rym w ubieg\u0142ym roku robi\u0142em sobie zdj\u0119cia. Jak wtedy twarz i w\u0142osy mia\u0142 wymalowane w po\u0142owie na bia\u0142o, w po\u0142owie na czerwono; czerwona koszulka, bia\u0142e spodnie. M\u00f3wi\u0119 mu, \u015bciskaj\u0105c jego prawic\u0119: \u201epami\u0119tam ci\u0119 z zesz\u0142ego roku\u201d, a on z autentycznymi \u0142zami w oczach, \u0142ami\u0105cym si\u0119 g\u0142osem odpowiada: \u201enie m\u00f3g\u0142bym opu\u015bci\u0107 tej parady\u201d. Jak go nie kocha\u0107? Dlaczego w katedrze nie by\u0142o najmniejszej nawet broszury po\u015bwi\u0119conej Genera\u0142owi Pu\u0142askiemu? Katedra nie ma nic przeciwko rozdawaniu tego typu \u201egad\u017cet\u00f3w\u201d. Pierwsza niedziela pa\u017adziernika powinna by\u0107 lekcj\u0105 historii dla Amerykan\u00f3w i dla Polonus\u00f3w po r\u00f3wno, bo obie te nacje bardzo niewiele wiedz\u0105 o tytu\u0142owym bohaterze. Na d\u0142ugo przed Parad\u0105 stacje telewizyjne winny by\u0107 powiadamiane z podkre\u015bleniem liczby Polak\u00f3w zamieszkuj\u0105cych terytorium Metropolii, a ich przedstawiciele zaproszeni na owo \u015bniadanie, czy bankiet. <\/span><span style=\"color: black; font-family: Verdana\">Biografia Pu\u0142askiego winna by\u0107 drukowana (nawet, je\u015bli zaistnia\u0142aby taka konieczno\u015b\u0107, jako p\u0142atny materia\u0142) w dziennikach ameryka\u0144skich, skoro sta\u0107 nasz bank na ponad 300 tysi\u0119cy dolar\u00f3w na niepewnej przysz\u0142o\u015bci katedr\u0119 j. polskiego przy Columbia University, 20 tysi\u0119cy na kolonie, tylko dlatego, \u017ce dzieci dwojga \u201edy<\/span><span style=\"color: black; font-family: Verdana\">rektor<\/span><span style=\"color: black; font-family: Verdana\">ek\u201d\u00a0bior\u0105 w tych koloniach udzia\u0142, to powinno by\u0107 go sta\u0107 na pokrycie takiego materia\u0142u. <\/span><span style=\"color: black; font-family: Verdana\">No tak, ale kto to ma wymy\u015bla\u0107? Towarzystwo wzajemnej adoracji? Dziwne \u017ce biznesmeni, w tym kupcy, prawnicy i inni przedsi\u0119biorcy zasiadaj\u0105cy w komitecie nie potrafi\u0105 tego sprzeda\u0107. Rok, po roku marnujemy szanse na pokazanie naszej obecno\u015bci w Nowym Jorku i Metropolii w og\u00f3le. I rok po roku topimy to we w\u0142asnym sosie. Nawet telewizja w Polsce nie pokaza\u0142a Parady. A sprawdza\u0142em i w Tele Expresie i w Wiadomo\u015bciach. W Nowym Jorku tylko stacja NY1 da\u0142a kr\u00f3tk\u0105 migawk\u0119. A kiedy\u015b szed\u0142em tu\u017c przed Cor\u0105 Ann Michalik z Fax News i w\u0142a\u015bnie przy okazji Parady j\u0105 pozna\u0142em, a kamery strzela\u0142y w polityk\u00f3w i polskich \u201emarsza\u0142k\u00f3w\u201d. Chyba trzeba zapyta\u0107: Ej, Komitet, what is wrong with you? My\u015bl\u0119, tak na marginiesie, \u017ce te funkcje w polonijnych organizacjach maj\u0105 chyba zbyt d\u0142ugie kadencje. Mo\u017ce by si\u0119 zastanowi\u0107 i wpisa\u0107 w statuty: dwie kadencje po dwa lata to maksimum. Podstawowo jedna i koniec. Za du\u017co tych prezes\u00f3w-frazes\u00f3w, kt\u00f3rzy nami\u0119tnie bior\u0105 funkcje w kilku organizacjach, a dzia\u0142ania, jak nie by\u0142o, tak nie ma, bo jak ma by\u0107, &#8211; przecie\u017c to nie s\u0105 alfy-omegi-geniusze &#8211; ledwo nad\u0105\u017caj\u0105 z zebrania na zebranie. Nie czarujmy si\u0119; gdyby w paradzie mia\u0142 wzi\u0105\u0107 udzia\u0142 tylko Komitet Organizacyjny, to parady by nie by\u0142o. Jest to wysi\u0142ek przede wszystkim tych, kt\u00f3rzy w niej maszeruj\u0105. Gdyby zostali w domach\u2026? To\u017c to to samo, co gdyby polscy emigranci nie wp\u0142acali pieni\u0119dzy do Unii &#8211; tej Polsko-S\u0142owia\u0144sko-Federalnej\u2026 Za\u0142atwienie spraw administracyjno-technicznych przy Paradzie, po tak wielu latach jest po prostu schematem, a i tak najbrudniejsz\u0105 robot\u0119 wykonuj\u0105 urz\u0119dnicy miejscy i policja. Bankiet, msza \u015bw. i \u015bniadanie to te\u017c schematy ju\u017c dawno utarte i te\u017c administracja i obs\u0142uga techniczna Katedry, czy te\u017c hotelu maj\u0105 du\u017co wi\u0119cej do zrobienia, ni\u017c Komitet. A polska msza \u015bw.? Nie uwierz\u0119, \u017ce Katedra si\u0119 nie zgodzi\u0142a. A czy kto\u015b im przypomnia\u0142, \u017ce to mo\u017ce by\u0107 kilka tysi\u0119cy ludzi? A ile to forsy na tacy? Zatem mo\u017cna by oczekiwa\u0107, \u017ce Komitet zrobi nieco wi\u0119cej, gdy idzie o sprzedanie tego dnia w mass mediach. No, to czekajmy. A swoj\u0105 drog\u0105 to spodziewa\u0142em si\u0119, \u017ce Katedra b\u0119dzie wype\u0142niona po brzegi. Nie by\u0142a. Dopiero pod koniec wype\u0142nili ja tury\u015bci i wierni na nast\u0119pn\u0105 msz\u0119. Mam sporo refleksji na temat Katedry, jako obiektu sakralno-turystycznego. Ale o tym mo\u017ce przy innej okazji. A co do Parady, to moje przes\u0142anie do Komitetu jest: we\u017acie si\u0119 Panowie do roboty. To miasto nie \u017cartuje, &#8211; je\u015bli nie wejd\u0105 w to Amerykanie zw\u0142aszcza ci z establishmentu, to Nowy Jork zabierze nam t\u0119 Parad\u0119. A nie zabierze, je\u015bli b\u0119dzie wiedzia\u0142 kim dla Ameryki i jej obywateli by\u0142 Genera\u0142 Kazimierz Pu\u0142aski.<\/span><span style=\"font-family: Verdana\"><\/span><\/p>\n","protected":false},"excerpt":{"rendered":"<p>Tak si\u0119 tu m\u00f3wi, &#8211; kompletnie nielogicznie: \u201eid\u0119 na parad\u0119 Pu\u0142askiego\u201d. Tymczasem paraduje Polonia &#8211; i to od dziesi\u0119cioleci tak samo. Pu\u0142aski le\u017cy w grobie, gdzie\u015b pod Savannah, w stanie Georgia i pewnie w tym roku wyj\u0105tkowo przekr\u0119ca\u0142 si\u0119 w mogile na widok ubogiej w przedstawicieli ameryka\u0144skich oficjeli parad\u0119 ku swojej czci . Od lat [&hellip;]<\/p>\n","protected":false},"author":2,"featured_media":0,"comment_status":"open","ping_status":"open","sticky":false,"template":"","format":"standard","meta":[],"categories":[3],"tags":[],"_links":{"self":[{"href":"https:\/\/sporek.com\/blog\/index.php?rest_route=\/wp\/v2\/posts\/101"}],"collection":[{"href":"https:\/\/sporek.com\/blog\/index.php?rest_route=\/wp\/v2\/posts"}],"about":[{"href":"https:\/\/sporek.com\/blog\/index.php?rest_route=\/wp\/v2\/types\/post"}],"author":[{"embeddable":true,"href":"https:\/\/sporek.com\/blog\/index.php?rest_route=\/wp\/v2\/users\/2"}],"replies":[{"embeddable":true,"href":"https:\/\/sporek.com\/blog\/index.php?rest_route=%2Fwp%2Fv2%2Fcomments&post=101"}],"version-history":[{"count":0,"href":"https:\/\/sporek.com\/blog\/index.php?rest_route=\/wp\/v2\/posts\/101\/revisions"}],"wp:attachment":[{"href":"https:\/\/sporek.com\/blog\/index.php?rest_route=%2Fwp%2Fv2%2Fmedia&parent=101"}],"wp:term":[{"taxonomy":"category","embeddable":true,"href":"https:\/\/sporek.com\/blog\/index.php?rest_route=%2Fwp%2Fv2%2Fcategories&post=101"},{"taxonomy":"post_tag","embeddable":true,"href":"https:\/\/sporek.com\/blog\/index.php?rest_route=%2Fwp%2Fv2%2Ftags&post=101"}],"curies":[{"name":"wp","href":"https:\/\/api.w.org\/{rel}","templated":true}]}}