{"id":107,"date":"2008-11-15T05:03:48","date_gmt":"2008-11-15T09:03:48","guid":{"rendered":"http:\/\/sporek.com\/blog\/?p=107"},"modified":"2008-11-20T17:15:28","modified_gmt":"2008-11-20T21:15:28","slug":"halka-carnegie-i-polonijne-media","status":"publish","type":"post","link":"https:\/\/sporek.com\/blog\/?p=107","title":{"rendered":"Halka, Carnegie i polonijne media"},"content":{"rendered":"<p goog_docs_charIndex=\"1\">W\u0142a\u015bciwie to nie mia\u0142em plan\u00f3w, aby pisa\u0107 ten artyku\u0142, ale sta\u0142o si\u0119 co\u015b, co przynios\u0142o mi, jako producentowi tego koncertu spor\u0105 satysfakcj\u0119 z jednej, a smutne refleksje z drugiej strony. Zostawi\u0119 to na koniec.<!--more--><\/p>\n<p goog_docs_charIndex=\"1\">Zawsze zastanawia\u0142o mnie, jak to si\u0119 dzieje, \u017ce Andrzej Go\u0142ota najcz\u0119\u015bciej bywa na pierwszej stronie takich gazet, jak Nowy Dziennik, nie wspominaj\u0105c o Super Expressie. Kilka dni temu, szczyc\u0105cy si\u0119 mianem najbardziej opiniotw\u00f3rczego (taki polonijny New York Time&#8217;s), Nowy Dziennik zamie\u015bci\u0142 zdj\u0119cie na p\u00f3\u0142 strony, le\u017c\u0105cego na macie ringu osi\u0142ka o nieprzytomnych oczach, a w tek\u015bcie na reszt\u0119 strony informacja, \u017ce na owych &#8222;deskach ringu&#8221; znalaz\u0142 si\u0119 ju\u017c w trzeciej sekundzie pierwszej rundy, a do drugiej nie wyszed\u0142. Nie czyta\u0142em dalej, konkluduj\u0105c, \u017ce po prostu nawia\u0142, jak w walce z Tysonem. Pani zza lady skomentowa\u0142a, \u017ce dzisiaj jeszcze nikt tego (tu wskaza\u0142a na gazet\u0119) nie kupi\u0142, &#8211; jako\u015b ludzie nie interesuj\u0105 si\u0119 le\u017c\u0105cym bokserem-za\u015bmia\u0142a si\u0119 serdecznie, acz z ironi\u0105. Nowy Dziennik idzie w \u015blady tabloid\u00f3w i &#8222;ku pokrzepieniu serc&#8221; rodak\u00f3w wali w oczy zdj\u0119ciem pokonanego w trzeciej sekundzie niedosz\u0142ego mistrza \u015bwiata. Nigdy nie dostali si\u0119 na pierwsz\u0105 stron\u0119 tej &#8222;ekskluzywnej&#8221; gazety tacy arty\u015bci, jak Piotr Paleczny, J\u00f3zef Stompel, Beata Bili\u0144ska, Jacek Zganiacz, Anna Kostrzy\u0144ska, Mariusz Kwiecie\u0144, Piotr Becza\u0142a, Ewa Podle\u015b, Jadwiga Rappe, Adam Zdunikowski. Prawie wszyscy wyst\u0119powali w moich koncertach. Nie maj\u0105 \u015bladu, \u017ce polonijna prasa by\u0142a nimi zainteresowana, a\u017c tak wielce.<\/p>\n<p goog_docs_charIndex=\"1\">W ostatnim czasie mieli\u015bmy seri\u0119 pt: &#8222;Spacer z Da\u0144cem po Greenpoincie&#8221;, &#8222;Andrzej Go\u0142ota w {jakiej\u015b tam} restauracji&#8221;. Niedawno &#8222;Pudzianowski rozdaje autografy na ulicach Greenpointu&#8221;.<\/p>\n<p goog_docs_charIndex=\"1\">Mia\u0142bym to wszystko w nosie, ale zadzwoni\u0142 kto\u015b z widz\u00f3w i powiedzia\u0142 mniej wi\u0119cej: Panie Januszu, czy pan widzia\u0142 notatk\u0119 w Nowym Dzienniku? My\u015bla\u0142em, \u017ce mnie szlag trafi. Jedna dziesi\u0105ta strony &#8211; malutkie zdj\u0119cie i jeszcze mniejszy tekst, a na ca\u0142ej reszcie strony o g\u00f3wnach z oczyszczalni \u015bciek\u00f3w na Greenpoincie. (adres, nazwisko, telefon, numer ko\u0142nierzyka, numer but\u00f3w zainteresowanego kulltur\u0105 &#8222;donosiciela&#8221; s\u0105 u mnie.) I tak rzeczywi\u015bcie by\u0142o; ma\u0142e zdj\u0119cie z Carnegie, kr\u00f3ciutki tekst, a nad tym g\u00f3rowa\u0142o dok\u0142adnie na p\u00f3\u0142 strony zdj\u0119cie kloaki miejskiej (o dziwnie kosmicznej architekturze i d\u0142uga rozprawa na temat &#8222;co te\u017c za dziwny d\u017awi\u0119k wydobywa si\u0119 z tego\u017c kultowego miejsca?&#8221; Ot\u00f3\u017c, wyja\u015bniam:<\/p>\n<p goog_docs_charIndex=\"1\">Na trzy tygodnie przed koncertem &#8222;Halka w Carnegie Hall&#8221; wys\u0142a\u0142em do Nowego Dziennika obszern\u0105 informacj\u0119, potem rozmawia\u0142em z naczelnym, sk\u0105din\u0105d moim znajomym. Artyku\u0142 o koncercie ukaza\u0142 si\u0119 g\u0142\u0119boko wewn\u0105trz numeru na&#8230;dwa dni przed koncertem. Naczelny dosta\u0142 ode mnie dwa bilety, powiedzia\u0142, \u017ce jestem cudowny i&#8230;nie przyszed\u0142. Nie wys\u0142a\u0142 te\u017c nikogo, kto m\u00f3g\u0142by o polskich, znakomitych artystach cokolwiek napisa\u0107, &#8211; niechby mieli w swoich \u017cyciorysach, to przecie\u017c pomaga w ich karierach. Dy\u017curny krytyk, tego\u017c samego pisma, dok\u0142adnie na miesi\u0105c przed koncertem s\u0142ysza\u0142 Ann\u0119 Kostrzy\u0144sk\u0105, gdy \u015bpiewa\u0142a w ko\u015bciele, na \u015blubie polsko-ameryka\u0144skiej pary. Powiedzia\u0142 mi zaraz potem: &#8222;Wiesz, ta Kostrzy\u0144ska ca\u0142kiem dobrze brzmi&#8221;. Zapraszam ci\u0119 zatem na koncert-zaproponowa\u0142em. B\u0119dziesz potrzebowa\u0142 bilety? Nie, &#8211; odpar\u0142. Sk\u0105din\u0105d wiem, \u017ce ma wej\u015bcie, jako krytyk, wi\u0119c nie rozwija\u0142em tematu. B\u0119dziesz? &#8211; zapyta\u0142em, szukaj\u0105c potwierdzenia. Tak, &#8211; zapewni\u0142. Ale&#8230;nie przyszed\u0142.<\/p>\n<p goog_docs_charIndex=\"1\">Rachunek za reklamy w Nowym Dzienniku przyszed\u0142 bardzo punktualnie, zaraz po koncercie, a dwa dni potem ukaza\u0142a si\u0119 wspomniana wy\u017cej, kr\u00f3ciutka notka, z ma\u0142ym zdj\u0119ciem, kt\u00f3ra, jak przysta\u0142o na kronikarskie pismo informowa\u0142a, \u017ce odby\u0142 si\u0119 taki koncert, a udzia\u0142 w nim wzi\u0119li tacy i tacy arty\u015bci. Sta\u0142o si\u0119 tak dlatego tylko, \u017ce fotografik, kt\u00f3ry &#8222;obs\u0142ugiwa\u0142&#8221; koncert wys\u0142a\u0142 kilka zdj\u0119\u0107 do redakcji, wi\u0119c c\u00f3\u017c szkodzi odfajkowa\u0107, \u017ce co\u015b tam si\u0119 dzia\u0142o polskiego w Carnegie. Po\u015bwi\u0119cono na to rzeczywi\u015bcie kilkana\u015bcie centymetr\u00f3w kwadratowych. \u017beby by\u0142o \u015bmiesznie, w dzisiejszym, weekendowym numerze na pierwszej stronie bije tytu\u0142 o &#8222;Polonijnym kabaretonie&#8221; (no, ale jednym z kabareciarzy jest przecie\u017c dziennikarz tam\u017ce pracuj\u0105cy&#8230;)<\/p>\n<p goog_docs_charIndex=\"1\">Nie wys\u0142a\u0142 r\u00f3wnie\u017c nikogo m\u00f3j ulubiony Kurier Plus, cho\u0107 dosta\u0142 cztery bilety. Nie wiem co o tym mysle\u0107. Jestem Kurierowi ogromnie wdzi\u0119czny za opublikowanie obszernego wywiadu, rozpocz\u0119tego na pierwszej stronie tego ca\u0142kowicie nie-tabloidowego tygodnika. Tylko szkoda&#8230;no, trudno. Po prostu jestem rozczarowany w imieniu artyst\u00f3w. Mnie na tym nie zale\u017cy,- znam swoj\u0105 warto\u015b\u0107 i mam to w g\u0142\u0119boko w tylnej kieszeni, czy pisz\u0105 o moich koncertach, czy nie. \u017bal mi artyst\u00f3w, bo w nowojorskiej d\u017cungli takie sprawy, jak recenzje s\u0105 dla nich olbrzymi\u0105 warto\u015bci\u0105.<\/p>\n<p goog_docs_charIndex=\"1\">Dzi\u0119kuj\u0119 Dwutygodnikowi Polonijnemu za zamieszczenie kompletnie darmowej reklamy i oddelegowanie dziennikarki, oraz za artyku\u0142 z dwoma, kolorowymi zdj\u0119ciami.<\/p>\n<p goog_docs_charIndex=\"1\">Dzi\u0119kuj\u0119 telewizji US Polsat, za reklamy po wielce dyskantowych cenach i oddelegowanie kamerzysty, oraz za trzyminutow\u0105, dozwolon\u0105 w ramach praw autorskich Carnegie Hall migawk\u0119 na antenie,\u00a0 po koncercie. Ponadto dzi\u0119kuj\u0119 najserdeczniej, w imieniu artyst\u00f3w za przygotowanie dla nich filmik\u00f3w z koncertu, co bed\u0105 mieli na wieczn\u0105 rzeczy pami\u0105tk\u0119.<\/p>\n<p goog_docs_charIndex=\"1\">Dzi\u0119kuj\u0119 Panu Wojciechowi Kubikowi za znakomite zdj\u0119cia, z kt\u00f3rych ciesz\u0105 si\u0119 najbardziej -kto?- oczywi\u015bcie Arty\u015bci.<\/p>\n<p goog_docs_charIndex=\"1\">Zatem: je\u015bli jest wola &#8211; jest i wykonanie.<\/p>\n<p goog_docs_charIndex=\"1\">A teraz ciekawostka zapowiedziana na pocz\u0105tku:<\/p>\n<p goog_docs_charIndex=\"1\">Ekskluzywny kwartalnik muzyczny &#8222;The New York Concert Review&#8221; (Nowojorski przegl\u0105d koncertowy) poinformowa\u0142 mnie, \u017ce recenzja z koncertu uka\u017ce si\u0119 w ostatnim numerze bie\u017c\u0105cego roku.<\/p>\n<p goog_docs_charIndex=\"1\">Jak m\u00f3wi\u0105 staro\u017cytni Rosjanie: no comments.<\/p>\n","protected":false},"excerpt":{"rendered":"<p>W\u0142a\u015bciwie to nie mia\u0142em plan\u00f3w, aby pisa\u0107 ten artyku\u0142, ale sta\u0142o si\u0119 co\u015b, co przynios\u0142o mi, jako producentowi tego koncertu spor\u0105 satysfakcj\u0119 z jednej, a smutne refleksje z drugiej strony. Zostawi\u0119 to na koniec.<\/p>\n","protected":false},"author":2,"featured_media":0,"comment_status":"open","ping_status":"open","sticky":false,"template":"","format":"standard","meta":[],"categories":[3],"tags":[],"_links":{"self":[{"href":"https:\/\/sporek.com\/blog\/index.php?rest_route=\/wp\/v2\/posts\/107"}],"collection":[{"href":"https:\/\/sporek.com\/blog\/index.php?rest_route=\/wp\/v2\/posts"}],"about":[{"href":"https:\/\/sporek.com\/blog\/index.php?rest_route=\/wp\/v2\/types\/post"}],"author":[{"embeddable":true,"href":"https:\/\/sporek.com\/blog\/index.php?rest_route=\/wp\/v2\/users\/2"}],"replies":[{"embeddable":true,"href":"https:\/\/sporek.com\/blog\/index.php?rest_route=%2Fwp%2Fv2%2Fcomments&post=107"}],"version-history":[{"count":0,"href":"https:\/\/sporek.com\/blog\/index.php?rest_route=\/wp\/v2\/posts\/107\/revisions"}],"wp:attachment":[{"href":"https:\/\/sporek.com\/blog\/index.php?rest_route=%2Fwp%2Fv2%2Fmedia&parent=107"}],"wp:term":[{"taxonomy":"category","embeddable":true,"href":"https:\/\/sporek.com\/blog\/index.php?rest_route=%2Fwp%2Fv2%2Fcategories&post=107"},{"taxonomy":"post_tag","embeddable":true,"href":"https:\/\/sporek.com\/blog\/index.php?rest_route=%2Fwp%2Fv2%2Ftags&post=107"}],"curies":[{"name":"wp","href":"https:\/\/api.w.org\/{rel}","templated":true}]}}