{"id":11,"date":"2007-04-09T09:54:37","date_gmt":"2007-04-09T13:54:37","guid":{"rendered":"http:\/\/sporek.com\/blog\/?p=11"},"modified":"2009-06-18T17:34:56","modified_gmt":"2009-06-18T21:34:56","slug":"unia-nad-przepascia-obojetnosci-czyli%e2%80%a6","status":"publish","type":"post","link":"https:\/\/sporek.com\/blog\/?p=11","title":{"rendered":"Unia nad przepa\u015bci\u0105 oboj\u0119tno\u015bci, czyli\u2026"},"content":{"rendered":"<p><strong><em>&#8230; czy nast\u0119pne Walne Zebranie mo\u017ce si\u0119 odby\u0107 np. w&#8230;Los Angeles?<\/em><\/strong><\/p>\n<p>Zapyta\u0142em dziesi\u0119ciu moich znajomych, czy wybieraj\u0105 si\u0119 na Walne Zebranie Unii Kredytowej do Clark, w New Jersey? Siedmioro odpowiedzia\u0142o \u201enie interesuje mnie to,- pieni\u0105dze trzymam w ameryka\u0144skim banku\u201d; dwoje, \u017ce nie pojad\u0105, bo nie maj\u0105 ochoty sp\u0119dzi\u0107 niedzielnego popo\u0142udnia w samochodzie, a pomi\u0119dzy podr\u00f3\u017c\u0105 na \u201dwyg\u0142upach zarz\u0105dc\u00f3w\u201d Unii; jeden swkitowa\u0142 bardzo dosadnie: \u201emam t\u0119 Rad\u0119 tam, gdzie hydraulik Jasiu radzi\u0142 klientowi poca\u0142owa\u0107 pana majstra w d&#8230;\u201d<!--more--><\/p>\n<p>Siedmioro, a wi\u0119c siedemdziesi\u0105t procent ma do najwi\u0119kszego polskiego banku na emigracji stosunek kompletnie oboj\u0119tny i, aby nie psu\u0107 sobie nerw\u00f3w przenios\u0142o swoje wk\u0142ady do bank\u00f3w ameryka\u0144skich. I my\u015bl\u0119, \u017ce poza wszystkimi kompromituj\u0105cymi dzia\u0142aniami kolejnych rad dyrektor\u00f3w, ta w\u0142a\u015bnie oboj\u0119tno\u015b\u0107 jest najwi\u0119ksz\u0105 pora\u017ck\u0105 i najwi\u0119ksz\u0105 kompromitacj\u0105 \u201ezarz\u0105dc\u00f3w\u201d naszego banku. Kt\u00f3ry\u015b z moich adwersa\u017cy nazwa\u0142 decyzj\u0119 o zorganizowaniu walnego zebrania w Clark \u201ehalucynacj\u0105 pijanego debila\u201d, a ja my\u015bl\u0119, \u017ce by\u0142a to dok\u0142adnie przemy\u015blana, na zimno i trze\u017awo decyzja tej cz\u0119\u015bci cwanych cz\u0142onk\u00f3w rady, kt\u00f3ra jeszcze ma wi\u0119kszo\u015b\u0107 decyzyjn\u0105, i kt\u00f3ra okrutnie boi si\u0119 krytyki, boi si\u0119 trudnych pyta\u0144, boi si\u0119 pyta\u0144 o prawd\u0119. A prawda (cho\u0107by tylko w tym jednym aspekcie, o kt\u00f3rym poni\u017cej) jest taka, \u017ce b\u0142\u0119dy rady dyrektor\u00f3w coraz bardziej uderzaj\u0105 w kiesze\u0144 Cz\u0142onk\u00f3w. Oto z grona \u201eradc\u00f3w-dyrektor\u00f3w\u201d usuni\u0119to p. Marcina Sara. Jak ka\u017cdy czuj\u0105cy si\u0119 \u201enies\u0142usznie usuni\u0119tym\u201d, (choroba zaka\u017ana wzi\u0119ta od polityk\u00f3w polskiej lewicy),\u00a0 pozwa\u0142 on rad\u0119 do s\u0105du. S\u0105dy, to ju\u017c normalka w uk\u0142adach polonijnych. Co wi\u0119cej jednak,- Pan Sar pozwa\u0142 rad\u0119 w dwojaki spos\u00f3b: jako gremium rz\u0105dz\u0105ce Uni\u0105 i jako indywidualne persony, kt\u00f3re wi\u0119kszo\u015bci\u0105 g\u0142os\u00f3w wyrzuci\u0142y go ze swojego dostojnego grona. A co to oznacza? Oznacza to, w\/g zapis\u00f3w prawnych, \u017ce koszty proces\u00f3w indywidualnych Dyrektor\u00f3w pokrywane b\u0119d\u0105 z zasob\u00f3w dolarowych banku, czyli z oszcz\u0119dno\u015bci cz\u0142onk\u00f3w. A to ju\u017c jest poni\u017cej pasa, bo nikt si\u0119 Cz\u0142onk\u00f3w o to nie pyta &#8211; Cz\u0142onk\u00f3w si\u0119\u00a0 i g n o r u j e, nie podaj\u0105c tej informacji publicznie. To jest na pewno jedno z tych pyta\u0144, kt\u00f3rych \u201eradcy-dyrektorzy&#8221; us\u0142ysze\u0107 nie chc\u0105. W Clark nie ma nawet filli, \u017cadnego punktu naszej Unii. Fundacja w Clark po prostu dostaje cz\u0119\u015b\u0107 sk\u0142adek cz\u0142onkowskich, ale nie prowadzi \u017cadnego z program\u00f3w dla Polonii, kt\u00f3re istniej\u0105 w Centrum Polsko-S\u0142owia\u0144skim na Greenpoincie.\u00a0 Sens robienia walnego zebrania w tej miejscowo\u015bci jest dok\u0142adnie taki sam, jak w\u0142a\u015bnie przerzucanie tam cz\u0142onkowskich sk\u0142adek. Tego zagrania przeciwko Centrum Polsko-S\u0142owia\u0144skiemu dokona\u0142 inny \u201ewielki dzia\u0142acz\u201d polonijny, Mark Zawisny. B\u0119dzie za to paradowa\u0142 po V-ej Alei, jako Wielki Marsza\u0142ek Parady Pu\u0142askiego. Dobi\u0107 Centrum, czyli zniweczy\u0107 prac\u0119 dla Polonii &#8211; to by\u0142o has\u0142o, za kt\u00f3re dostaje si\u0119 marsza\u0142owsk\u0105 szarf\u0119 i zostaje si\u0119 zas(\u0142)uszonym dzia\u0142aczem polonijnym. Jak wi\u0119c powiedzia\u0142em Clark nie ma nic wsp\u00f3lnego z Uni\u0105, opr\u00f3cz otrzymywania od niej cz\u0142onkowskich sk\u0142adek. Zwo\u0142ywanie zebrania w\u0142a\u015bnie tam jest ucieczk\u0105 tch\u00f3rzy przed twardymi pytaniami Cz\u0142onk\u00f3w. Rada liczy na oboj\u0119tno\u015b\u0107, na niewygody podr\u00f3\u017cy, na nieznajomo\u015b\u0107\u00a0 trasy itp. Liczy, bo chce przeprowadzi\u0107 zebranie wed\u0142ug w\u0142asnych \u017cycze\u0144. Po przemy\u015bleniu i zastanowieniu si\u0119 nad wszystkimi kandydaturami na wakuj\u0105ce miejsca w radzie Dyrektor\u00f3w podj\u0105\u0142em decyzj\u0119: b\u0119d\u0119 g\u0142osowa\u0142 na Janusza J\u00f3\u017awiaka, Andrzeja Kami\u0144skiego i Marzen\u0119 Wierzbowsk\u0105. Argument jest prosty: dyrektorzy si\u0119 ich boj\u0105. A je\u015bli si\u0119 boj\u0105, to znaczy, \u017ce oni (Kami\u0144ski,J\u00f3\u017awiak, Wierzbowska) prawdopodobnie chc\u0105 lepiej ni\u017c ci, kt\u00f3rzy robi\u0105 wyjazdowe walne zebranie 50 mil od siedziby naszego banku. A to mi wystarczy, aby mie\u0107 wol\u0119 g\u0142osowania w\u0142a\u015bnie na tych dw\u00f3ch kandydat\u00f3w.<\/p>\n","protected":false},"excerpt":{"rendered":"<p>&#8230; czy nast\u0119pne Walne Zebranie mo\u017ce si\u0119 odby\u0107 np. w&#8230;Los Angeles? Zapyta\u0142em dziesi\u0119ciu moich znajomych, czy wybieraj\u0105 si\u0119 na Walne Zebranie Unii Kredytowej do Clark, w New Jersey? Siedmioro odpowiedzia\u0142o \u201enie interesuje mnie to,- pieni\u0105dze trzymam w ameryka\u0144skim banku\u201d; dwoje, \u017ce nie pojad\u0105, bo nie maj\u0105 ochoty sp\u0119dzi\u0107 niedzielnego popo\u0142udnia w samochodzie, a pomi\u0119dzy podr\u00f3\u017c\u0105 [&hellip;]<\/p>\n","protected":false},"author":2,"featured_media":0,"comment_status":"open","ping_status":"open","sticky":false,"template":"","format":"standard","meta":[],"categories":[3],"tags":[],"_links":{"self":[{"href":"https:\/\/sporek.com\/blog\/index.php?rest_route=\/wp\/v2\/posts\/11"}],"collection":[{"href":"https:\/\/sporek.com\/blog\/index.php?rest_route=\/wp\/v2\/posts"}],"about":[{"href":"https:\/\/sporek.com\/blog\/index.php?rest_route=\/wp\/v2\/types\/post"}],"author":[{"embeddable":true,"href":"https:\/\/sporek.com\/blog\/index.php?rest_route=\/wp\/v2\/users\/2"}],"replies":[{"embeddable":true,"href":"https:\/\/sporek.com\/blog\/index.php?rest_route=%2Fwp%2Fv2%2Fcomments&post=11"}],"version-history":[{"count":0,"href":"https:\/\/sporek.com\/blog\/index.php?rest_route=\/wp\/v2\/posts\/11\/revisions"}],"wp:attachment":[{"href":"https:\/\/sporek.com\/blog\/index.php?rest_route=%2Fwp%2Fv2%2Fmedia&parent=11"}],"wp:term":[{"taxonomy":"category","embeddable":true,"href":"https:\/\/sporek.com\/blog\/index.php?rest_route=%2Fwp%2Fv2%2Fcategories&post=11"},{"taxonomy":"post_tag","embeddable":true,"href":"https:\/\/sporek.com\/blog\/index.php?rest_route=%2Fwp%2Fv2%2Ftags&post=11"}],"curies":[{"name":"wp","href":"https:\/\/api.w.org\/{rel}","templated":true}]}}