{"id":110,"date":"2008-11-26T14:15:31","date_gmt":"2008-11-26T18:15:31","guid":{"rendered":"http:\/\/sporek.com\/blog\/?p=110"},"modified":"2008-11-26T14:32:20","modified_gmt":"2008-11-26T18:32:20","slug":"i-po-co-nam-byla-ta-wolnosc","status":"publish","type":"post","link":"https:\/\/sporek.com\/blog\/?p=110","title":{"rendered":"I po co nam by\u0142a ta wolno\u015b\u0107?"},"content":{"rendered":"<p><span goog_docs_charIndex=\"6039\" style=\"font-family: Verdana\"><span goog_docs_charIndex=\"6040\" style=\"font-family: Verdana\"><span goog_docs_charIndex=\"6041\" style=\"font-family: Verdana\"><span goog_docs_charIndex=\"6042\" style=\"font-family: Verdana\"><\/span><\/span><\/span><\/span><span goog_docs_charIndex=\"6039\" style=\"font-family: Verdana\"><span goog_docs_charIndex=\"6040\" style=\"font-family: Verdana\"><span goog_docs_charIndex=\"6041\" style=\"font-family: Verdana\"><span goog_docs_charIndex=\"6042\" style=\"font-family: Verdana\"><\/span><\/span><\/span><\/span><span goog_docs_charIndex=\"6039\" style=\"font-family: Verdana\"><span goog_docs_charIndex=\"6040\" style=\"font-family: Verdana\"><span goog_docs_charIndex=\"6041\" style=\"font-family: Verdana\"><span goog_docs_charIndex=\"6042\" style=\"font-family: Verdana\"><font goog_docs_charIndex=\"6554\"><\/p>\n<p goog_docs_charIndex=\"37\"><span goog_docs_charIndex=\"38\" style=\"font-family: Verdana\"><font goog_docs_charIndex=\"39\">W niedziel\u0119, 23 listopada wybra\u0142em si\u0119 do Centrum Polsko-S\u0142owia\u0144skiego (Greenpoint) na\u00a0spotkanie z ksi\u0119dzem Tadeuszem Isakowiczem-Zaleskim. Sala wype\u0142niona. Wra\u017cenie niesamowite. Relacje Ksi\u0119dza s\u0105 wstrz\u0105saj\u0105ce. W duchu czuj\u0119 rado\u015b<span goog_docs_charIndex=\"271\" style=\"font-family: Verdana\">\u0107, \u017ce jest kto\u015b, kto te wszystkie k\u0142amstwa jakimi nas karmiono,\u00a0wreszcie obna\u017ca; kto\u015b, kto zadaje sobie trud, by \u015bledzi<span goog_docs_charIndex=\"391\" style=\"font-family: Verdana\">\u0107 i bada<span goog_docs_charIndex=\"400\" style=\"font-family: Verdana\">\u0107 dokumenty. <!--more-->K\u0142amstwa, kt\u00f3re wtedy, gdy mieli\u015bmy po kilkna\u015bcie lat\u00a0sta\u0142y w nieprawdopodobnie ra\u017c\u0105cej sprzeczno\u015bci<\/span><\/span>\u00a0z tym, co m\u00f3wili nam rodzice, co mo\u017cna by\u0142o, nie bez ryzyka przeczyta<span goog_docs_charIndex=\"586\" style=\"font-family: Verdana\">\u0107 w podziemnych wydawnictwach.<\/span>\u00a0<\/span>Oczywi\u015bcie kupi\u0142em jego najnowsz\u0105 ksi\u0105\u017ck\u0119 &#8222;Przemilczane ludob\u00f3jstwo na Kresach&#8221;.<\/font><\/span><\/p>\n<p goog_docs_charIndex=\"704\"><span goog_docs_charIndex=\"705\" style=\"font-family: Verdana\"><font goog_docs_charIndex=\"706\">Dzi\u015b, we \u015brod\u0119, 26 listopada ogl\u0105da\u0142em Ksi\u0119dza Tadeusza w programie &#8222;<em goog_docs_charIndex=\"776\">Kwadrans po \u00f3smej<\/em>&#8221; -TV Polonia (mam subskrybcj\u0119\u00a0internetow\u0105). Program prowadzi\u0142a Justyna Dobrosz, a jej go\u015b<span goog_docs_charIndex=\"885\" style=\"font-family: Verdana\">\u0107mi w warszawskim studio byli: ksi\u0105dz J\u00f3zef Kloch &#8211; Rzecznik Konferencji Episkopatu Polski, oraz Tomasz Terlikowski &#8211; publicysta. W studio w Krakowie za\u015b ksi\u0105dz Tadeusz Isakowicz-Zaleski. Z dysputy dowiedzia\u0142em si\u0119, \u017ce sprawa dotycz\u0105ca bpa \u017byci\u0144skiego by\u0142a zg\u0142oszona do Kardyna\u0142a Dziwisza ju\u017c dwa lata temu. Niestety bez reakcji. W zamian, ks. Isakowicz sta\u0142 sie obiektem s\u0142ownych napa\u015bci \u015brodowisk ko\u015bcielnych i nie tylko. Bardzo zreszt\u0105 niewybrednych. Podobno, gdy Karol Wojty\u0142a zosta\u0142 wybrany Papie\u017cem zwr\u00f3ci\u0142 si\u0119 do obecnego tam swojego skretarza, Stanis\u0142awa Dziwisza i ze swoim, znanym na ca\u0142ym \u015bwiecie poczuciem humoru zapyta\u0142: &#8222;Stachu, czy ty si\u0119 nie dziwisz?&#8221; Teraz wszyscy si\u0119 dziwi\u0105.\u00a0Wed\u0142ug bada\u0144 opinii publicznej przeprowadzonych przez &#8222;Niedziel\u0119&#8221;, (kt\u00f3ra nigdy nie by\u0142a prolustracyjna) 80%-osiemdziesi\u0105t procent polskich katolik\u00f3w chce ujawnienia tych informacji<span goog_docs_charIndex=\"1761\" style=\"font-family: Verdana\">. I jest to niezwykle logiczne. Nie b\u0119d\u0119 ju\u017c nudzi\u0142 o niedoleczonym z\u0119bie, o nieprzeci\u0119tym wrzodzie. Wed\u0142ug ksi\u0119dza Klocha Episkopat zrobi\u0142 to, co by\u0142o do zrobienia: przekaza\u0142 raport do Watykanu. I nikt nie potrafi okre\u015bli<span goog_docs_charIndex=\"1984\" style=\"font-family: Verdana\">\u0107, jak d\u0142ugo trzeba b\u0119dzie czeka<span goog_docs_charIndex=\"2017\" style=\"font-family: Verdana\">\u0107<\/span> na reakcj\u0119 Stolicy Piotrowej. Zar\u00f3wno ks. Isakowicz, jak i red. Terlecki wykazali niezbicie, \u017ce s\u0105 conajmniej niejasno\u015bci, ale i sporo sprzeczno\u015bci\u00a0w wypowiedziach bpa \u017byci\u0144skiego, wi\u0119c takie hurrra pot\u0119pianie ks. Zalewskiego nie bardzo ma tu jakiekolwiek pokrycie, natomiast obrona biskupa jest ju\u017c spraw\u0105 tak naci\u0105gan\u0105, \u017ce w penym momencie poczu\u0142em obrzydzenie po wypowiedzi ks. Klocha. Podpar\u0142 si\u0119 on swoj\u0105 intelektualn\u0105 pozycj\u0105 filozofa i jako filozof waln\u0105\u0142 tak, \u017ce prawdopodobnie nawet dziecko z przedszkola tak by sprawy nie postawi\u0142o. Ot\u00f3\u017c Rzecznik Konferencji Episkopatu Polski, nie maj\u0105c kompletnie argument\u00f3w, opr\u00f3cz damagogicznych slogan\u00f3w zada\u0142 pytanie: <em goog_docs_charIndex=\"2688\">&#8222;Ksi\u0119\u017ce Tadeuszu, mam do ksi\u0119dza ogromny szacunek, ale co by ksi\u0105dz zrobi\u0142, gdyby to ksi\u0119dza ojca zosta\u0142 w ten sam spos\u00f3b osrkar\u017cony, jak arcybiskup \u017byci\u0144ski, to znaczy &#8211; znalaz\u0142by sie zapis na ojca ksi\u0119dza \u017ce by\u0142 TW i nie mozna w \u017caden spos\u00f3b udowodni<\/em><span goog_docs_charIndex=\"2942\" style=\"font-family: Verdana\"><font goog_docs_charIndex=\"2943\">\u0107, &#8211; <\/font><em goog_docs_charIndex=\"2950\">nie ma dokument\u00f3w &#8211; \u017ce<\/em><font goog_docs_charIndex=\"2974\"> <\/font><em goog_docs_charIndex=\"2977\">jest niewinny<\/em><\/span><em goog_docs_charIndex=\"2993\">? Co ksi\u0105dz by zrobi\u0142? Ksi\u0105dz, kt\u00f3rego twarz pami\u0119tamy koszmarnie pobit\u0105 przez SB i ci sami, kt\u00f3rzy bili ksi\u0119dza te dokumenty tworzyli? Co by ksi\u0105dz zrobi\u0142, gdyby ksi\u0119dza tata by\u0142 tak oskar\u017cony?\u00a0&#8222;<\/em>. <\/span><\/span><\/span><\/font><\/span><\/p>\n<p goog_docs_charIndex=\"3199\"><font goog_docs_charIndex=\"3200\"><span goog_docs_charIndex=\"3201\" style=\"font-family: Verdana\"><span goog_docs_charIndex=\"3202\" style=\"font-family: Verdana\"><span goog_docs_charIndex=\"3203\" style=\"font-family: Verdana\"><span goog_docs_charIndex=\"3204\" style=\"font-family: Verdana\">Trudno o wi\u0119ksz\u0105 demagogi\u0119, ale te\u017c trudno o bardziej prymitywn\u0105 obron\u0119 bpa \u017byci\u0144skiego.\u00a0Wstawka o<span goog_docs_charIndex=\"3303\" style=\"font-family: Verdana\">\u00a0zmaltretowanej twarz ks. Isakowicza <\/span><\/span><\/span><\/span><\/span>po przes\u0142uchaniach w &#8222;bespiece&#8221;, niestety\u00a0podkre\u015bla jeszcze demagodi\u0119 ks. Klocha. Terlecki zgani\u0142 Rzecznika, nazywaj\u0105c pytanie demagogi\u0105 w\u0142a\u015bnie, ks. Isakowicz spokojnie wyja\u015bnia\u0142 sw\u00f3j punkt widzenia, Justyna Dobrosz wyda\u0142a si\u0119 by<span goog_docs_charIndex=\"3570\" style=\"font-family: Verdana\"><font goog_docs_charIndex=\"3571\">\u0107 mocno za\u017cenowana. Ja natomiast czeka\u0142em, czy ks. Isakowicz odpowie pytaniem jeszcze g\u0142upszym. (Moja Mamusia zawsze m\u00f3wi\u0142a: taka odpowied\u017a, jakie pytanie).\u00a0Bo ja bym, zapyta\u0142:\u00a0A czy biskup \u017byci\u0144ski jest ojcem ksi\u0119dza Rzecznika? Isakowicz ma swoj\u0105 klas\u0119, &#8211; stwierdzi\u0142 tylko, \u017ce jest to niezwykle ostre, oraz wspomnia\u0142 o po\u015ble Ryszardzie Terleckim, do niedawna dyrektorze jednego z oddzia\u0142\u00f3w IPN, kt\u00f3ry opublikowa\u0142 teczk\u0119 swojego ojca, Olgierda Terleckiego, pisarza, w\u0142a\u015bnie dlatego, \u017ce jako syn uwa\u017ca\u0142, i\u017c powinien to zrobi<\/font><span goog_docs_charIndex=\"4095\" style=\"font-family: Verdana\"><font goog_docs_charIndex=\"4096\">\u0107<\/font><\/span><font goog_docs_charIndex=\"4100\">, bo wcze\u015bniej, czy p\u00f3\u017aniej zrobi\u0142by to kto\u015b inny.\u00a0\u00a0\u00a0\u00a0\u00a0<\/font><\/span><\/font><\/p>\n<p goog_docs_charIndex=\"4161\"><span goog_docs_charIndex=\"4162\" style=\"font-family: Verdana\"><\/span><font goog_docs_charIndex=\"4163\">Oto efekty &#8222;grubej kreski&#8221; Mazowieckiego &#8211; europos\u0142a, autorytetu moralnego, politycznego i B\u00f3g jeszcze raczy wiedzie<span goog_docs_charIndex=\"4280\" style=\"font-family: Verdana\">\u0107, jakiego. Oto efekty &#8222;Nocnej zmiany&#8221; &#8211; zamachu na rz\u0105d Olszewskiego dokonanego przez Wa\u0142\u0119s\u0119 z towarzyszeniem Donalda Tuska, Mazowieckiego w\u0142a\u015bnie, Pawlaka i innych z tej\u017ce ferajny.<\/span><\/font><\/p>\n<p goog_docs_charIndex=\"4467\"><font goog_docs_charIndex=\"4468\"><span goog_docs_charIndex=\"4469\" style=\"font-family: Verdana\">Gdyby ks. Rzecznik przeczyta\u0142 cho<span goog_docs_charIndex=\"4503\" style=\"font-family: Verdana\">\u0107 kilkana\u015bcie stron &#8222;Przemilczanego ludob\u00f3jstwa na Kresach&#8221;, wstrzyma\u0142by si\u0119 od swoich idiotycznych wypowiedzi. Ale &#8222;oni&#8221; nie czytaj\u0105 Isakowicza. My\u015bl\u0119, \u017ce jedn\u0105 z przyczyn jest to, \u017ce trzeba by wtedy przyzna<span goog_docs_charIndex=\"4712\" style=\"font-family: Verdana\">\u0107 mu racj\u0119, \u017ce szpera, docieka, bada i podaje do wiadomo\u015bci.\u00a0<\/span><\/span><\/span>Je\u015bli IPN udowodni, \u017ce ostatni z bastion\u00f3w przeciw-komunistyczno-radzieckich, jakim by\u0142 Genera\u0142 Sikorski zosta\u0142 istotnie zamordowany, to mam pytanie, czy spo\u0142ecze\u0144stwo poprze te wstr\u0119tne nagonki na Instytut Pami\u0119ci Narodowej? Czy wesprze moralnie, duchowo niezale\u017cnego historyka, dr. Cenckiewicza?<br goog_docs_charIndex=\"5074\" \/>Czy my nie mamy ju\u017c do\u015b<span goog_docs_charIndex=\"5098\" style=\"font-family: Verdana\"><font goog_docs_charIndex=\"5099\">\u0107 tych narzucanych nam &#8222;tajemnic&#8221;? Czy nie jest nam wstyd, \u017ce heroiczni bohaterowie Powstania Warszawskiego doczekali si\u0119 swojego muzeum po grubo wi\u0119cej, ni\u017c pi\u0119<\/font><span goog_docs_charIndex=\"5262\" style=\"font-family: Verdana\"><font goog_docs_charIndex=\"5263\">\u0107dziesi\u0119ciu latach? Czy wstydem b\u0119dzie zlikwidowanie pomnika gen. Berlinga sprzed warszawskiego mostu? Ten facet mia\u0142 wyrok \u015bmierci wydany przez gen. Andersa. Razem z Armi\u0105 zd-Radzieck\u0105 czeka\u0142 na prawym brzegu Wis\u0142y, a\u017c wykrwawi si\u0119 stolica. Nie usprawiedliwia go nieudolna przeprawa w chwili, gdy w\u0142a\u015bciwie nie by\u0142o ju\u017c po co. A mo\u017ce w ramach poprawno\u015bci politycznej uznajmy, jak w anegdocie ks. Tadeusza, \u017ce pod Grunwaldem pobili\u015bmy&#8230;Mongo\u0142\u00f3w, a nie Niemc\u00f3w?<\/font><\/span><\/span><\/font><\/p>\n<p goog_docs_charIndex=\"5730\"><span goog_docs_charIndex=\"5731\" style=\"font-family: Verdana\"><span goog_docs_charIndex=\"5732\" style=\"font-family: Verdana\"><font goog_docs_charIndex=\"5733\">I dziwi mnie bardzo postawa Prezydenta Kaczy\u0144skiego, \u017ce\u00a0nie wzi\u0105\u0142 udzia\u0142u w <span goog_docs_charIndex=\"5812\" style=\"font-family: Verdana\"><font goog_docs_charIndex=\"5813\">uroczysto\u015bciach upami\u0119tniaj\u0105cych Wo\u0142y\u0144skie Ludob\u00f3jstwo.<\/font><\/span><\/font><\/span><\/span><\/p>\n<p goog_docs_charIndex=\"5876\"><span goog_docs_charIndex=\"5877\" style=\"font-family: Verdana\"><span goog_docs_charIndex=\"5878\" style=\"font-family: Verdana\"><span goog_docs_charIndex=\"5879\" style=\"font-family: Verdana\"><font goog_docs_charIndex=\"5880\">Wolno\u015b<span goog_docs_charIndex=\"5887\" style=\"font-family: Verdana\"><font goog_docs_charIndex=\"5888\">\u0107 potrzebna nam by\u0142a do wolnego przeinaczania fakt\u00f3w, do swobodnego interpretowania historii, do siania demagogii i wolnego fakt\u00f3w ukrywania. <\/font><\/span><\/font><\/span><\/span><\/span><\/p>\n<p><span goog_docs_charIndex=\"6039\" style=\"font-family: Verdana\"><span goog_docs_charIndex=\"6040\" style=\"font-family: Verdana\"><span goog_docs_charIndex=\"6041\" style=\"font-family: Verdana\"><span goog_docs_charIndex=\"6042\" style=\"font-family: Verdana\"><font goog_docs_charIndex=\"6043\">Ksi\u0105dz Isakowicz jest laureatem Orderu \u015aw. Jerzego, przyznawan\u0105 za walk\u0119 ze z\u0142em. Poniewa\u017c w gronie odznaczonych tym\u017ce orderem jest m. inn. taki bojownik ze z\u0142em, jak Adam Michnik, ksi\u0105dz Isakowicz w ostatnim czasie zwr\u00f3ci\u0142 rzeczony order. I s\u0142usznie, tylko czy kto\u015b wyci\u0105gnie z tego wnioski?<\/font><font goog_docs_charIndex=\"6337\"> <\/font><\/span><\/span><\/span><\/span><span goog_docs_charIndex=\"6039\" style=\"font-family: Verdana\"><span goog_docs_charIndex=\"6040\" style=\"font-family: Verdana\"><span goog_docs_charIndex=\"6041\" style=\"font-family: Verdana\"><span goog_docs_charIndex=\"6042\" style=\"font-family: Verdana\"><\/span><\/span><\/span><\/span><span goog_docs_charIndex=\"6039\" style=\"font-family: Verdana\"><span goog_docs_charIndex=\"6040\" style=\"font-family: Verdana\"><span goog_docs_charIndex=\"6041\" style=\"font-family: Verdana\"><span goog_docs_charIndex=\"6042\" style=\"font-family: Verdana\"><\/p>\n<p goog_docs_charIndex=\"6340\"><span goog_docs_charIndex=\"6341\" style=\"font-family: Verdana\"><span goog_docs_charIndex=\"6342\" style=\"font-family: Verdana\"><span goog_docs_charIndex=\"6343\" style=\"font-family: Verdana\"><span goog_docs_charIndex=\"6344\" style=\"font-family: Verdana\"><font goog_docs_charIndex=\"6345\"><strong goog_docs_charIndex=\"6346\">&#8222;Mia\u0142e\u015b chamie z\u0142oty r\u00f3g&#8221;<\/strong> &#8211; niczego nie uczymy si\u0119 od naszych wieszcz\u00f3w. Idziemy, jak \u015blepe\u00a0stado za obiecan\u0105 kie\u0142bask\u0105, u\u015bmiechem (cynicznym), mi\u0142o\u015bci\u0105 (fa\u0142szyw\u0105, przedwyborcz\u0105). Daj Bo\u017ce zdrowie.<\/font><\/span><\/span><\/span><\/span><\/p>\n<p><\/span><\/span><\/span><\/span><\/font><\/span><\/span><\/span><\/span><\/p>\n","protected":false},"excerpt":{"rendered":"<p>W niedziel\u0119, 23 listopada wybra\u0142em si\u0119 do Centrum Polsko-S\u0142owia\u0144skiego (Greenpoint) na\u00a0spotkanie z ksi\u0119dzem Tadeuszem Isakowiczem-Zaleskim. Sala wype\u0142niona. Wra\u017cenie niesamowite. Relacje Ksi\u0119dza s\u0105 wstrz\u0105saj\u0105ce. W duchu czuj\u0119 rado\u015b\u0107, \u017ce jest kto\u015b, kto te wszystkie k\u0142amstwa jakimi nas karmiono,\u00a0wreszcie obna\u017ca; kto\u015b, kto zadaje sobie trud, by \u015bledzi\u0107 i bada\u0107 dokumenty.<\/p>\n","protected":false},"author":2,"featured_media":0,"comment_status":"open","ping_status":"open","sticky":false,"template":"","format":"standard","meta":[],"categories":[1],"tags":[],"_links":{"self":[{"href":"https:\/\/sporek.com\/blog\/index.php?rest_route=\/wp\/v2\/posts\/110"}],"collection":[{"href":"https:\/\/sporek.com\/blog\/index.php?rest_route=\/wp\/v2\/posts"}],"about":[{"href":"https:\/\/sporek.com\/blog\/index.php?rest_route=\/wp\/v2\/types\/post"}],"author":[{"embeddable":true,"href":"https:\/\/sporek.com\/blog\/index.php?rest_route=\/wp\/v2\/users\/2"}],"replies":[{"embeddable":true,"href":"https:\/\/sporek.com\/blog\/index.php?rest_route=%2Fwp%2Fv2%2Fcomments&post=110"}],"version-history":[{"count":0,"href":"https:\/\/sporek.com\/blog\/index.php?rest_route=\/wp\/v2\/posts\/110\/revisions"}],"wp:attachment":[{"href":"https:\/\/sporek.com\/blog\/index.php?rest_route=%2Fwp%2Fv2%2Fmedia&parent=110"}],"wp:term":[{"taxonomy":"category","embeddable":true,"href":"https:\/\/sporek.com\/blog\/index.php?rest_route=%2Fwp%2Fv2%2Fcategories&post=110"},{"taxonomy":"post_tag","embeddable":true,"href":"https:\/\/sporek.com\/blog\/index.php?rest_route=%2Fwp%2Fv2%2Ftags&post=110"}],"curies":[{"name":"wp","href":"https:\/\/api.w.org\/{rel}","templated":true}]}}