{"id":113,"date":"2008-12-06T01:06:32","date_gmt":"2008-12-06T05:06:32","guid":{"rendered":"http:\/\/sporek.com\/blog\/?p=113"},"modified":"2008-12-09T01:07:21","modified_gmt":"2008-12-09T05:07:21","slug":"mosci-zaglobo-czcigodny","status":"publish","type":"post","link":"https:\/\/sporek.com\/blog\/?p=113","title":{"rendered":"Mo\u015bci Zag\u0142obo Czcigodny,"},"content":{"rendered":"<p>M\u00f3j ty przyjacielu najdro\u017cszy, &#8211; za list obszerny z serca Waszmo\u015bci dzi\u0119kuj\u0119 i\u00a0z rych\u0142\u0105 odpowiedzi\u0105 spiesz\u0119. S\u0142usznie\u015b Wa\u015b\u0107 mniema\u0142, \u017ce mog\u0142em si\u0119 wzruszy\u0107, ali\u015bci jeszcze s\u0142uszniej, \u017cem si\u0119 ze\u017ali\u0107 m\u00f3g\u0142, wie\u015bci te czytaj\u0105c. O Im\u0107 Komorowskim to ja jeno ma\u0142\u0105 parafrazyj\u0119 zrobi\u0119, \u017ce <em><strong>taki Sejm Rzeczypospolitej, jaki jego marsza\u0142ek.<\/strong><\/em> <!--more-->To\u017c to go\u0142ym okiem st\u0105d wida\u0107, \u017ce o narodzie oni ani my\u015bl\u0105, a jeno prywatne wojny mi\u0119dzy partyjami rogrywaj\u0105. Nie masz, Mo\u015bci Onufry honoru, ni charakteru przystojno\u015bci po\u015br\u00f3d pos\u0142\u00f3w naszych. Co jeden g\u0142o\u015bniej gada\u0107 chce, a plecie androny. Chi\u0144skie to przys\u0142owie m\u00f3wi, <strong goog_docs_charIndex=\"599\">&#8222;jak chcesz g\u00f3r\u0119 obaczy\u0107, musisz si\u0119 od niej oddali\u0107&#8221;, <\/strong>to i zza Wielkiej Wody wida\u0107, jak na d\u0142oni, \u017ce posp\u00f3lstwo w pos\u0142y posz\u0142o i szlacht\u0119 udaje.<\/p>\n<p goog_docs_charIndex=\"744\">Nie masz ju\u017c w\u0142adc\u00f3w polskich, co by si\u0142\u0119, honor, roztropno\u015b\u0107, a mi\u0142o\u015b\u0107 do Ojczyzny\u00a0\u00a0nade wszystko od swoich przodk\u00f3w za wz\u00f3r brali.\u00a0Skundli\u0142a sie w\u0142adza i basta. Co jeden, to\u00a0w\u017cdy o mamonie rozprawia. Nie wiedz\u0105 ju\u017c nawet, jak si\u0119 pisze &#8222;honor&#8221;, ale pchaj\u0105 do w\u0142adzy co si\u0142 w cherlawych piersiach. M\u0119drc\u00f3w udaj\u0105, a s\u0142oma z cholew na p\u00f3\u0142 metra sterczy i strasznie chamstwem ostatnio w naszym Sejmie zalecia\u0142o, a czu\u0107, jakby\u015b obor\u0119 na o\u015bcierz rozwar\u0142.<\/p>\n<p goog_docs_charIndex=\"1195\">Ty mi, Mo\u015bci Zag\u0142obo\u00a0o sprawach z Ojczyzny, a ja Ci gar\u015b\u0107 o tym, co tu si\u0119 z naszymi robi opowiem, bom setnie rozsierdzony, w\u0105s mi lata i co chwila na moj\u0105 szabelk\u0119, co wisi na rozpostartym kilimie, na \u015bcianie patrz\u0119,\u00a0a r\u0119ka mnie tak \u015bwierzbi, \u017ce wytrzyma\u0107 nie mog\u0119. Wystaw sobie Waszmo\u015b\u0107 Onufry,\u00a0\u017ce ten poga\u0144ski nar\u00f3d naszych obywateli, co im si\u0119 krewnych na ameryka\u0144skiej ziemi zachcia\u0142o zwizytowa\u0107 i \u015awi\u0119ta Narodzenia Bo\u017cego wsp\u00f3lnie, po rodzinnemu i po Bo\u017cemu celebrowa\u0107, w XXI wieku w kajdany zakuwa. Gdyby\u017c to jeszcze jakich osi\u0142k\u00f3w do Podbipi\u0119ty podobnych tak si\u0119 bali, ale -uwa\u017casz Waszmo\u015b\u0107 &#8211; Kobiety, co siedemdziesi\u0105t i wi\u0119cej wiosen prze\u017cy\u0142y w dyby zakuwaj\u0105! Idziesz Wa\u015b\u0107 na tak\u0105 wyobra\u017ani\u0119? Nie dalej, jak siedem dni do ty\u0142u ca\u0142\u0105 noc trzymali staruszki na betonowych \u0142awkach, w kajdanach, niczym zb\u00f3j\u00f3w jakich, terroryst\u00f3w zamazanych, bez jedzenia i picia, przebiera\u0107 im sie kazali do najintymniejszej bielizny i w siermi\u0119gi wi\u0119zienne, niczym te, co na Juranda ze Spychowa krzy\u017cackie bestie wdzia\u0142y, kazali si\u0119 poprzebiera\u0107, a rano wywlekli na lotnisko i do kraju odes\u0142ali, jak skaza\u0144c\u00f3w. Dufam, \u017ce Genera\u0142y Ko\u015bciuszko i Pu\u0142aski jak\u0105\u015b decyzyj\u0119 na g\u00f3rze podejm\u0105, ale najpierw zapytam: gdzie jest pierwszy minister polskiego rz\u0105du, \u017ceby tutejszemu prezydentowi nosa utrze\u0107? Niechby tak kogo z naszych potraktowali za Jagie\u0142\u0142y, albo Jana Kazimierza, naszego kochanego; dowiedzia\u0142by si\u0119, jak to z Polsk\u0105 na krzywe mordy i\u015b\u0107. A gdzie ten lalusiowaty minister od zagranicznych spraw? Obiadki gotowa\u0107 dla niemieckiego przyjaciela tylko potrafi? Ju\u017c tu by\u0107 powinienen, najpierw not\u0119 ostr\u0105 wysy\u0142aj\u0105c. Nie, Mo\u015bci Zag\u0142obo, &#8211; oni narodowi o wizach do Hameryki w oczy piaskiem sypi\u0105, a jak trzeba naszych broni\u0107 &#8211; nie ma komu.<\/p>\n<p goog_docs_charIndex=\"2675\">Do dzi\u015b si\u0119 tu \u015bmiej\u0105, \u017ce Kwa\u015bniewski na kolanach przez ocean przedrepta\u0142, \u017ceby przed obliczem Busha pa\u015b\u0107, a tak mia\u0142 je od wody rozmi\u0119kczone, \u017ce mu ta mi\u0119kko\u015b\u0107 na m\u00f3zg pad\u0142a i zamiast o s\u0142usznych dla Polski sprawach, to o ameryka\u0144skie bezpiecze\u0144stwo zabiega\u0142. Z\u0142om dzisiaj w cenie, nawet tablice z grob\u00f3w kradn\u0105, hieny cmentarne, ale Kwa\u015bniewski si\u0119 postawi\u0142 i kupi\u0142 z\u0142omu kilkaset ton od razu. Nazywaj\u0105 to F-16, a tu, M\u00f3j Luby Onufry na F zaczyna si\u0119 okrutnie nie\u0142adne s\u0142owo. To i do dzi\u015b ze wstydu nie m\u00f3wi\u0105 ile ju\u017c do tego z\u0142omu dop\u0142acili; te\u017c bym powiedza\u0142 f&#8230;ck!, ale nie chc\u0119 kl\u0105\u0107, bo \u015awi\u0119ta Panienka by mnie pokara\u0142a.<\/p>\n<p goog_docs_charIndex=\"3272\">\u017bal, \u017ce Basie\u0144ki przy mnie nie ma, bo mo\u017ce \u0142acniej by te dziwne czasy prze\u017cy\u0107 mo\u017cna by\u0142o, ale te\u017c i dobrze, \u017ce tego nie doczeka\u0142a.<\/p>\n<p goog_docs_charIndex=\"3404\">Sejm Najja\u015bniejszej Rzeczypospolitej, Kochany Panie Onufry bardziej mi jakowe\u015b przedszkole przypomina, ni\u017ali najpowa\u017cniejszy pa\u0144stwa organ w\u0142adzy. W przedszkolu tak w\u0142a\u015bnie dzieci z sob\u0105 gadaj\u0105 &#8221; <em goog_docs_charIndex=\"3601\">ty\u015b g\u0142upi -, a ty\u015b jeszcze g\u0142upszy<\/em>&#8222;. A oni, tam przy Wiejskiej: &#8222;<em goog_docs_charIndex=\"3668\">ty\u015b cham; a ty\u015b donosiciel; ty\u015b prymityw; a ty\u015b gbur&#8221;<\/em>. A gdzie nar\u00f3d w tym wszystkim? Ma\u0142o si\u0119 ju\u017c nacierpia\u0142? To m\u00f3j niepok\u00f3j budzi, Drogi Przyjacielu, \u017ce nar\u00f3d chyba rachityczny si\u0119 jaki\u015b zrobi\u0142. Co z kim chcesz pogada\u0107, to co drugi: <em goog_docs_charIndex=\"3906\">a, ja ju\u017c mam dosy\u0107, mnie to nie obchodzi<\/em>.<\/p>\n<p goog_docs_charIndex=\"3951\">Jedna Targowica by\u0142a w naszej historii, to\u015bmy o niej dzieci w szko\u0142ach uczyli przez ca\u0142e stulecia. Miarkujesz Waszmo\u015b\u0107 ile ju\u017c &#8222;Targowic&#8221; by\u0142o w ostatnich dw\u00f3ch dziesi\u0105tkach lat? I co? Ju\u017c si\u0119 im nie chce o tym rozprawia\u0107, ju\u017c m\u00f3wi\u0105: &#8222;<em goog_docs_charIndex=\"4187\">dajcie spok\u00f3j, kogo to obchodzi, czy i kt\u00f3ry donosi\u0142<\/em>&#8222;.<\/p>\n<p goog_docs_charIndex=\"4245\">Wczoraj, Mo\u015bci Zag\u0142obo, dowiedzia\u0142em si\u0119 strasznej rzeczy i to z polskiej telewizyji: \u017bo\u0142nierze, kt\u00f3rzy w 39 roku stawili czo\u0142a niemieckiej na Najja\u015bniejsz\u0105 napa\u015bci, krew przelewali, cierpieli w obozach, a potem jeszcze gorzej od &#8222;swoich&#8221; i\u00a0do dzi\u015b li\u017c\u0105 rany, &#8211; \u00a0nie maj\u0105 tych chwalebnych lat walki o Ojczyzn\u0119 wliczonych do swoich emerytur. A ci, co w komunistycznym wojsku &#8222;kariery&#8221; robili, nigdy wroga na oczy nie widz\u0105c, w b\u00f3j nie wyszli, prochu nie w\u0105chali &#8211; \u017cyj\u0105, jak p\u0105czki w ma\u015ble. Idziesz sobie Waszmo\u015bci wyobrazi\u0107, \u017ce obecni cz\u0142onkowie najwy\u017cszych w\u0142adz, w tym ten, co to\u00a0 ministrem Obrony Narodowej by\u0142 (Panie uchowaj), Szmajdzi\u0144ski i Zemke, co dzi\u015b na fotelu w tym\u017ce ministerstwie szerokim ty\u0142kiem siedzi przed kamerami oznajmili, \u017ce nie wiedzieli, jakoby taki problem istnieje. By\u0142y minister to nawet powiedzia\u0142, \u017ce &#8222;nikt si\u0119 nigdy o to nie upomnia\u0142&#8221;. Drogi Onufry &#8211; na w\u0142asne oczy widzia\u0142em i na w\u0142asne uszy s\u0142ysza\u0142em. Co si\u0119 porobi\u0142o? Biedni, zestarzeni \u017co\u0142nierze, co w\u0142asn\u0105 piersi\u0105 nar\u00f3d os\u0142aniali dzi\u015b maj\u0105 poprosi\u0107, \u017ceby im da\u0107\u00a0\u017adziebko wi\u0119cej, ni\u017c maj\u0105 na \u017cycie. Ha\u0144ba to wierutna, Mo\u015bci Zag\u0142obo i \u0142za si\u0119 w oku kr\u0119ci, jak wspomnisz ile to ziemi kr\u00f3le nasi rodzali w nagrod\u0119 za Ojczyzny obron\u0119, jak hojnie sakwy otwierali dla tych, co si\u0119 w bojach ws\u0142awili. A i sierot po bohaterach nie ostawili bez pomocy. Nie z\u0142o\u015b\u0107 si\u0119 Wasze\u0107, \u017ce\u0107 powiem, i\u017c na torsje mi\u0119 bierze, kiedy s\u0142ysz\u0119 tak\u0105 niesprawiedliwo\u015b\u0107.<\/p>\n<p goog_docs_charIndex=\"5510\">Jagie\u0142\u0142o zasiad\u0142 ze swoj\u0105 Jadwisi\u0105 w alkowie i przy\u00a0deserze decyzyj\u0119 podj\u0119li, \u017ce trzeba Krakowowi Uniwersytet ufundowa\u0107 i do dzi\u015b gmaszysko stoi b\u0119d\u0105c jednym z najznamienitszych\u00a0 w \u015bwiecie. A ci radz\u0105, m\u0119drcy \u015bwiata (jeden nawet zosta\u0142 &#8222;M\u0119drcem Europy&#8221;- Panie zn\u00f3w uchowaj od tej m\u0105dro\u015bci), czy mo\u017ce lepiej, jak sze\u015bciolat p\u00f3jdzie ju\u017c do szko\u0142y, no bo zawsze\u0107 to szybciej potem p\u00f3jdzie do roboty i na darmozjad\u00f3w b\u0119dzie emerytury wyrabia\u0142. Starcy nijakiej staro\u015bci nie maj\u0105, a pos\u0142y\u00a0deliberuj\u0105, jak\u00a0dzieciom dzieci\u0144stwo zabra\u0107, tak maluczkim dzieci\u0144stwa zazdroszcz\u0105 &#8211; pos\u0142y &#8211; psie juchy.<\/p>\n<p goog_docs_charIndex=\"6047\">Nic, jeno koniec \u015bwiata za rogiem, albo jakowe\u015b straszliwe zamieszanie, bo z tego, jak ci -po\u017cal si\u0119 Bo\u017ce &#8211; w\u0142adcy rz\u0105dz\u0105 nic\u00a0dobrego wynikn\u0105\u0107 nie poradzi.<\/p>\n<p goog_docs_charIndex=\"6201\">Trzymaj si\u0119 tam jako\u015b M\u00f3j Ukochany Druchu. Czas idzie taki, \u017ce zn\u00f3w paczki s\u0142a\u0107 b\u0119dziem i to Ci przyrzec mog\u0119, \u017ce w biedzie Ci\u0119 nie ostawi\u0119, bom Ci dozgonnie oddany, za Tw\u00f3j prawy charakter, a i to wiele\u015b dla mnie i Ba\u015bki mojej, Nieboszczki uczyni\u0142 &#8211; Panie \u015bwie\u0107 nad Jej Dusz\u0105.<\/p>\n<p goog_docs_charIndex=\"6452\">Marzy mi si\u0119 jaki zjazd naszych kamrat\u00f3w: Kmicica, Longinusa, Skrzestuskich, kochanego Jana Kazimierza i ca\u0142ej tej plejady wielkich patryjot\u00f3w z Zawisz\u0105, Sobieskim, Tymi z Batalionu Zo\u015bki, Tymi od Hubala, Rotmistrzem \u0141opia\u0144skim, Tymi z Westerplatte, Kapitanem Raginisem, \u0141otyszem, a jak oddanym polskim patryjot\u0105, moim przyjacielem -Ferdynandem Kostrzy\u0144skim-Fredem z AK\u00a0&#8211; oj, d\u0142ugo by wymienia\u0107 patryjot\u00f3w wzorce, to mo\u017ce cho\u0107 pami\u0119tajmy, \u017ce dzi\u0119ki nim \u017cyjemy. Nie mieli wp\u0142ywu na to, jak winni\u015bmy \u017cy\u0107, ale to ju\u017c sami-\u015bmy sobie do cna popsuli.<\/p>\n<p goog_docs_charIndex=\"6452\">Wida\u0107, jeno marzy\u0107 o umi\u0142owaniu Ojczyzny osta\u0142o.<\/p>\n<p goog_docs_charIndex=\"6596\">Z serca Ci\u0119 pozdrawiam, Bo\u017cej \u0141aski i B\u0142ogos\u0142awie\u0144stwa \u017cycz\u0105c,<\/p>\n<p goog_docs_charIndex=\"6596\">Tw\u00f3j do ko\u0144ca \u015bwiata Micha\u0142.<\/p>\n","protected":false},"excerpt":{"rendered":"<p>M\u00f3j ty przyjacielu najdro\u017cszy, &#8211; za list obszerny z serca Waszmo\u015bci dzi\u0119kuj\u0119 i\u00a0z rych\u0142\u0105 odpowiedzi\u0105 spiesz\u0119. S\u0142usznie\u015b Wa\u015b\u0107 mniema\u0142, \u017ce mog\u0142em si\u0119 wzruszy\u0107, ali\u015bci jeszcze s\u0142uszniej, \u017cem si\u0119 ze\u017ali\u0107 m\u00f3g\u0142, wie\u015bci te czytaj\u0105c. O Im\u0107 Komorowskim to ja jeno ma\u0142\u0105 parafrazyj\u0119 zrobi\u0119, \u017ce taki Sejm Rzeczypospolitej, jaki jego marsza\u0142ek.<\/p>\n","protected":false},"author":2,"featured_media":0,"comment_status":"open","ping_status":"open","sticky":false,"template":"","format":"standard","meta":[],"categories":[1],"tags":[],"_links":{"self":[{"href":"https:\/\/sporek.com\/blog\/index.php?rest_route=\/wp\/v2\/posts\/113"}],"collection":[{"href":"https:\/\/sporek.com\/blog\/index.php?rest_route=\/wp\/v2\/posts"}],"about":[{"href":"https:\/\/sporek.com\/blog\/index.php?rest_route=\/wp\/v2\/types\/post"}],"author":[{"embeddable":true,"href":"https:\/\/sporek.com\/blog\/index.php?rest_route=\/wp\/v2\/users\/2"}],"replies":[{"embeddable":true,"href":"https:\/\/sporek.com\/blog\/index.php?rest_route=%2Fwp%2Fv2%2Fcomments&post=113"}],"version-history":[{"count":0,"href":"https:\/\/sporek.com\/blog\/index.php?rest_route=\/wp\/v2\/posts\/113\/revisions"}],"wp:attachment":[{"href":"https:\/\/sporek.com\/blog\/index.php?rest_route=%2Fwp%2Fv2%2Fmedia&parent=113"}],"wp:term":[{"taxonomy":"category","embeddable":true,"href":"https:\/\/sporek.com\/blog\/index.php?rest_route=%2Fwp%2Fv2%2Fcategories&post=113"},{"taxonomy":"post_tag","embeddable":true,"href":"https:\/\/sporek.com\/blog\/index.php?rest_route=%2Fwp%2Fv2%2Ftags&post=113"}],"curies":[{"name":"wp","href":"https:\/\/api.w.org\/{rel}","templated":true}]}}