{"id":114,"date":"2008-12-09T00:49:37","date_gmt":"2008-12-09T04:49:37","guid":{"rendered":"http:\/\/sporek.com\/blog\/?p=114"},"modified":"2008-12-10T22:53:30","modified_gmt":"2008-12-11T02:53:30","slug":"klamstwa-politykow","status":"publish","type":"post","link":"https:\/\/sporek.com\/blog\/?p=114","title":{"rendered":"K\u0142amstwa polityk\u00f3w"},"content":{"rendered":"<p goog_docs_charIndex=\"23\" align=\"left\">Stare, wschodnie przys\u0142owie m\u00f3wi: &#8222;<em>K\u0142amstwem mo\u017cna zaj\u015b\u0107 daleko, ale nie mo\u017cna wr\u00f3ci\u0107<\/em>&#8222;. Ostatnio, z bardzo przeze mnie cenionym i zacnym dziennikarzem, Andrzejem J\u00f3zefem\u00a0D\u0105browskim mia\u0142em kr\u00f3tk\u0105, acz ciekaw\u0105 dyskusj\u0119. W jednym punkcie mieli\u015bmy r\u00f3\u017cne zdania, w innych zgadzali\u015bmy si\u0119. Rzuci\u0142em tez\u0119-pytanie: Jak to si\u0119 dzieje, \u017ce politycy jednego pa\u0144stwa, nawi\u0105zuj\u0105cy w kampaniach wyborczych do g\u0142\u0119bokiego patriotyzmu, jeszcze wi\u0119kszej mi\u0142o\u015bci, natychmiast po og\u0142oszeniu wybor\u00f3w staj\u0105 si\u0119 zaciek\u0142ymi wrogami, a kraj i nar\u00f3d puszczaj\u0105 w odstawk\u0119. <!--more-->Przyk\u0142adem, oczywi\u015bcie byli politycy polscy. Obydwaj rozczulili\u015bmy si\u0119 nad ostatni\u0105 mow\u0105 Johna McCaina, w kt\u00f3rej zawar\u0142 ca\u0142\u0105 tre\u015b\u0107 demokracji: &#8222;<em goog_docs_charIndex=\"717\">Senator Obama jest teraz moim, waszym, prezydentem&#8221;.<\/em> Koniec cytatu, koniec tematu.\u00a0\u00a0W Polsce akurat jest odwrotnie; ktokolwiek dojdzie do w\u0142adzy, staje si\u0119 natychmiast wrogiem opozycji i odwrotnie &#8211; opozycja staje si\u0119 wrogiem rz\u0105dz\u0105cych. P\u0119dz\u0105 sesje sejmowe jedna za drug\u0105, a kreatywno\u015b\u0107 pos\u0142\u00f3w r\u00f3wna jest zeru. My\u015bl\u0119 o kreatywno\u015bci w stron\u0119 Narodu. Kreatywno\u015b\u0107 w stron\u0119 politycznych przeciwnik\u00f3w stoi natomiast w ca\u0142kowicie odwrotnie proporcjonalnych rozmiarach. St\u0105d obrodzi\u0142o Palikotami, Niesio\u0142owskimi i&#8230;chcia\u0142em napisa\u0107 Kaczy\u0144skimi te\u017c. Ale&#8230;Ot\u00f3\u017c zniesmaczy\u0142o mnie nieco sejmowe wyst\u0105pienie Jaros\u0142awa Kaczy\u0144skiego, w kt\u00f3rym waln\u0105\u0142 Niesio\u0142owskiemu dok\u0142adnie mi\u0119dzy oczy wspomnieniem za\u0142amki tego\u017c podczas pierwszych przes\u0142ucha\u0144 w UB. Wydawa\u0142o mi si\u0119, \u017ce mam ju\u017c do\u015b\u0107 tych wzajemnych oskar\u017ce\u0144, z kt\u00f3rych po czasie nic nie wynika, nie podaje si\u0119 dowod\u00f3w, sprawy usychaj\u0105. I nie dlatego mnie zniesmaczy\u0142o, \u017ce sympatyzuj\u0119 z Niesio\u0142owskim, &#8211; akurat jest odwrotnie &#8211; nie znosz\u0119 prymitywnego sposobu dyskusji i wypowiedzi tego pana,- ale dlatego, \u017ce chyba ju\u017c mi si\u0119 znudzi\u0142o niefinalizowanie tych spraw. Dlatego w pierwszym odruchu pomy\u015bla\u0142em sobie &#8211; a niech ich wszystkich jasna cholera&#8230;oczywi\u015bcie by\u0142y w rewan\u017cu, wysokiego lotu wypowiedzi St. Niesio\u0142owskiego, no i by\u0142a specjalna Uchwa\u0142a Prezydium Sejmu.\u00a0Niesio\u0142owski plecie, \u017ce gdyby wtedy mia\u0142 dzisiejsz\u0105 wiedz\u0119, to napewno nie powiedzia\u0142by ani s\u0142owa; ch\u0119tnie sie przyzna,\u00a0gdyby mia\u0142 do czego, ale on\u00a0nie widzi w tym nic z\u0142ego, a poza tym Kaczy\u0144ski zn\u00f3w \u0142\u017ce i podle oskar\u017ca &#8222;bohatera&#8221;. Przyzna\u0142 tym samym, \u017ce jest 30 lat do ty\u0142u, bo gdyby wszyscy mieli taki zap\u0142on, to nie by\u0142oby bohater\u00f3w typu Ks. Isakowicz-Zaleski, czy inni, kt\u00f3rzy nie pu\u015bcili przys\u0142owiowej &#8222;pary z g\u0119by&#8221;, mimo okrutnego traktowania i od razu sk\u0105d\u015b tam dost\u0105pili tej &#8222;tajemnej&#8221; wiedzy milczenia, tak dzi\u015b ut\u0119sknionej przez v-ce marsza\u0142ka Sejmu Najja\u015bniejszej RP .\u00a0Bredzi\u0142 te\u017c, \u017ce zeznania obci\u0105\u017caj\u0105ce go w ksi\u0105\u017cce, kt\u00f3r\u0105 wspomnia\u0142 J. Kaczy\u0144ski s\u0105 zeznaniami jego by\u0142ej narzeczonej, czyli <em goog_docs_charIndex=\"2734\">ura\u017cona kobieta,\u00a0szuka zemsty<\/em>. Ustawa prezydium Sejmu, na wniosek marsza\u0142ka (oczywicie Komorowskiego, czyli &#8222;taki Sejm, jaki marsza\u0142ek&#8221;) obwie\u015bci\u0142a patetycznie, \u017ce nie dopu\u015bci do szkalowania &#8222;bohater\u00f3w&#8221;. Amen. Prawdziwi bohaterowie tamtych lat chodz\u0105 smutni i rozczarowani po polskich ulicach, \u017cyj\u0105 w niedostatku i zapomnieniu. Kanalie rw\u0105 si\u0119 do \u017c\u0142obu i do najwy\u017cszych stanowisk.<\/p>\n<p goog_docs_charIndex=\"2885\">Odpu\u015bci\u0142em i zapomnia\u0142em przez weekend. A\u017c tu w poniedzia\u0142ek rano, dzisiaj, 8 grudnia, w\u0142\u0105czam w komputerze\u00a0TVPolonia, &#8211; jak codzie\u0144 o tej porze wrzucam &#8222;Kwadrans po 8-ej&#8221; i red. \u0179dziarski wita swojego go\u015bcia, kt\u00f3rym jest&#8230;by\u0142a narzeczona &#8222;bohatera&#8221; Niesio\u0142owskiego, El\u017cbieta Kr\u00f3likowska, dziennikarka mieszkaj\u0105ca od ilu\u015b tam lat w Anglii.<\/p>\n<p goog_docs_charIndex=\"3204\">I ot\u00f3\u017c ta, odznaczaj\u0105ca si\u0119 spor\u0105 dystynkcj\u0105 kobieta, trzymaj\u0105c w r\u0119ku dokumenty IPN relacjonuje prowadz\u0105cemu program, a tym samym milionom telewidz\u00f3w, \u017ce owszem to prawda: By\u0142 tzw. &#8222;kocio\u0142&#8221; i wszyscy z &#8222;Ruchu&#8221; wpadli w zasadzk\u0119, w mieszkaniu Czumy. Pana Czumy dziwnie nie mog\u0119 zrozumie\u0107. Jako\u015b dziwnie przyczumowa\u0142 do tych rz\u0105dz\u0105cych. Z o\u015bwiadczenia El\u017cbiety Kr\u00f3likowskiej wynika\u0142o dalej, \u017ce Niesio\u0142owski sypa\u0142 od pierwszego przes\u0142uchania i sporo ludzi dosta\u0142o si\u0119 dzi\u0119ki jego zeznaniom w \u0142apy oprawc\u00f3w z bezpieki. Ma\u0142o tego, po trzech miesi\u0105cach obecny marsza\u0142ek Sejmu Najja\u015bniejszej RP podpisa\u0142, \u017ce b\u0119dzie wsp\u00f3\u0142pracowa\u0142 (przecie\u017c nie z telewizj\u0105&#8230;) i te\u017c pokaza\u0142a na ekranie stosowny dokument. I jakby tego by\u0142o ma\u0142o o\u015bwiadczy\u0142a, \u017ce nie mia\u0142a si\u0119 za co m\u015bci\u0107 na &#8222;Stefku&#8221;, bo to ona go rzuci\u0142a i jeszcze tego samego roku wysz\u0142a za m\u0105\u017c za zupe\u0142nie innego m\u0119\u017cczyzn\u0119. Amen.<\/p>\n<p goog_docs_charIndex=\"3859\">Inny artysta- prawnik, niejaki Jan Widacki, te\u017c wysoko dzi\u015b stoj\u0105cy teraz jest siedz\u0105cy&#8230; na \u0142awie oskar\u017conych. Bo podobno mataczy\u0142 i namawia\u0142 do fa\u0142szywych zezna\u0144. Na scen\u0119 powr\u00f3c\u0105 Dohnal, Kulczyk i inni z afery paliwowej. Mecenasa Widackiego obci\u0105\u017caj\u0105 zb\u00f3je, a on i tak m\u00f3wi, \u017ce &#8222;ma wi\u0119cej szacunku dla tych, z kt\u00f3rymi na \u0142awie zasiad\u0142, ni\u017c dla tych, co proces wznowi\u0107 postanowili&#8221;. Ot siurpryza: PO rz\u0105dzi, ministrem sprawiedliwo\u015bci jest niejaki \u0106wi\u0105kalski, a Widacki wali prosto z mostu, \u017ce to wszystko wina PiS-u. Ten PiS to taki wida\u0107 skurczypis, wsz\u0119dzie si\u0119 wci\u015bnie.<\/p>\n<p goog_docs_charIndex=\"4415\">No i tak dochodz\u0119 do sedna mojej sympatycznej rozmowy z jeszcze sympatyczniejszym panem Andrzejem, J\u00f3zefem. On pisze, ja pisz\u0119 i jako\u015b tak nam obu zachcia\u0142o si\u0119 napisa\u0107 co\u015b dobrego, pozytywnego. Ju\u017c by\u0142em tak blisko, ju\u017c wrzuci\u0142em &#8222;brudnopis&#8221; w blogu i co\u015b mnie nasz\u0142o, \u017ceby na tym drugim ekranie pu\u015bci\u0107: &#8222;Kwadrans po 8-ej&#8221;. I cho\u0107by nie wiem, jak cz\u0142owiek chcia\u0142.<\/p>\n<p goog_docs_charIndex=\"4787\">C\u00f3\u017c, teraz\u00a0 wypada tylko czeka\u0107 na anulowanie wznios\u0142ej ustawy prezydium Sejmu, jakie\u015b -ale dobrze, aby by\u0142o logiczne i w miar\u0119 przyzwoitym j\u0119zykiem wyartyku\u0142owane &#8211; t\u0142umaczenie v-ce marsza\u0142ka i\u00a0ewentualny wyrok w sprawie J. Widackiego.<\/p>\n<p goog_docs_charIndex=\"5045\">I patrzcie, wysz\u0142o na koniec. Dobre! Ludzie, mo\u017ce sprawiedliwo\u015b\u0107 wraca, bo w sprawie Krzysztofa Olewnika s\u0105d apelacyjny utrzyma\u0142 w mocy wyroki pierwszej instancji. Tak, tylko, czy znajdzie si\u0119 taki s\u0105d, kt\u00f3ry zajmie si\u0119 Niesio\u0142owskim?<\/p>\n<p goog_docs_charIndex=\"5281\">Polityk, kt\u00f3ry zostaje przy\u0142apany na tego rodzaju nikczemno\u015bci nie powienien ju\u017c by\u0107 politykiem. Amen.<\/p>\n<p goog_docs_charIndex=\"5385\">Co mnie dzi\u015b zebra\u0142o na t\u0119 religijno\u015b\u0107? \u015awi\u0119to Niepokalanej Marii Panny. By\u0142em rano w ko\u015bciele. Mam wiele powod\u00f3w, \u017ceby si\u0119 modli\u0107 i prosi\u0107 Boga o co\u015b, co czuj\u0119, \u017ce jest dla mnie najwspanialsze. Czy dostan\u0119?<\/p>\n<p goog_docs_charIndex=\"5426\">A propos polityk. Angielskie przyslowie m\u00f3wi: <em goog_docs_charIndex=\"5473\"><strong goog_docs_charIndex=\"5474\">Polityk my\u015bli o przysz\u0142ych wyborach, m\u0105\u017c stanu o przysz\u0142ych pokoleniach.<\/strong><\/em><\/p>\n<p goog_docs_charIndex=\"5550\">A\u00a0ja jeszcze nie s\u0142ysza\u0142em, \u017ceby kt\u00f3ry\u015b z naszych powiedzia\u0142, \u017ce jest m\u0119\u017cem stanu. Ka\u017cdy natomiast, nawet Lepper m\u00f3wi: <em goog_docs_charIndex=\"5670\">ja ju\u017c jestem w polityce dwie\u015bcie lat<\/em>, albo <em goog_docs_charIndex=\"5716\">za d\u0142ugo jestem politykiem, \u017ceby<\/em>&#8230;itd. itp. No, w\u0142a\u015bnie &#8211; za d\u0142ugo. Tak d\u0142ugo, \u017ce a\u017c im wszystkim w potylic\u0119 wali ta polityka.<\/p>\n<p goog_docs_charIndex=\"5846\">K\u0142ami\u0105, jak naj\u0119ci. I jak ich kocha\u0107? Jak im wierzy\u0107? A jak s\u0142ysz\u0119 Niesio\u0142owskiego, to mi si\u0119 naprawd\u0119 co\u015b tam gdzie\u015b tam otwiera. I teraz naprawd\u0119 mam z pierwszej r\u0119ki wyt\u0142umaczenie udzia\u0142u tego &#8222;bohatera&#8221; w Nocnej Zmianie&#8221;, czyli obaleniu rz\u0105du, kt\u00f3ry chcia\u0142 lustracji, -rz\u0105du Olszewskiego. On, Wa\u0142\u0119sa, Pawlak, Tusk, i reszta ferajny. A je\u015bli chodzi o inne nowo\u015bci, to gabinet premiera kombinuje, jak tu zmieni\u0107 konstytucyjne uprawnienia Prezydenta. I cho\u0107 konstytucjonali\u015bci m\u00f3wi\u0105, \u017ce tam nie ma co zmienia\u0107, bo Konstytucja jest jasna, to oni i tak b\u0119d\u0105 si\u0119 poci\u0107, \u017ceby przypadkiem z panem Tuskiem do Brukselii nie zabra\u0142 si\u0119 pan Kaczy\u0144ski. Fajnie jest. Amen.<br goog_docs_charIndex=\"6489\" \/><\/p>\n","protected":false},"excerpt":{"rendered":"<p>Stare, wschodnie przys\u0142owie m\u00f3wi: &#8222;K\u0142amstwem mo\u017cna zaj\u015b\u0107 daleko, ale nie mo\u017cna wr\u00f3ci\u0107&#8222;. Ostatnio, z bardzo przeze mnie cenionym i zacnym dziennikarzem, Andrzejem J\u00f3zefem\u00a0D\u0105browskim mia\u0142em kr\u00f3tk\u0105, acz ciekaw\u0105 dyskusj\u0119. W jednym punkcie mieli\u015bmy r\u00f3\u017cne zdania, w innych zgadzali\u015bmy si\u0119. Rzuci\u0142em tez\u0119-pytanie: Jak to si\u0119 dzieje, \u017ce politycy jednego pa\u0144stwa, nawi\u0105zuj\u0105cy w kampaniach wyborczych do g\u0142\u0119bokiego patriotyzmu, [&hellip;]<\/p>\n","protected":false},"author":2,"featured_media":0,"comment_status":"open","ping_status":"open","sticky":false,"template":"","format":"standard","meta":[],"categories":[4],"tags":[],"_links":{"self":[{"href":"https:\/\/sporek.com\/blog\/index.php?rest_route=\/wp\/v2\/posts\/114"}],"collection":[{"href":"https:\/\/sporek.com\/blog\/index.php?rest_route=\/wp\/v2\/posts"}],"about":[{"href":"https:\/\/sporek.com\/blog\/index.php?rest_route=\/wp\/v2\/types\/post"}],"author":[{"embeddable":true,"href":"https:\/\/sporek.com\/blog\/index.php?rest_route=\/wp\/v2\/users\/2"}],"replies":[{"embeddable":true,"href":"https:\/\/sporek.com\/blog\/index.php?rest_route=%2Fwp%2Fv2%2Fcomments&post=114"}],"version-history":[{"count":0,"href":"https:\/\/sporek.com\/blog\/index.php?rest_route=\/wp\/v2\/posts\/114\/revisions"}],"wp:attachment":[{"href":"https:\/\/sporek.com\/blog\/index.php?rest_route=%2Fwp%2Fv2%2Fmedia&parent=114"}],"wp:term":[{"taxonomy":"category","embeddable":true,"href":"https:\/\/sporek.com\/blog\/index.php?rest_route=%2Fwp%2Fv2%2Fcategories&post=114"},{"taxonomy":"post_tag","embeddable":true,"href":"https:\/\/sporek.com\/blog\/index.php?rest_route=%2Fwp%2Fv2%2Ftags&post=114"}],"curies":[{"name":"wp","href":"https:\/\/api.w.org\/{rel}","templated":true}]}}