{"id":115,"date":"2008-12-16T02:00:35","date_gmt":"2008-12-16T06:00:35","guid":{"rendered":"http:\/\/sporek.com\/blog\/?p=115"},"modified":"2008-12-16T02:06:16","modified_gmt":"2008-12-16T06:06:16","slug":"proszem-o-uwagem","status":"publish","type":"post","link":"https:\/\/sporek.com\/blog\/?p=115","title":{"rendered":"Proszem o uwagem"},"content":{"rendered":"<p>B\u0142agam,\u00a0aby doradcy przewodnicz\u0105cego klubu poselskiego PO, Zbigniewa Chlebowskiego zwr\u00f3cili mu uwag\u0119, na to &#8222;m&#8221; w konc\u00f3wkach wyraz\u00f3w ko\u0144cz\u0105cych si\u0119 na \u0105, \u0119. <!--more-->Rany boskie, jak mo\u017ce tak m\u00f3wi\u0107 cz\u0142owiek na takim stanowisku?! Ludzie, \u017cyjecie w Polsce, zr\u00f3bcie co\u015b z tym swoim szefem. Tego si\u0119 nie da s\u0142ucha\u0107 nawet na obczy\u017anie, gdzie przyzwyczajeni jeste\u015bmy do kaleczenia naszego j\u0119zyka. Oto cytat z wczorajszej, 15 grudnia, wypowiedzi dla Wiadomo\u015bci TV: &#8221;<\/p>\n<p><strong>&#8222;&#8230;Prezydent, podejmuj\u0105c to<font color=\"#ff0000\">m<\/font> decyzj\u0119 kierowa\u0142 si\u0119 kr\u00f3tkowzroczno<font color=\"#ff0000\">m<\/font>, wyborczo<font color=\"#ff0000\">m<\/font> logiko<font color=\"#ff0000\">m<\/font>.&#8221; <\/strong><\/p>\n<p>Tak m\u00f3wi\u0105 przyw\u00f3dcy. Albo rynsztok s\u0142owny (Niesio\u0142owski, Palikot), albo kompletna &#8222;wiocha&#8221; \/Przepraszam mieszka\u0144c\u00f3w polskich wsi &#8211; to nie o Was\/. A pono\u0107 wszyscy wysoko kszta\u0142ceni.<\/p>\n<p><strong>PS:<\/strong> Przepraszam moich Czytelnik\u00f3w za to, \u017ce przez jaki\u015b czas nie b\u0119d\u0119 pisa\u0142. Opiekuj\u0119 si\u0119 moim serdecznym przyjacielem, kt\u00f3ry po kilku latach cudownego bycia z Kim\u015b, prze\u017cywa bolesny czas rozstania. Jestem zbyt poch\u0142oni\u0119ty jego rozpacz\u0105, b\u00f3lem, a tak si\u0119 sk\u0142ada, \u017ce jego partnerka by\u0142a osob\u0105 przez nasze, szerokie grono przyjaci\u00f3\u0142 niezwykle lubiana; pi\u0119kna, szalenie uzdolniona, zawsze nios\u0105ca pomoc, zawsze cudownie usmiechni\u0119ta, a przy tym skromna i pe\u0142na serdeczno\u015bci. Strat\u0119 ponie\u015bli\u015bmy wszyscy. Trzymamy kciuki, aby do siebie wr\u00f3cili, bo byli wspania\u0142\u0105 par\u0105. Prosz\u0119 mi wybaczy\u0107. O tym te\u017c mo\u017ce napisz\u0119.<\/p>\n","protected":false},"excerpt":{"rendered":"<p>B\u0142agam,\u00a0aby doradcy przewodnicz\u0105cego klubu poselskiego PO, Zbigniewa Chlebowskiego zwr\u00f3cili mu uwag\u0119, na to &#8222;m&#8221; w konc\u00f3wkach wyraz\u00f3w ko\u0144cz\u0105cych si\u0119 na \u0105, \u0119.<\/p>\n","protected":false},"author":2,"featured_media":0,"comment_status":"open","ping_status":"open","sticky":false,"template":"","format":"standard","meta":[],"categories":[1],"tags":[],"_links":{"self":[{"href":"https:\/\/sporek.com\/blog\/index.php?rest_route=\/wp\/v2\/posts\/115"}],"collection":[{"href":"https:\/\/sporek.com\/blog\/index.php?rest_route=\/wp\/v2\/posts"}],"about":[{"href":"https:\/\/sporek.com\/blog\/index.php?rest_route=\/wp\/v2\/types\/post"}],"author":[{"embeddable":true,"href":"https:\/\/sporek.com\/blog\/index.php?rest_route=\/wp\/v2\/users\/2"}],"replies":[{"embeddable":true,"href":"https:\/\/sporek.com\/blog\/index.php?rest_route=%2Fwp%2Fv2%2Fcomments&post=115"}],"version-history":[{"count":0,"href":"https:\/\/sporek.com\/blog\/index.php?rest_route=\/wp\/v2\/posts\/115\/revisions"}],"wp:attachment":[{"href":"https:\/\/sporek.com\/blog\/index.php?rest_route=%2Fwp%2Fv2%2Fmedia&parent=115"}],"wp:term":[{"taxonomy":"category","embeddable":true,"href":"https:\/\/sporek.com\/blog\/index.php?rest_route=%2Fwp%2Fv2%2Fcategories&post=115"},{"taxonomy":"post_tag","embeddable":true,"href":"https:\/\/sporek.com\/blog\/index.php?rest_route=%2Fwp%2Fv2%2Ftags&post=115"}],"curies":[{"name":"wp","href":"https:\/\/api.w.org\/{rel}","templated":true}]}}