{"id":119,"date":"2008-12-31T18:58:00","date_gmt":"2008-12-31T22:58:00","guid":{"rendered":"http:\/\/sporek.com\/blog\/?p=119"},"modified":"2008-12-31T19:01:16","modified_gmt":"2008-12-31T23:01:16","slug":"nowy-2009-rok-zyczenia","status":"publish","type":"post","link":"https:\/\/sporek.com\/blog\/?p=119","title":{"rendered":"Nowy, 2009 Rok -\u017byczenia"},"content":{"rendered":"<p goog_docs_charIndex=\"1\">Wszystkim moim Drogim Czytelnikom, Przyjacio\u0142om i Wrogom, Bilskim i Dalekim Krewnym, mojej Rodzinie \u017cycz\u0119 przede wszystkim zdrowia. Nie chc\u0119 analizowa\u0107 mijaj\u0105cego roku. Ka\u017cdy ma swoje refleksje, ka\u017cdy ma swoje do\u015bwiadczenia, przez kt\u00f3re przechodzi\u0142. Pami\u0119tajmy, \u017ce co nas nie zabije, to nas wzmocni. <!--more-->Nie my\u015blmy o tym, co by\u0142o. Przed nami przysz\u0142o\u015b\u0107 &#8211; Nowy Rok. Je\u015bli ludzie nas nie chc\u0105, B\u00f3g z nimi, &#8211; Im r\u00f3wnie\u017c \u017cyczmy wszelkiej pomy\u015blno\u015bci, w zdrowiu i codziennej pogodzie ducha. Jak wr\u00f3c\u0105 &#8211; b\u0119d\u0105 z nami i b\u0119dziemy si\u0119 nimi cieszy\u0107; jak nie, to niech \u017cyj\u0105 z sukcesami i ciesz\u0105 si\u0119 codzienno\u015bci\u0105, pewnie lepsz\u0105, ni\u017cby mieli z nami. \u017bycie idzie do przodu i nie\u00a0zatrzymamy czasu (a w tym roku do\u0142o\u017cono nam&#8230;jedn\u0105 sekund\u0119). Piel\u0119gnujmy przyja\u017anie, bo s\u0105 najcenniejszym darem, jakim B\u00f3g obdarzy\u0142 cz\u0142owieka. Je\u015bli jest mi\u0142o\u015b\u0107, to j\u0105 tym bardziej piel\u0119gnujmy, \u017ceby nie by\u0142o rozsta\u0144. Nie id\u017amy \u015blepo za wszystkim, co nios\u0105 nowe trendy. Platon powiedzia\u0142: <strong>&#8222;Gdy zmieniaj\u0105 si\u0119 trendy muzyczne, jednocze\u015bnie zmianom ulegaj\u0105 fundamentalne prawa pa\u0144stwa&#8221;.<\/strong> Jak\u017cesz trafne jest to spostrze\u017cenie. Zobaczmy, jak &#8211; a\u017c do b\u00f3lu &#8211; aktualne jest w dzisiejszych czasach; zdziczenia w muzyce, zdziczenia w polityce. Powiedzia\u0142 to cz\u0142owiek, kt\u00f3ry \u017cy\u0142 ponad 250 lat przed Chrystusem. Politycy chc\u0105, by\u015bmy ich s\u0142owa brali za drogowskazy. Przykro mi, Panowie &#8211; wol\u0119 Platon\u00f3w, Sokrates\u00f3w i im podobnych. Radz\u0119 wi\u0119cej czyta\u0107, bardziej my\u015ble\u0107 o cz\u0142owiecze\u0144stwie.<\/p>\n<p goog_docs_charIndex=\"27\">\u017bycz\u0119 wi\u0119c wszystkim, kt\u00f3rzy &#8222;wpadaj\u0105&#8221; na m\u00f3j blog cudownych i trwa\u0142ych przyja\u017ani &#8211; tak si\u0119 sk\u0142ada, \u017ce w tym roku straci\u0142em bardzo wieloletniego przyjaciela &#8211; gdzie diabe\u0142 nie mo\u017ce, tam bab\u0119 po\u015ble &#8211; to te\u017c m\u0105dro\u015b\u0107 i te\u017c ci\u0105gle aktualna.<\/p>\n<p goog_docs_charIndex=\"27\">\u017bycz\u0119 cudownej, prawdziwej mi\u0142o\u015bci &#8211; te\u017c tak si\u0119 sk\u0142ada, \u017ce straci\u0142em co\u015b wielkiego, wspania\u0142ego.<\/p>\n<p goog_docs_charIndex=\"27\">B\u0105d\u017amy sob\u0105, nie b\u00f3jmy si\u0119 rozm\u00f3w, nie b\u00f3jmy si\u0119 prawdy i b\u0105d\u017amy wzajemnie uczciwi i lojalni. R\u00f3bmy swoje; tw\u00f3rzmy, je\u015bli potrafimy, zelujmy buty, sprz\u0105tajmy, projektujmy, naprawiajmy samochody, piszmy i cokolwiek jeszcze, ale\u00a0r\u00f3bmy to z sercem &#8211; wtedy sprawi nam to przyjemno\u015b\u0107.<\/p>\n<p goog_docs_charIndex=\"27\">Wspierajmy kultur\u0119, zw\u0142aszcza swojego kraju. Jest ona kr\u0119gos\u0142upem spo\u0142ecze\u0144stw, je\u015bli jej nie piel\u0119gnowa\u0107, pr\u0119dzej, czy p\u00f3\u017aniej kr\u0119gos\u0142up p\u0119knie. Miejmy oczy otwarte na wszystko, co dzieje si\u0119 dooko\u0142a, bo dzieje si\u0119 coraz cz\u0119\u015bciej pod wznios\u0142ymi has\u0142ami jedno\u015bci, mi\u0142o\u015bci, u\u015bmiechu, nie maj\u0105c z tymi zaletami nic wsp\u00f3lnego.<\/p>\n<p goog_docs_charIndex=\"27\">U\u015bmiechajmy si\u0119 do siebie i szczerze\u00a0\u017cyczmy\u00a0sobie dobrego dnia i dobrej nocy. Usu\u0144my z naszych wn\u0119trz nienawi\u015b\u0107. Rodzi konflikty i bardzo \u017ale wp\u0142ywa na nasze zdrowie. Pami\u0119tajmy: je\u015bli kto\u015b okazuje nam wrogo\u015b\u0107, to nie jest to nasz problem. On ma problem.<\/p>\n<p goog_docs_charIndex=\"27\">Pozdrawiam Wszystkich ciep\u0142o i serdecznie z nadziej\u0105 na lepszy Nowy Rok, Janusz Sporek<\/p>\n","protected":false},"excerpt":{"rendered":"<p>Wszystkim moim Drogim Czytelnikom, Przyjacio\u0142om i Wrogom, Bilskim i Dalekim Krewnym, mojej Rodzinie \u017cycz\u0119 przede wszystkim zdrowia. Nie chc\u0119 analizowa\u0107 mijaj\u0105cego roku. Ka\u017cdy ma swoje refleksje, ka\u017cdy ma swoje do\u015bwiadczenia, przez kt\u00f3re przechodzi\u0142. Pami\u0119tajmy, \u017ce co nas nie zabije, to nas wzmocni.<\/p>\n","protected":false},"author":2,"featured_media":0,"comment_status":"open","ping_status":"open","sticky":false,"template":"","format":"standard","meta":[],"categories":[1],"tags":[],"_links":{"self":[{"href":"https:\/\/sporek.com\/blog\/index.php?rest_route=\/wp\/v2\/posts\/119"}],"collection":[{"href":"https:\/\/sporek.com\/blog\/index.php?rest_route=\/wp\/v2\/posts"}],"about":[{"href":"https:\/\/sporek.com\/blog\/index.php?rest_route=\/wp\/v2\/types\/post"}],"author":[{"embeddable":true,"href":"https:\/\/sporek.com\/blog\/index.php?rest_route=\/wp\/v2\/users\/2"}],"replies":[{"embeddable":true,"href":"https:\/\/sporek.com\/blog\/index.php?rest_route=%2Fwp%2Fv2%2Fcomments&post=119"}],"version-history":[{"count":0,"href":"https:\/\/sporek.com\/blog\/index.php?rest_route=\/wp\/v2\/posts\/119\/revisions"}],"wp:attachment":[{"href":"https:\/\/sporek.com\/blog\/index.php?rest_route=%2Fwp%2Fv2%2Fmedia&parent=119"}],"wp:term":[{"taxonomy":"category","embeddable":true,"href":"https:\/\/sporek.com\/blog\/index.php?rest_route=%2Fwp%2Fv2%2Fcategories&post=119"},{"taxonomy":"post_tag","embeddable":true,"href":"https:\/\/sporek.com\/blog\/index.php?rest_route=%2Fwp%2Fv2%2Ftags&post=119"}],"curies":[{"name":"wp","href":"https:\/\/api.w.org\/{rel}","templated":true}]}}