{"id":120,"date":"2009-01-03T23:01:16","date_gmt":"2009-01-04T03:01:16","guid":{"rendered":"http:\/\/sporek.com\/blog\/?p=120"},"modified":"2009-01-03T23:36:00","modified_gmt":"2009-01-04T03:36:00","slug":"polonia-kontra-polonia","status":"publish","type":"post","link":"https:\/\/sporek.com\/blog\/?p=120","title":{"rendered":"Polonia kontra Polonia"},"content":{"rendered":"<p>Obserwuj\u0105c dzia\u0142alno\u015b\u0107 organizacji polonijnych coraz cz\u0119\u015bciej i klarowniej rozumiem, dlaczego nie mamy tu (w Stanach) \u017cadnej si\u0142y lobbingowej, szacunku &#8222;tubylc\u00f3w&#8221; itp. Przedstawiciele ameryka\u0144skich w\u0142adz, od najni\u017cszych terenowych, po Waszyngton poklepuj\u0105 naszych dzia\u0142aczy po plecach, pozuj\u0105 z nimi do zdj\u0119\u0107, daj\u0105 si\u0119 nam\u00f3wi\u0107 na jakie\u015b obiadki, ale, niestety, nic z tego nie wynika. <!--more-->W nowojorskim \u015bwiecie polonijnym s\u0105 dwie instytucje, kt\u00f3re maj\u0105 nieprawdopodobny potencja\u0142, by wr\u0119cz uzale\u017cni\u0107 przedstawicieli administracji federalnej od Polonii. C\u00f3\u017c, potencja\u0142 jest niewykorzystany. Mam na my\u015bli Polsko-S\u0142owia\u0144sk\u0105 Federaln\u0105 Uni\u0119 Kredytow\u0105, czyli potocznie polski Bank i Centrum Polsko-S\u0142owia\u0144skie. Instytucje te wol\u0105 walczy\u0107 ze sob\u0105 &#8211; &#8222;w imi\u0119 polepszenia bytu swoich cz\u0142onk\u00f3w&#8221; &#8211; ni\u017c skupi\u0107 si\u0119 na pokazaniu ameryka\u0144skim bonzom, \u017ce Polonia to jednak znacz\u0105ca si\u0142a.\u00a0Prze\u015bcigaj\u0105 si\u0119 w wychwalaniu swoich osi\u0105gni\u0119\u0107, ale to wszystko topi si\u0119 w polonijnym, w\u0142asnym sosie. \u015arodki masowego przekazu (gazety, radio) coraz wyra\u017aniej pokazuj\u0105 nam z kim lepiej trzyma\u0107, przy jednoczesnym pokazaniu, kto \u0142atwiej da si\u0119 kupi\u0107, albo sprzeda\u0107 . I tak na przyk\u0142ad, je\u015bli jaka\u015b gazeta napisze krytycznie o banku, to na drugi dzie\u0144 nie wida\u0107 ju\u017c w niej reklam banku. Radio Rytm wyemitowa\u0142o krytyczn\u0105 audycj\u0119 o Unii Kredytowej &#8211; na drugi dos\u0142ownie dzie\u0144 bank poinformowa\u0142 redakcj\u0119 radia, \u017ce zdejmuje swoje reklamy. Ale, je\u015bli jaka\u015b gazeta napisze o banku \u0142adnie, to dostaje np. dwie strony og\u0142osze\u0144. I tak si\u0119 zniewalamy przy pomocy pieni\u0119dzy. W kontek\u015bcie tego musz\u0119 uzna\u0107 siebie za bohatera, bo nigdy nie zdecydowa\u0142em si\u0119 kadzi\u0107 szefom banku i jako\u015b uda\u0142o mi si\u0119 zrobi\u0107, a\u017c 15 koncert\u00f3w w samym Carnegie Hall, 6 w Loncoln Center i 10 w Katedrze. Nie sprzeda\u0142em si\u0119, nie podlizywa\u0142em si\u0119 pi\u0119knymi s\u0142\u00f3wkami. M\u00f3wi\u0142em prawd\u0119, zadawa\u0142em trudne pytania i robi\u0142em to, by wreszcie co\u015b si\u0119 w Polonii zmieni\u0142o. Niestety. Bicie g\u0142ow\u0105 w mur trwa.<br \/>\nOstatnio opublikowano dwa, oddaj\u0105ce sytuacj\u0119 pomi\u0119dzy tymi dwoma instytucjami teksty, kt\u00f3re niestety nie buduj\u0105 mostu, ba, nawet drewnianej k\u0142adki porozumienia.<br \/>\nOto, bardzo przeze mnie szanowany i ceniony wydawca Kuriera Plus, nie\u017cyj\u0105cy, niestety Adam Mattauszek-zmar\u0142 19 grudnia, 2008 &#8211; cze\u015b\u0107 Jego pami\u0119ci &#8211; napisa\u0142 tekst, w Kurierze w\u0142a\u015bnie, kt\u00f3ry daje wiele do my\u015blenia, ale jest nies\u0142ychanie jednostronny, tzn. poddaje surowej krytyce wy\u0142\u0105cznie Centrum Polsko-S\u0142owia\u0144skie.\u00a0Ali\u015bci jedno\u00a0zdanie z Pana Adamowego tekstu odnosi si\u0119 tak do Centrum, jak i do Banku. Oto cytat: &#8222;&#8230;Cz\u0142onkowie stracili niegdy\u015b przys\u0142uguj\u0105ce im prawa, a Rada Dyrektor\u00f3w praktycznie zyska\u0142a w\u0142adz\u0119 absolutn\u0105&#8230;&#8221;\u00a0<br \/>\nSugestie o niegospodarno\u015bci Centrum mo\u017cna r\u00f3wnie\u017c zastosowa\u0107 odno\u015bnie Banku. Np. jedn\u0105 z cz\u0142onki\u0144 Rady Dyrektor\u00f3w jest pani Bo\u017cena Pielorz. Mieszka na Florydzie. Bank musi pokrywa\u0107 koszty jej przyjazdu na zebrania (raz w miesi\u0105cu). To gospodarno\u015b\u0107? A tymczasem &#8222;miejscow\u0105&#8221; cz\u0142onkini\u0119 Rady, Krystyn\u0119 Myssura, wybran\u0105 przez cz\u0142onk\u00f3w usuwa si\u0119 z szereg\u00f3w tego gremium, bo&#8230; Niestety nie ma na ten temat wyja\u015bnienia, ani na stronie naszego Banku, ani nigdzie indziej.\u00a0<br \/>\nNieporozumienia, a w\u0142a\u015bciwie brak porozumienia pomi\u0119dzy Bankiem i Centrum jest wstydem, oblewaj\u0105cym nowojorsk\u0105 Poloni\u0119 ostro pos\u0105wym rumie\u0144cem. Prawda jest taka, \u017ce kilku cz\u0142onk\u00f3w Rady Dyrektor\u00f3w banku, kt\u00f3rzy tworz\u0105 wi\u0119kszo\u015b\u0107 decyduje o tym, czy da\u0107 pieni\u0105dze, czy nie, a je\u015bli tak, to komu. Po\u015br\u00f3d tych dyrektor\u00f3w nie ma ani jednej osoby, kt\u00f3ra jako\u015b szczeg\u00f3lnie zas\u0142u\u017cy\u0142aby si\u0119 Polonii, opr\u00f3cz tego, \u017ce jest cz\u0142onkiem Rady Dyrektor\u00f3w. S\u0105 w tej radzie a\u017c trzy osoby &#8222;bezrobotne&#8221;. Jak to si\u0119 wszystko kr\u0119ci? Wszed\u0142em ostatnio na stron\u0119 NCUA (to co\u015b, jakby naczelne w\u0142adze unii kredytowych) i zastanowi\u0142y mnie dwie rubryki w dzia\u0142alno\u015bci finansowej naszego Banku: &#8222;Travel and Conference Expenses&#8221;-Wydatki na podr\u00f3\u017ce i\u00a0konferencje: $347,759 -trzysta czterdzie\u015bci siedem tysi\u0119cy, siedemset pi\u0119\u0107dziesi\u0105t dziewi\u0119\u0107 dolar\u00f3w; oraz rubryka &#8222;Miscellaneous Operating Expenses&#8221; &#8211; Wydatki r\u00f3\u017cne ; $1,058,221 -milion pi\u0119\u0107dziesi\u0105t osiem tysi\u0119cy, dwie\u015bcie dwadzie\u015bcia jeden dolar\u00f3w.<br \/>\nTekst w Kurierze sugeruje, aby Centrum klarownie rozlicza\u0142o si\u0119 z dotacji, jakie ewentualnie da\u0142by Bank. I s\u0142usznie. Ale czy trzeba publicznej debaty, \u017ceby postawi\u0107 taki warunek przy przekazywaniu dotacji?<br \/>\nNatomiast my\u015bl\u0119, \u017ce Cz\u0142onkowie Unii Kredytowej te\u017c ch\u0119tnie pos\u0142uchaliby co mie\u015bci si\u0119 w &#8222;wydatkach r\u00f3\u017cnych&#8221;, albo, gdzie pa\u0144stwo dyrektorzy polecieli w ub. roku na kurso-konferencje? Tym bardziej, \u017ce s\u0105 to wyjazdy z osob\u0105 towarzysz\u0105c\u0105. No i oczywi\u015bcie, czego si\u0119 nauczyli. Czy dyrektorzy rozliczani s\u0105 z obecno\u015bci na kursach, czy tylko polecieli na wczasy i&#8230;gdzie &#8211; Meksyk, Karaiby, Hawaje&#8230;?\u00a0A podobno kursy s\u0105 te\u017c na Manhattanie&#8230;?<br \/>\nPoza wszystkim wojna mi\u0119dzy Bankiem i Centrum niesie to ryzyko, \u017ce mo\u017ce si\u0119 sko\u0144czy\u0107 likwidacj\u0105 Centrum Polsko-S\u0142owia\u0144skiego. W\u00f3wczas, niestety w\u0142adze Banku b\u0119d\u0105 ponosi\u0107 tak\u0105 sam\u0105 odpowiedzialno\u015b\u0107, jak w\u0142adze Centrum.<br \/>\nNie mam ochoty komentowa\u0107 pozw\u00f3w s\u0105dowych, ale o ile wiem, ten wspomniany w Kurierze obci\u0105\u017ca kosztami tzw. ubezpieczenie, a czy dowiemy si\u0119 ile kosztowa\u0142y procesy z panem Sarem i panem Wi\u015bniewskim?<br \/>\nDrugi tekst, to &#8222;O\u015bwiadczenie&#8221; Rady Dyrektor\u00f3w Polsko-S\u0142owia\u0144skiej Federalnej Unii Kredytowej opublikowane w kilku gazetach. Oskar\u017cenia pod adresem Centrum, piekne s\u0142\u00f3wka pod adresem Banku i bla, bla, bla.<br \/>\nCoraz cz\u0119\u015bciej obserwuj\u0119, \u017ce do w\u0142adz w naszych organizacjach dochodz\u0105 ludzie zakompleksieni, bez osi\u0105gni\u0119\u0107, o niezbyt imponuj\u0105cej elokwencji i jedyne, co potrafi\u0105 pokaza\u0107, to despotyzm i\u00a0trzymanie si\u0119 sto\u0142k\u00f3w, bo osi\u0105gni\u0119cie jakiego\u015b tam stanowiska jest, niestety,\u00a0szczytem ich mo\u017cliwo\u015bci. I biada temu, kto chcia\u0142by takiego ze sto\u0142ka wysadzi\u0107. D\u0142ugo wi\u0119c jeszcze Polonia b\u0119dzie bola\u0142a nad tym, \u017ce niewiele znaczy w kraju, kt\u00f3rego dobrobyt budowa\u0142a, za kt\u00f3rego wolno\u015b\u0107 gin\u0119li wielcy, ale maj\u0105cy Honor, Boga i Polsk\u0119 w sercu.<\/p>\n","protected":false},"excerpt":{"rendered":"<p>Obserwuj\u0105c dzia\u0142alno\u015b\u0107 organizacji polonijnych coraz cz\u0119\u015bciej i klarowniej rozumiem, dlaczego nie mamy tu (w Stanach) \u017cadnej si\u0142y lobbingowej, szacunku &#8222;tubylc\u00f3w&#8221; itp. Przedstawiciele ameryka\u0144skich w\u0142adz, od najni\u017cszych terenowych, po Waszyngton poklepuj\u0105 naszych dzia\u0142aczy po plecach, pozuj\u0105 z nimi do zdj\u0119\u0107, daj\u0105 si\u0119 nam\u00f3wi\u0107 na jakie\u015b obiadki, ale, niestety, nic z tego nie wynika.<\/p>\n","protected":false},"author":2,"featured_media":0,"comment_status":"open","ping_status":"open","sticky":false,"template":"","format":"standard","meta":[],"categories":[3],"tags":[],"_links":{"self":[{"href":"https:\/\/sporek.com\/blog\/index.php?rest_route=\/wp\/v2\/posts\/120"}],"collection":[{"href":"https:\/\/sporek.com\/blog\/index.php?rest_route=\/wp\/v2\/posts"}],"about":[{"href":"https:\/\/sporek.com\/blog\/index.php?rest_route=\/wp\/v2\/types\/post"}],"author":[{"embeddable":true,"href":"https:\/\/sporek.com\/blog\/index.php?rest_route=\/wp\/v2\/users\/2"}],"replies":[{"embeddable":true,"href":"https:\/\/sporek.com\/blog\/index.php?rest_route=%2Fwp%2Fv2%2Fcomments&post=120"}],"version-history":[{"count":0,"href":"https:\/\/sporek.com\/blog\/index.php?rest_route=\/wp\/v2\/posts\/120\/revisions"}],"wp:attachment":[{"href":"https:\/\/sporek.com\/blog\/index.php?rest_route=%2Fwp%2Fv2%2Fmedia&parent=120"}],"wp:term":[{"taxonomy":"category","embeddable":true,"href":"https:\/\/sporek.com\/blog\/index.php?rest_route=%2Fwp%2Fv2%2Fcategories&post=120"},{"taxonomy":"post_tag","embeddable":true,"href":"https:\/\/sporek.com\/blog\/index.php?rest_route=%2Fwp%2Fv2%2Ftags&post=120"}],"curies":[{"name":"wp","href":"https:\/\/api.w.org\/{rel}","templated":true}]}}