{"id":122,"date":"2009-01-04T19:05:37","date_gmt":"2009-01-04T23:05:37","guid":{"rendered":"http:\/\/sporek.com\/blog\/?p=122"},"modified":"2009-01-04T19:05:37","modified_gmt":"2009-01-04T23:05:37","slug":"polonia-kontra-polonia-2","status":"publish","type":"post","link":"https:\/\/sporek.com\/blog\/?p=122","title":{"rendered":"Polonia kontra Polonia 2"},"content":{"rendered":"<p goog_docs_charIndex=\"33\">Takiej ilo\u015bci telefon\u00f3w i e-maili nie dosta\u0142em jeszcze dot\u0105d po \u017cadnym z moich\u00a0stu dwudziestu artyku\u0142\u00f3w na tym blogu. Wygl\u0105da na to, \u017ce szemrany sprzeciw zbli\u017ca si\u0119 do apogeum. Wygl\u0105da na to, \u017ce ludzie wiedz\u0105 bardzo du\u017co. Mo\u017ce czekaj\u0105 na odpowiedni moment? <!--more-->Wszystkie wypowiedzi, podkre\u015blam &#8211; wszystkie &#8211; mia\u0142y jeden, wsp\u00f3lny element: negatywn\u0105 ocen\u0119 zachowania cz\u0142onk\u00f3w Rady Dyrektor\u00f3w Unii Kredytowej, na czele z jej prezesem. Przyznam, \u017ce dyrektorom Centrum te\u017c si\u0119 oberwa\u0142o. Trudno mi by\u0142o nad\u0105\u017cy\u0107 z notowaniem wszystkiego: sprawy s\u0105dowe po tzw. Zarz\u0105dzie Komisarycznym; jakie\u015b pieni\u0105dze zbierane przez obecnego prezesa od r\u00f3\u017cnych ludzi na obron\u0119\u00a0cz\u0142onk\u00f3w-dyrektor\u00f3w, kt\u00f3rych NCUA pozbawi\u0142o funkcji -(prezes nigdy si\u0119 z tych pieni\u0119dzy przed donatorami nie rozliczy\u0142, ba nawet nie wys\u0142a\u0142 podzi\u0119kowa\u0144 -autor telefonu te\u017c do\u0142o\u017cy\u0142 si\u0119 do tej pomocy, czego dzisiaj serdecznie \u017ca\u0142uje); nale\u017cno\u015bci dla prawnik\u00f3w; straty za negatywne dla Unii wyroki s\u0105dowe (mowa o kilkuset tysi\u0105cach dolar\u00f3w wydanych z kasy banku, czyli z kieszeni cz\u0142onk\u00f3w), &#8222;jaki\u015b&#8221; prawnik, kt\u00f3ry najpierw mia\u0142 broni\u0107 &#8222;pro publico bono&#8221; &#8211; czyli za darmo, ale potem wystawi\u0142 du\u017cy rachunek&#8230;\u00a0i dziesi\u0105tki innych relacji, kt\u00f3re, przyznam &#8211; wstrz\u0105sn\u0119\u0142y mn\u0105. Najbardziej Cz\u0142onkowie Unii, kt\u00f3rzy dzwonili oburzeni s\u0105 zachowaniem prezesa Rady Dyrektor\u00f3w i cz\u0142onk\u00f3w tej\u017ce Rady, kt\u00f3rzy na Walnym Zebraniu obiecywali otwarto\u015b\u0107 i sta\u0142y kontakt\u00a0 z Cz\u0142onkami, ale niestety, nie odby\u0142o si\u0119 ani jedno zebranie, w kt\u00f3rym Cz\u0142onkowie mogliby zada\u0107 dyrektorom pytania, lub us\u0142ysze\u0107, co te\u017c si\u0119 dzieje w naszej Unii.<\/p>\n<p goog_docs_charIndex=\"1207\">Jeden z respondent\u00f3w poda\u0142 mi adres Internetowy, abym na w\u0142asne oczy zobaczy\u0142 demonstracj\u0119 pod bankiem i to, \u017ce nikt z dyrektor\u00f3w nie wyszed\u0142 do demonstruj\u0105cych. Wszed\u0142em na ten adres i zobaczy\u0142em co\u015b, co zje\u017cy\u0142o mi resztki w\u0142os\u00f3w na g\u0142owie. Na demonstracji nie by\u0142em, bo nawet o niej nie wiedzia\u0142em. Polecam:<\/p>\n<p goog_docs_charIndex=\"1459\"><a goog_docs_charIndex=\"1460\" href=\"http:\/\/www.youtube.com\/watch?v=GHRcxrZRvN8\">http:\/\/www.youtube.com\/watch?v=GHRcxrZRvN8<\/a><br goog_docs_charIndex=\"1504\" \/><\/p>\n<p goog_docs_charIndex=\"1506\">Ryba gnije od g\u0142owy &#8211; m\u00f3wi stare, polskie porzekad\u0142o. Panowie i panie z Rady Dyrektor\u00f3w podobno sprawuj\u0105 swoje funkcje spo\u0142ecznie. Teoretycznie tak, ale maj\u0105 do wykorzystania po 12 tysi\u0119cy dolar\u00f3w na szkolenia, no i karty kredytowe na cele reprezentacyjne&#8230;(?) Niekt\u00f3rzy wykorzystali calutk\u0105 pul\u0119 &#8211; 12 tysi\u0119cy dolar\u00f3w na szkolenia z osob\u0105 towarzyszac\u0105 w ciep\u0142ych krajach. Przynajmniej te przywileje mog\u0142yby obligowa\u0107\u00a0dyrektor\u00f3w do ludzkiego traktowania Cz\u0142onk\u00f3w.<\/p>\n<p goog_docs_charIndex=\"1920\">Kto\u015b zapyta\u0142: &#8222;Jak to si\u0119 dzieje, \u017ce nowe jednostki sponsoruj\u0105ce: Copiague, na Long Island \u00a0i Clark, w New Jersey, maj\u0105 coraz wi\u0119cej pieni\u0119dzy ze sk\u0142adek cz\u0142onkowskich, a Centrum Polsko-S\u0142owia\u0144skie, kt\u00f3re da\u0142o pocz\u0105tek Unii Kredytowej i ma najszerszy zakres program\u00f3w pomocy Polonii, ma ich coraz mniej?&#8221;<br goog_docs_charIndex=\"2177\" \/><\/p>\n<p goog_docs_charIndex=\"2179\">Czy prywatne niech\u0119ci maj\u0105 zn\u00f3w, jak to bywa w Polsce decydowa\u0107 o losie Senior\u00f3w, kalek, ludzi schorowanych?\u00a0O losie tych oddzia\u0142\u00f3w Centrum, kt\u00f3re pomagaj\u0105 spo\u0142ecze\u0144stwu Polak\u00f3w w Nowym Jorku?<\/p>\n<p goog_docs_charIndex=\"2374\">By\u0142y jeszcze inne telefony i na przyk\u0142ad kto\u015b zapyta\u0142 mnie (a ja, akurat nie mia\u0142em poj\u0119cia), czy wiem, ile forsy posz\u0142o na prawnik\u00f3w poszczeg\u00f3lnych cz\u0142onk\u00f3w Rady Dyrektor\u00f3w, gdy bronili si\u0119 przed degradacj\u0105, jak\u0105 na\u0142o\u017cy\u0142a na nich NCUA? S\u0142owo daj\u0119, by\u0142em pewien, \u017ce by\u0142 jeden prawnik, lub jedna firma. A podobno ka\u017cdy dyrektor mia\u0142 swojego adwokata i Unia za to p\u0142aci\u0142a. Nie z ubezpiecze\u0144, jak teraz, w przypadku pani Kami\u0144skiej, ale z pieni\u0119dzy Cz\u0142onk\u00f3w. A tak na marginesie &#8211; czemu s\u0142yszymy tylko o procesie z p. Kami\u0144sk\u0105, a o innych nie&#8230;?<\/p>\n<p goog_docs_charIndex=\"2374\">Kto\u015b inny zapyta\u0142, czy wiem, jakie odprawy dosta\u0142y\u00a0poprzednie Dyrektorki Wykonawcze -CEO? Nie, nie wiem. I ten pan wymieni\u0142 sumy &#8211; zd\u0119bia\u0142em. Nie bed\u0119 tego publikowa\u0142, dop\u00f3ki nie zobacz\u0119 na papierku. A czy zobacz\u0119&#8230;?<\/p>\n<p goog_docs_charIndex=\"2374\">K\u0142amstwem mo\u017cna zaj\u015b\u0107 daleko, nawet bardzo daleko; nie mo\u017cna jednak wr\u00f3ci\u0107.<\/p>\n<p goog_docs_charIndex=\"2374\">I tak ro\u015bnie w si\u0142\u0119 Polonia, pod wodz\u0105 niezast\u0105pionych szef\u00f3w najwi\u0119kszego polonijnego banku na \u015bwiecie.<\/p>\n<p goog_docs_charIndex=\"2374\">Panowie i Panie dyrektorzy &#8211; by\u0142 taki czas w Polsce, kiedy sp\u0119dzone w katowickim Spodku bractwo g\u00f3rnik\u00f3w i innych ma\u015bci robotnik\u00f3w skandowa\u0142o &#8222;Partia-Gierek; Partia-Polska&#8221;. A potem przysz\u0142y realia. To, tak, gwoli opami\u0119tania.<\/p>\n<p>Mog\u0142o by\u0107 \u017ale na Wall Street i w Lehman Brothers?\u00a0To czemu ma by\u0107 dobrze w Polsko-S\u0142owia\u0144skiej Federalnej Unii Kredytowej? A mo\u017ce powinno by\u0107 FERALNEJ, bo to si\u0119 ju\u017c troch\u0119 za cz\u0119sto powtarza i za d\u0142ugo ci\u0105gnie. <br goog_docs_charIndex=\"2436\" \/><\/p>\n","protected":false},"excerpt":{"rendered":"<p>Takiej ilo\u015bci telefon\u00f3w i e-maili nie dosta\u0142em jeszcze dot\u0105d po \u017cadnym z moich\u00a0stu dwudziestu artyku\u0142\u00f3w na tym blogu. Wygl\u0105da na to, \u017ce szemrany sprzeciw zbli\u017ca si\u0119 do apogeum. Wygl\u0105da na to, \u017ce ludzie wiedz\u0105 bardzo du\u017co. Mo\u017ce czekaj\u0105 na odpowiedni moment?<\/p>\n","protected":false},"author":2,"featured_media":0,"comment_status":"open","ping_status":"open","sticky":false,"template":"","format":"standard","meta":[],"categories":[3],"tags":[],"_links":{"self":[{"href":"https:\/\/sporek.com\/blog\/index.php?rest_route=\/wp\/v2\/posts\/122"}],"collection":[{"href":"https:\/\/sporek.com\/blog\/index.php?rest_route=\/wp\/v2\/posts"}],"about":[{"href":"https:\/\/sporek.com\/blog\/index.php?rest_route=\/wp\/v2\/types\/post"}],"author":[{"embeddable":true,"href":"https:\/\/sporek.com\/blog\/index.php?rest_route=\/wp\/v2\/users\/2"}],"replies":[{"embeddable":true,"href":"https:\/\/sporek.com\/blog\/index.php?rest_route=%2Fwp%2Fv2%2Fcomments&post=122"}],"version-history":[{"count":0,"href":"https:\/\/sporek.com\/blog\/index.php?rest_route=\/wp\/v2\/posts\/122\/revisions"}],"wp:attachment":[{"href":"https:\/\/sporek.com\/blog\/index.php?rest_route=%2Fwp%2Fv2%2Fmedia&parent=122"}],"wp:term":[{"taxonomy":"category","embeddable":true,"href":"https:\/\/sporek.com\/blog\/index.php?rest_route=%2Fwp%2Fv2%2Fcategories&post=122"},{"taxonomy":"post_tag","embeddable":true,"href":"https:\/\/sporek.com\/blog\/index.php?rest_route=%2Fwp%2Fv2%2Ftags&post=122"}],"curies":[{"name":"wp","href":"https:\/\/api.w.org\/{rel}","templated":true}]}}