{"id":123,"date":"2009-01-09T00:30:53","date_gmt":"2009-01-09T04:30:53","guid":{"rendered":"http:\/\/sporek.com\/blog\/?p=123"},"modified":"2009-01-10T23:50:39","modified_gmt":"2009-01-11T03:50:39","slug":"polonia-kontra-polonia-3","status":"publish","type":"post","link":"https:\/\/sporek.com\/blog\/?p=123","title":{"rendered":"Polonia kontra Polonia 3"},"content":{"rendered":"<p goog_docs_charIndex=\"1\">By\u0142 kiedy\u015b papie\u017c, Rodrigo Borgia, rodem z Walencji. Po wyborze przyj\u0105\u0142 imi\u0119 Aleksander VI. Mia\u0142 czworo dzieci -w tym s\u0142ynn\u0105 Lukrecj\u0119, o kt\u00f3rej napisano sporo &#8211; i mia\u0142 wiele, oficjalnych kochanek. By\u0142 jednym z najwi\u0119kszych tyran\u00f3w, despot\u00f3w i ludzi nieznosz\u0105cych jakiejkolwiek opozycji. By\u0142 cz\u0142owiekiem, kt\u00f3remu trzeba by\u0142o wy\u0142\u0105cznie przytakiwa\u0107. On wiedzia\u0142 wszystko najlepiej, on zawsze mia\u0142 racj\u0119 i nawet, kiedy kocha\u0142 si\u0119 z kolejn\u0105 ladacznic\u0105, to w\/g niego wszystko by\u0142o w imi\u0119 Boga i najwy\u017cszych racji. <!--more-->Kiedy, kto\u015b mu si\u0119 troch\u0119 nie podoba\u0142, pozbawia\u0142 go stanowiska, honor\u00f3w, przywilej\u00f3w, zabiera\u0142\u00a0ziemie, zamki, pa\u0142ace,\u00a0wyp\u0119dza\u0142 z Rzymu. Kiedy kto\u015b mu si\u0119 bardzo nie podoba\u0142, nasy\u0142a\u0142 na niego swojego pierworodnego syna, Cesara, kt\u00f3rego tu\u017c po wyborze na papie\u017ca uczyni\u0142 arcybiskupem, a kiedy ten zrzuci\u0142 purpur\u0119, uczyni\u0142 go ksi\u0119ciem. Przede wszystkim jednak wychowa\u0142 go na nieprawdopodobnego zbira, kt\u00f3ry bez wahania wykonywa\u0142 krwawe rozkazy ojca, a czasem sam wyznacza\u0142 sobie &#8222;brudn\u0105&#8221; robot\u0119. Z jego r\u0119ki i na rozkaz tatusia &#8211; papie\u017ca zgin\u0119li m. in.\u00a0trzeci m\u0105\u017c jego siostry, Lukrecji -Alfonso V z Aragonu tylko dlatego, \u017ce\u00a0Alu\u015b VI tej rodziny nie lubi\u0142, cho\u0107 zmusi\u0142 c\u00f3rk\u0119, aby tam w\u0142a\u015bnie za m\u0105\u017c si\u0119 wyda\u0142a &#8211; taki pojeb,\u00a0a potem zad\u017aga\u0142, kl\u0119cz\u0105cego przed tatusiem\u00a0cz\u0142owieka, kt\u00f3rego\u00a0Lukrecja autentycznie kocha\u0142a i\u00a0 to z wzajemno\u015bci\u0105, i kt\u00f3rego dziecka w\u0142a\u015bnie si\u0119 spodziewa\u0142a, a kt\u00f3ry kl\u0119cz\u0105c b\u0142aga\u0142 Alusiow\u0105 \u015bwi\u0105tobliwo\u015b\u0107 o r\u0119k\u0119 c\u00f3rki, ali\u015bci zb\u00f3j Cesare zada\u0142 cios z ty\u0142u, a\u017c krew sikn\u0119\u0142a na bia\u0142\u0105 sukman\u0119, \u015bwie\u017co po \u0142\u00f3\u017ckowych eksploatacjach przez tatusia-papie\u017ca na nagie cia\u0142o za\u0142o\u017con\u0105. Fajne by\u0142y czasy, nie powiem. Nico\u015b\u0107 tej &#8222;dynastii&#8221; objawi\u0142a si\u0119 pod koniec rz\u0105d\u00f3w totaln\u0105 niech\u0119ci\u0105 i wrogo\u015bci\u0105 zar\u00f3wno prostego ludu, jak i wysokich sfer \u00f3wczesnego \u015bwiata. Arcybiskupi, cz\u0142onkowie tego samego ko\u015bcio\u0142a podtruli Aleksandra, bo mieli do\u015b\u0107 despotyzmu i zagrabiania ich maj\u0105tk\u00f3w. Pierworodny syn, najpierw arcybiskup, potem ksi\u0105\u017c\u0119, a przez ca\u0142y czas\u00a0bandyta zosta\u0142 pochowany nie na cmentarzu, ale pod dziedzi\u0144cem ko\u015bcio\u0142a w Vianie, po kt\u00f3rym codziennie przechodz\u0105 tysi\u0105ce ludzi w\u0142a\u015bnie dlatego, \u017ceby &#8222;po nim deptali&#8221;. Nies\u0142awa, w jakiej zako\u0144czy\u0142a swoje rz\u0105dy &#8222;dynastia&#8221; Borgi\u00f3w by\u0142 ostrze\u017ceniem dla wielu w\u0142adc\u00f3w przez nast\u0119pne wieki. \u017bycie zap\u0142aci\u0142o im nie\u0142ask\u0105, ub\u00f3stwem i nico\u015bci\u0105 w\u0142a\u015bnie.<\/p>\n<p goog_docs_charIndex=\"2346\">Byli sobie komuni\u015bci; wszystko wiedzieli najlepiej. Kto si\u0119 im nie podoba\u0142, pozbawiony by\u0142 stanowiska, honor\u00f3w, przywilej\u00f3w. Kto si\u0119 im sprzeciwia\u0142 musia\u0142 si\u0119 liczy\u0107 z tym, \u017ce b\u0119dzie pozbawiony wolno\u015bci, pobity, torturowany, a nawet zabity. Nies\u0142awa, w jakiej komuni\u015bci zako\u0144czyli swoj\u0105 hegemoni\u0119 winna by\u0107 ostrze\u017ceniem dla nast\u0119pnych pokole\u0144 ewentualnych mo\u017cnow\u0142adc\u00f3w, tyran\u00f3w, despot\u00f3w i innych apodyktyk\u00f3w&#8230;<\/p>\n<p goog_docs_charIndex=\"2764\">By\u0142 sobie bank, a w nim &#8222;board of directors&#8221;, czyli rada dyrektor\u00f3w. Kto si\u0119 nie podoba sze\u015bciu z jedenastu dyrektor\u00f3w,\u00a0pozbawiony zostaje mo\u017cliwo\u015bci bycia dofinansowanym np. w dzia\u0142alno\u015bci kulturalnej&#8230;, albo przy organizacji Miko\u0142aja dla maluczkich.\u00a0Kto si\u0119 im bardzo nie podoba, pozbawiony zostaje funkcji, przywilej\u00f3w i honor\u00f3w&#8230;<\/p>\n<p goog_docs_charIndex=\"3106\">Rada Dyrektor\u00f3w Polsko-S\u0142owia\u0144skiej Federalnej Unii Kredytowej usun\u0119\u0142a ze swojego grona jedn\u0105 z wybranych, w tzw. demokratycznych wyborach, cz\u0142onkini\u0119 tej\u017ce Rady. Na stronie Internetowej nie ukaza\u0142a si\u0119 najmniejsza nawet wzmianka t\u0142umacz\u0105ca, dlaczego, wybrana przez Cz\u0142onk\u00f3w pani Dyrektor pozbawiona zosta\u0142a prawa udzia\u0142u w pracach rady. Mija\u0142y miesi\u0105ce i Cz\u0142onkowie sk\u0142adaj\u0105cy do banku swoje codzienne &#8222;ofiary&#8221;, buduj\u0105c jego finansow\u0105 pot\u0119g\u0119 nie doczekali si\u0119 \u017cadnego wyt\u0142umaczenia sytuacji, w kt\u00f3rej, wybrana przez nich Dyrektorka nie ma prawa wsp\u00f3\u0142decydowa\u0107 o losach ich pieni\u0119dzy.<\/p>\n<p goog_docs_charIndex=\"3693\">Lojalnie i zgodnie z &#8222;paragrafami&#8221; pani Dyrektor nie wypowiada\u0142a si\u0119 na ten temat, czuj\u0105c si\u0119 zobligowan\u0105 tajemnic\u0105 s\u0142u\u017cbow\u0105. Dzban nosi\u0142 wod\u0119, ale ucho w ko\u0144cu si\u0119 urwa\u0142o i pani Dyrektor odda\u0142a spraw\u0119 do s\u0105du, czuj\u0105c si\u0119 po prostu pokrzywdzon\u0105 decyzj\u0105 prezesa i pi\u0119ciu, tak, jak on g\u0142osuj\u0105cych cz\u0142onk\u00f3w Rady.<\/p>\n<p goog_docs_charIndex=\"4005\">Skoro sprawa jest w s\u0105dzie, to i przesta\u0142a by\u0107 tajemnic\u0105,\u00a0 a wgl\u0105d do dokument\u00f3w jest tak prosty, jak wypo\u017cyczenie ksi\u0105\u017cki w bibliotece. Dotar\u0142em do tych dokument\u00f3w i to, co mnie najbardziej zaskoczy\u0142o, to decyzja s\u0105du z <u goog_docs_charIndex=\"4227\">dnia 12 grudnia, 2008<\/u> nakazuj\u0105ca przywr\u00f3cenie\u00a0rzeczonej pani Dyrektor w poczet Rady Dyrektor\u00f3w, oraz zakaz zawieszania w obowi\u0105zkach, lub zast\u0105pienia inn\u0105 osob\u0105,\u00a0itp. Za\u00a0trzy dni minie miesi\u0105c, a rada Dyrektor\u00f3w na decyzj\u0119 s\u0105du nie reaguje. Drugim dokumentem, jaki mnie porazi\u0142 by\u0142 zbi\u00f3r tzw. &#8222;Affidavit\u00a0in Support&#8221;, czyli w wolnym t\u0142umaczeniu <em goog_docs_charIndex=\"4573\">wniosk\u00f3w wspieraj\u0105cych, broni\u0105cych <\/em>pani\u0105 Dyrektor, napisanych i podpisanych indywidualnie przez czterech cz\u0142onk\u00f3w Rady Dyrektor\u00f3w, kt\u00f3rzy g\u0142osowali nie tak, jak chcia\u0142by pan prezes. A trzecim elementem, kt\u00f3ry mnie prawie powali\u0142 na pod\u0142og\u0119 ze&#8230;\u015bmiechu\u00a0by\u0142o zdanie z obszernego &#8222;oskar\u017cenia&#8221; pani Dyrektor, skleconego w okropnym, urz\u0119dowym j\u0119zyku przez samego prezesa Rady Dyrektor\u00f3w. W ka\u017cdym razie on to podpisa\u0142, a mo\u017ce kleci\u0142 mu to jaki\u015b wybitny radca prawny i mo\u017ce jeszcze po egzaminie w tzw. Bar Association of New York. Niewa\u017cne.<\/p>\n<p goog_docs_charIndex=\"5111\">&#8222;Jedna baba, drugiej babie&#8230;&#8221;, tak si\u0119 \u015bpiewa na biesiadach, ale \u017ceby prezes najwi\u0119kszego banku polonijnego na &#8222;obczy\u017anie&#8221; pod\u015bpiewywa\u0142 sobie t\u0119 zbere\u017an\u0105 pie\u015bniczk\u0119 przy spisywaniu zarzut\u00f3w pod adresem jednego ze swoich wdp\u00f3\u0142pracownik\u00f3w&#8230;? Nie wypada. Ot\u00f3\u017c zdanie to brzmi (najpierw po angielsku): <strong goog_docs_charIndex=\"5412\">&#8222;Your continual exclamations at BOD meetings of votes being &#8222;6-5 again&#8221; apparently was also shared with Mr. Gold who should have had no knowledge about votes of the BOD without being informed by a member of the BOD&#8221;<\/strong>. Znaczy to ni mniej, ni wi\u0119cej tylko tyle, \u017ce: <em goog_docs_charIndex=\"5677\">Pani bezustanne wykrzykiwanie, \u017ce na spotkaniach Rady Dyrektor\u00f3w zn\u00f3w zag\u0142osowano &#8222;6-5&#8243; prawdopodobnie podzieli\u0142a pani r\u00f3wnie\u017c z Panem Gold, kt\u00f3ry nie powinien wiedzie\u0107 o sposobie g\u0142osowania w Radzie, nie b\u0119d\u0105c uprzednio poinformowanym przez kogo\u015b z tej\u017ce Rady Dyrektor\u00f3w&#8221;.<\/em><\/p>\n<p goog_docs_charIndex=\"5954\">W j\u0119zyku angielskim s\u0142owo &#8222;apparently&#8221; znaczy: widoczny, oczywisty, pozorny, przypuszczalny. Wi\u0119c pan prezes na podstawie przypuszcze\u0144, pozor\u00f3w, usuwa z rady ot, tak. Bo mu si\u0119 tak <em goog_docs_charIndex=\"6136\">apparently<\/em> podoba.<\/p>\n<p goog_docs_charIndex=\"6158\">&#8222;&#8230;without being informed by a member of the BOD&#8221; &#8211; <em goog_docs_charIndex=\"6212\">nie b\u0119d\u0105c poinformowanym przez jakiego\u015b cz\u0142onka Rady<\/em>, &#8211; K\u0142opot w tym, \u017ce Rada Dyrektor\u00f3w, to jedena\u015bcie os\u00f3b. Czemu akurat pad\u0142o na t\u0119 jedn\u0105, konkretn\u0105?\u00a0Pewnie dlatego,\u00a0\u017ce\u00a0wszystko jest takie <em goog_docs_charIndex=\"6406\">apparently&#8230;?<\/em><\/p>\n<p goog_docs_charIndex=\"6424\">Dajmy spok\u00f3j kabaretowi. Martwi mnie co innego. Ot\u00f3\u017c za niezastosowanie si\u0119 do decyzji s\u0105du o przywr\u00f3ceniu Krystyny Myssura w poczet Rady Dyrektor\u00f3w rzeczona Rada mo\u017ce otrzyma\u0107 kar\u0119 i to najprawdopodobniej finansow\u0105. Nie s\u0105dz\u0119, aby firma ubezpieczaj\u0105ca nasz bank zgodzi\u0142a si\u0119 wzi\u0105\u0107 ten wydatek na siebie, jak w przypadku sprawy z Bo\u017cen\u0105 Kami\u0144sk\u0105, gdzie chodzi o uchybienie przepisom o zachowaniu tajemnicy danych osobistych Cz\u0142onka.\u00a0 A przy okazji: wyrok w tej sprawie juz zapad\u0142, a my ci\u0105gle s\u0142yszymy od Rady Dyrektor\u00f3w, \u017ce &#8222;Kami\u0144ska chce 80 milion\u00f3w&#8221;. Czy to taka postkomunistyczna propaganda&#8230;?<\/p>\n<p goog_docs_charIndex=\"7030\">Sk\u0105d wi\u0119c we\u017am\u0105 dyrektorzy, gdyby trzeba by\u0142o zap\u0142aci\u0107 kar\u0119&#8230;? By\u0142oby fajnie, gdyby z w\u0142asnych kieszeni. Chodzi tu o sze\u015bciu dyrektor\u00f3w, kt\u00f3rzy przeg\u0142osowali wniosek o usuni\u0119cie Krystyny Myssura z &#8222;boardu&#8221;. A je\u015bli nie z w\u0142asnych kieszeni&#8230;? Nie s\u0105dz\u0119, aby kto\u015b da\u0142 si\u0119 nabra\u0107 prezesowi na kolejn\u0105 &#8222;\u015bciep\u0119&#8221; w obronie &#8222;uci\u015bnionych&#8221; dyrektor\u00f3w, kt\u00f3rzy, jak zwykle chcieli dobrze dla naszego banku&#8230;ha, ha, ha!!!<\/p>\n<p goog_docs_charIndex=\"7444\">Rozprawa ma si\u0119 odby\u0107 14 stycznia w S\u0105dzie Najwy\u017cszym Stanu NY, przy 360 Adams Street, na Brooklynie, o godzinie 9:30. Przyjd\u0119 tam z notesem.<\/p>\n<p goog_docs_charIndex=\"7588\">Chyba, \u017ce\u00a0Sze\u015bciu Wspania\u0142ych\u00a0zagra\u00a0na zw\u0142ok\u0119&#8230;Wtedy napisz\u0119 &#8211; &#8222;a nie m\u00f3wi\u0142em&#8230;?&#8221;<\/p>\n<p goog_docs_charIndex=\"7674\">A w og\u00f3le to mam konkretne pytania do prezesa:<\/p>\n<p goog_docs_charIndex=\"7723\">-Ile kosztowa\u0142y nasz\u0105 Uni\u0119 sprawy s\u0105dowe za Pana kadencji?<\/p>\n<p goog_docs_charIndex=\"7784\">-Ile z tego zap\u0142aci\u0142a firma ubezpieczaj\u0105ca, a ile pokryte zosta\u0142o z naszych pieni\u0119dzy?<\/p>\n<p goog_docs_charIndex=\"7873\">-Kto z cz\u0142onk\u00f3w RD wyje\u017adzi\u0142 najwi\u0119cej na tzw. szkolenia i czy wyegzekwowa\u0142 pan czego si\u0119 tam nauczy\u0142? (Hongkongi, Barcelony, Honolule i inne).<\/p>\n<p goog_docs_charIndex=\"8019\">Ch\u0119tnie zapozna\u0142bym si\u0119 z notatkami z Hongkongu na przyk\u0142ad. To musia\u0142y by\u0107 arcyciekawe szkolenia&#8230;dzi\u0144gdzia, mi\u0144gdzia, b\u017adzi\u0144dzia&#8230;\u0142an dala&#8230;<\/p>\n<p goog_docs_charIndex=\"8167\">-Jakiej wysoko\u015bci bonusy otrzymali funkcyjni pracownicy banku (\u015bwietnie zarabiaj\u0105cy) i jak to si\u0119 ma do bonus\u00f3w, jakie otrzymali zwykli pracownicy?<\/p>\n<p goog_docs_charIndex=\"8317\">-Jaki by\u0142 zarobek naszej Unii w 2008 z owego, ponad miliard dolar\u00f3w warto\u015bci, stanu finansowego?<br goog_docs_charIndex=\"8414\" \/><\/p>\n<p goog_docs_charIndex=\"8416\">Szef Komisji kongresowej przes\u0142uchuj\u0105cy dyrektora Lehman Brothers zada\u0142 mu trzykrotnie pytanie: czy to, co zrobi\u0142e\u015b jest etyczne i uczciwe w stosunku do tych, kt\u00f3rych pieni\u0119dzy u\u017cywa\u0142e\u015b, aby dawa\u0107 sobie bonusy? To samo pytanie zadawali dziennikarze, gdy odkryli, \u017ce funkcyjni &#8222;bankowcy&#8221; wyjechali sobie na kosztowne SPA, oczywi\u015bcie za pieni\u0105dze tych, kt\u00f3rych oszukiwali.<\/p>\n<p goog_docs_charIndex=\"8789\">Rada Dyrektor\u00f3w naszej Unii Kredytowej zn\u00f3w odchodzi daleko od swoich Cz\u0142onk\u00f3w. Mam wra\u017cenie, \u017ce tzw. &#8222;Oficjalny Komunikat Rady Dyrektor\u00f3w&#8221; jest odwr\u00f3ceniem uwagi od czego\u015b bardzo wa\u017cnego. T\u0142umaczenie, \u017ce Centrum nie dostanie pieni\u0119dzy, bo Kami\u0144ska, to kompletna dziecinada. Czyli nie dobro Centrum jest trosk\u0105 RD, a jaka\u015b tam zemsta na Kami\u0144skiej. Je\u015bli o mnie chodzi, to prezesem Centrum m\u00f3g\u0142by by\u0107 nawet jaki\u015b bezdomny i nie powinno to mie\u0107 \u017cadnego znaczenia w prowadzeniu opieki nad t\u0105 plac\u00f3wk\u0105 przez bank, kt\u00f3ry powsta\u0142 tylko dzi\u0119ki temu, \u017ce za\u0142o\u017cono Centrum Polsko-S\u0142owia\u0144skie. Klas\u0105 dyrektor\u00f3w banku by\u0142oby wzniesienie si\u0119 ponad prywatne podzia\u0142y i wspomaganie instytucji, kt\u00f3ra s\u0142u\u017cy Polonii. Niewa\u017cne, kto jest, lub kto b\u0119dzie prezesem CPS, &#8211; b\u0119d\u0119 broni\u0142 tej instytucji, bo jest Polonii potrzebna. Je\u015bli co\u015b jest nie tak, to istniej\u0105 &#8222;okr\u0105gle sto\u0142y&#8221;, rozmowy z w\u0142adzami, Cz\u0142onkami itp. Przesta\u0144my udawa\u0107 wielkich bonz\u00f3w, bo to jeszcze bardziej pokazuje, jak jeste\u015bmy zakompleksieni, a przy tym, jak z powodu prywatnych s\u0105d\u00f3w, os\u0105d\u00f3w, antypatii niszczymy to, co dziesi\u0105tkami lat budowali oddani Polonii dzia\u0142acze. Opami\u0119tajcie si\u0119!!<\/p>\n","protected":false},"excerpt":{"rendered":"<p>By\u0142 kiedy\u015b papie\u017c, Rodrigo Borgia, rodem z Walencji. Po wyborze przyj\u0105\u0142 imi\u0119 Aleksander VI. Mia\u0142 czworo dzieci -w tym s\u0142ynn\u0105 Lukrecj\u0119, o kt\u00f3rej napisano sporo &#8211; i mia\u0142 wiele, oficjalnych kochanek. By\u0142 jednym z najwi\u0119kszych tyran\u00f3w, despot\u00f3w i ludzi nieznosz\u0105cych jakiejkolwiek opozycji. By\u0142 cz\u0142owiekiem, kt\u00f3remu trzeba by\u0142o wy\u0142\u0105cznie przytakiwa\u0107. On wiedzia\u0142 wszystko najlepiej, on zawsze [&hellip;]<\/p>\n","protected":false},"author":2,"featured_media":0,"comment_status":"open","ping_status":"open","sticky":false,"template":"","format":"standard","meta":[],"categories":[4,3],"tags":[],"_links":{"self":[{"href":"https:\/\/sporek.com\/blog\/index.php?rest_route=\/wp\/v2\/posts\/123"}],"collection":[{"href":"https:\/\/sporek.com\/blog\/index.php?rest_route=\/wp\/v2\/posts"}],"about":[{"href":"https:\/\/sporek.com\/blog\/index.php?rest_route=\/wp\/v2\/types\/post"}],"author":[{"embeddable":true,"href":"https:\/\/sporek.com\/blog\/index.php?rest_route=\/wp\/v2\/users\/2"}],"replies":[{"embeddable":true,"href":"https:\/\/sporek.com\/blog\/index.php?rest_route=%2Fwp%2Fv2%2Fcomments&post=123"}],"version-history":[{"count":0,"href":"https:\/\/sporek.com\/blog\/index.php?rest_route=\/wp\/v2\/posts\/123\/revisions"}],"wp:attachment":[{"href":"https:\/\/sporek.com\/blog\/index.php?rest_route=%2Fwp%2Fv2%2Fmedia&parent=123"}],"wp:term":[{"taxonomy":"category","embeddable":true,"href":"https:\/\/sporek.com\/blog\/index.php?rest_route=%2Fwp%2Fv2%2Fcategories&post=123"},{"taxonomy":"post_tag","embeddable":true,"href":"https:\/\/sporek.com\/blog\/index.php?rest_route=%2Fwp%2Fv2%2Ftags&post=123"}],"curies":[{"name":"wp","href":"https:\/\/api.w.org\/{rel}","templated":true}]}}