{"id":124,"date":"2009-01-12T00:58:42","date_gmt":"2009-01-12T04:58:42","guid":{"rendered":"http:\/\/sporek.com\/blog\/?p=124"},"modified":"2009-01-14T02:05:43","modified_gmt":"2009-01-14T06:05:43","slug":"o-s-t-a-t-k-i-k-o-l-e-d-o-w-e","status":"publish","type":"post","link":"https:\/\/sporek.com\/blog\/?p=124","title":{"rendered":"Ostatki Kol\u0119dowe"},"content":{"rendered":"<p><font color=\"#ffffff\" style=\"background-color: #ff0000\">ZAPRASZAM NA KONCERT KOL\u0118D POLSKICH I MI\u0118DZYNARODOWYCH<\/font><\/p>\n<p><font color=\"#ffffff\" style=\"background-color: #ff0000\">ARTY\u015aCI I WIDOWNIA \u015aPIEWAJ\u0104 DO UPAD\u0141EGO<\/font><\/p>\n<p><font color=\"#ffffff\" style=\"background-color: #ff0000\">BEDZIE FAJNIE, JAK ZAWSZE<\/font><\/p>\n<p><font color=\"#ffffff\" style=\"background-color: #ff0000\">NIEDZIELA, 18 STYCZNIA, godz. 17:00<\/font><\/p>\n<p><font color=\"#ffffff\" style=\"background-color: #ff0000\">CENTRUM POLSKO-S\u0141OWIA\u0143SKIE<\/font><\/p>\n<p><font color=\"#ffffff\" style=\"background-color: #ff0000\">177 KENT STREET &#8211; GREENPOINT<\/font><\/p>\n<p><font color=\"#ffffff\" style=\"background-color: #ff0000\">JACEK ZGANIACZ,\u00a0fortepian<\/font><\/p>\n<p><font color=\"#ffffff\" style=\"background-color: #ff0000\">\u0141UKASZ\u00a0 WRO\u0143SKI, skrzypce\u00a0<\/font><\/p>\n<p><font color=\"#ffffff\" style=\"background-color: #ff0000\">BO\u017bENA BRZOZOWSKA, fortepian (akompaniament)<\/font><\/p>\n<p><font color=\"#ffffff\" style=\"background-color: #ff0000\">SOLI\u015aCI:<\/font><\/p>\n<p><font color=\"#ffffff\" style=\"background-color: #ff0000\">MICHELLE BARANOWSKA<\/font><\/p>\n<p><font color=\"#ffffff\" style=\"background-color: #ff0000\">ZUZANNA NIEWIADOMSKA<\/font><\/p>\n<p><font color=\"#ffffff\" style=\"background-color: #ff0000\">SONJA PASCHKE<\/font><\/p>\n<p><font color=\"#ffffff\" style=\"background-color: #ff0000\">SYLWIA ZAWROTNIAK<\/font><\/p>\n<p><font color=\"#ffffff\" style=\"background-color: #ff0000\">PADEREWSKI FESTIVAL CHORUS<\/font><\/p>\n<p><font color=\"#ffffff\" style=\"background-color: #ff0000\">ESPRIT de CHORUS<\/font><\/p>\n<p><font color=\"#ffffff\" style=\"background-color: #ff0000\">JANUSZ SPOREK &#8211; kierownictwo artystyczne<\/font><\/p>\n<p><font color=\"#ffffff\" style=\"background-color: #ff0000\">DONACJA $10<\/font><\/p>\n<p><font color=\"#ffffff\" style=\"background-color: #ff0000\">DZIECI DO LAT 12 &#8211; WST\u0118P WOLNY<\/font><\/p>\n<p><font color=\"#ffffff\" style=\"background-color: #ff0000\">PO KONCERCIE SPOTKANIE Z ARTYSTAMI, KAWA, CIASTO, LAMPKA WINA<\/font><\/p>\n","protected":false},"excerpt":{"rendered":"<p>ZAPRASZAM NA KONCERT KOL\u0118D POLSKICH I MI\u0118DZYNARODOWYCH ARTY\u015aCI I WIDOWNIA \u015aPIEWAJ\u0104 DO UPAD\u0141EGO BEDZIE FAJNIE, JAK ZAWSZE NIEDZIELA, 18 STYCZNIA, godz. 17:00 CENTRUM POLSKO-S\u0141OWIA\u0143SKIE 177 KENT STREET &#8211; GREENPOINT JACEK ZGANIACZ,\u00a0fortepian \u0141UKASZ\u00a0 WRO\u0143SKI, skrzypce\u00a0 BO\u017bENA BRZOZOWSKA, fortepian (akompaniament) SOLI\u015aCI: MICHELLE BARANOWSKA ZUZANNA NIEWIADOMSKA SONJA PASCHKE SYLWIA ZAWROTNIAK PADEREWSKI FESTIVAL CHORUS ESPRIT de CHORUS JANUSZ SPOREK [&hellip;]<\/p>\n","protected":false},"author":2,"featured_media":0,"comment_status":"open","ping_status":"open","sticky":false,"template":"","format":"standard","meta":[],"categories":[5],"tags":[],"_links":{"self":[{"href":"https:\/\/sporek.com\/blog\/index.php?rest_route=\/wp\/v2\/posts\/124"}],"collection":[{"href":"https:\/\/sporek.com\/blog\/index.php?rest_route=\/wp\/v2\/posts"}],"about":[{"href":"https:\/\/sporek.com\/blog\/index.php?rest_route=\/wp\/v2\/types\/post"}],"author":[{"embeddable":true,"href":"https:\/\/sporek.com\/blog\/index.php?rest_route=\/wp\/v2\/users\/2"}],"replies":[{"embeddable":true,"href":"https:\/\/sporek.com\/blog\/index.php?rest_route=%2Fwp%2Fv2%2Fcomments&post=124"}],"version-history":[{"count":0,"href":"https:\/\/sporek.com\/blog\/index.php?rest_route=\/wp\/v2\/posts\/124\/revisions"}],"wp:attachment":[{"href":"https:\/\/sporek.com\/blog\/index.php?rest_route=%2Fwp%2Fv2%2Fmedia&parent=124"}],"wp:term":[{"taxonomy":"category","embeddable":true,"href":"https:\/\/sporek.com\/blog\/index.php?rest_route=%2Fwp%2Fv2%2Fcategories&post=124"},{"taxonomy":"post_tag","embeddable":true,"href":"https:\/\/sporek.com\/blog\/index.php?rest_route=%2Fwp%2Fv2%2Ftags&post=124"}],"curies":[{"name":"wp","href":"https:\/\/api.w.org\/{rel}","templated":true}]}}