{"id":125,"date":"2009-01-21T03:23:32","date_gmt":"2009-01-21T07:23:32","guid":{"rendered":"http:\/\/sporek.com\/blog\/?p=125"},"modified":"2009-01-21T03:58:16","modified_gmt":"2009-01-21T07:58:16","slug":"polonia-kontra-polonia-4","status":"publish","type":"post","link":"https:\/\/sporek.com\/blog\/?p=125","title":{"rendered":"Polonia kontra Polonia &#8211; 4"},"content":{"rendered":"<p goog_docs_charIndex=\"1\">A nie m\u00f3wi\u0142em? Czyli Polonia kontra Polonia ci\u0105g dalszy&#8230;Rozprawa, o kt\u00f3rej pisa\u0142em w poprzednim artykule nie wesz\u0142a na wokand\u0119, czyli wszystko zgodnie z moimi przypuszczeniami. Pami\u0119tasz, Drogi Czytelniku moje s\u0142owa: <em goog_docs_charIndex=\"225\"><strong goog_docs_charIndex=\"226\">&#8222;A nie m\u00f3wi\u0142em?&#8221;<\/strong><\/em>\u00a0<!--more--><\/p>\n<p goog_docs_charIndex=\"63\">Oto sala s\u0105dowa.\u00a0W d\u0142ugich \u0142awkach chyba ze sto kilkana\u015bcie ludzi; pozywaj\u0105cy i broni\u0105cy si\u0119, oraz ich adwokaci. Dyrektor Myssura po prawej stronie d\u0142ugiej \u0142awy pod \u015bcian\u0105 ze swoim adwokatem. W \u0142awie przed ni\u0105, ale po lewej stronie adwokaci Unii Kredytowej. Zdziwi\u0142em si\u0119, \u017ce obok zatrudnionego na etacie mecenasa Sosnowskiego siedzi prawniczka z Madison Avenue. To nie s\u0105 tanie firmy. Czy\u017cby etatowy prawnik Unii Kredytowej by\u0142 za s\u0142aby na t\u0119 spraw\u0119&#8230;? Kiedy wywo\u0142ano spraw\u0119 &#8222;Krystyna Myssura versus Polish &amp; Slavic Federal Credit Union&#8221; adwokaci Unii zerwali si\u0119 z miejsc i ruszyli lew\u0105 stron\u0105 sali w kierunku pot\u0119\u017cnego sto\u0142u s\u0119dziowskiego, &#8211; praw\u0105 poszli skar\u017c\u0105cy &#8211; Dyr. Myssura i jej adwokat. Urz\u0119dniczka przygotowuj\u0105ca dokumentacj\u0119 dla s\u0119dziego zacz\u0119\u0142a zadawa\u0107 pytania. Szybko okaza\u0142o si\u0119, \u017ce pozwu nie otrzyma\u0142a cz\u0142onkini Rady Dyrektor\u00f3w pani W\u0105do\u0142owska. Ot, zmieni\u0142a adres nie powiadamiaj\u0105c o tym Uii Kredytowej. Ot, tak. Zdziwi\u0142o mnie, \u017ce mecenas Sosnowski w\u0142a\u015bciwie nie m\u00f3wi\u0142 nic. Dysput\u0119 z s\u0119dziowsk\u0105 urz\u0119dniczk\u0105 prowadzi\u0142a adwokatka z Madison Avenue. Naprawd\u0119 dziwne. Mecenas Sosnowski jest z Filadelfii&#8230;czy\u017cby nie mia\u0142 nowojorskiej licencji?<\/p>\n<p goog_docs_charIndex=\"63\">Sprawa zosta\u0142a odroczona, a pani Myssura zobowi\u0105zana do dostarczenia pozwu wszystkim, pozwanym\u00a0dyrektorom, przede wszystkim za\u015b pani W\u0105do\u0142owskiej.<\/p>\n<p goog_docs_charIndex=\"63\">Wpad\u0142a mi do r\u0105k opinia National Credit Union Administration. Wed\u0142ug niej takie usuni\u0119cie cz\u0142onka rady Dyrektor\u00f3w powinno si\u0119 odby\u0107 poprzez Walne Zebranie Cz\u0142onk\u00f3w, czyli nas, tych, kt\u00f3rych pieni\u0105dze bogac\u0105 nasz bank. Na ch\u0142opski rozum bardzo logicznie, bo to my g\u0142osowali\u015bmy, wi\u0119c od nas powinno zale\u017ce\u0107, czy j\u0105 wyrzuci\u0107, czy nie. I w\u0142a\u015bciwie nie musia\u0142oby by\u0107 \u017cadnych spraw s\u0105dowych. Wystarczy\u0142oby trzymanie si\u0119 rozporz\u0105dze\u0144 instytucji nadrz\u0119dnej. Co\u015b tu nie gra. Poczekajmy do nast\u0119pnej rozprawy.<\/p>\n<p goog_docs_charIndex=\"63\">Kilka dni potem wybra\u0142em si\u0119 do prezesa Rady Dyrektor\u00f3w. Powiedzia\u0142 mi, \u017ce \u017ale interpretuj\u0119 opini\u0119 NCUA. Skierowa\u0142em rozmow\u0119 na temat Centrum Polsko-S\u0142owia\u0144skiego. Pan prezes bardzo jest przej\u0119ty warto\u015bci\u0105 tej instytucji dla Polonii, ale p\u00f3ki jest tam pani Kami\u0144ska dyrektorzy banku nie wezm\u0105 udzia\u0142u w \u017cadnej rozmowie, w \u017cadnym &#8222;okr\u0105g\u0142ym stole&#8221;. Zaproponowa\u0142em siebie, jako mediatora&#8230; &#8222;Nie, absolutnie nie wchodzi w gr\u0119, &#8211; odpar\u0142 prezes-. Tak d\u0142ugo, jak w radzie dyrektor\u00f3w b\u0119dzie Kami\u0144ska, my nie b\u0119dziemy z Centrum rozmawia\u0107 &#8211; nawet je\u015bli pan by\u0142by mediatorem&#8221;. Szkoda, ju\u017c my\u015bla\u0142em, \u017ce b\u0119d\u0119\u00a0jak Colin Powell, albo co.<\/p>\n<p goog_docs_charIndex=\"63\">Prezes Matyszczyk gor\u0105czkowo szuka nowego sponsora Unii kredytowej i uwa\u017ca, \u017ce powinno ich by\u0107 wi\u0119cej. Wymieni\u0142 Komitet Parady Pu\u0142askiego. Przypomn\u0119- jest to instytucja, kt\u00f3ra raz w roku robi bal dla tych, kt\u00f3rzy s\u0142ono zap\u0142ac\u0105 za talerz i miejsce przy stole w sali balowej Waldorf Astoria, raz w roku zam\u00f3wi msz\u0119 \u015bw. w Katedrze \u015awi\u0119tego Patryka (najlepiej nie p\u0142ac\u0105c ch\u00f3rom za u\u015bwietnienie tej mszy cudownym \u015bpiewem (vide artyku\u0142 o Paradzie &#8211; pa\u017adziernik, 2008), raz w roku po tej mszy zorganizuje \u015bniadanie dla specjalnych go\u015bci, z kt\u00f3rych obecno\u015bci na wsp\u00f3lnej jajecznicy w Waldorf Astoria nic dla\u00a0przeci\u0119tnego Polonusa\u00a0nie wynika i\u00a0 raz w roku jej cz\u0142onkowie przemaszeruj\u0105 wzd\u0142u\u017c Pi\u0105tej Alei, ko\u0144cz\u0105c ten uci\u0105\u017cliwy marsz na trybunie honorowej. Ot, ca\u0142a robota Komitetu Parady Pu\u0142askiego. A, przepraszam, jest jeszcze jeden setny wysi\u0142ek: kr\u00f3tko po paradzie typuj\u0105 (nie myli\u0107 z wyborem) marsza\u0142ka nast\u0119pnej parady. Najlepiej, \u017ceby to by\u0142 jaki\u015b Amerykanin z polskimi korzeniami, ledwie m\u00f3wi\u0105cy po polsku, jakby polskich biznesmen\u00f3w, ci\u0119\u017cko haruj\u0105cych, wspieraj\u0105cych dzieci, sportowc\u00f3w, niesprawnych, kultur\u0119 by\u0142o za ma\u0142o. Tacy ju\u017c jeste\u015bmy &#8211; byle obcy klepn\u0105\u0142 nas po \u0142opatkach.<\/p>\n<p goog_docs_charIndex=\"63\">Jako &#8222;sponsor&#8221; Unii Kredytowej, Komitet Parady by\u0142by w prawie do otrzymywania dotacji z tej\u017ce Unii. Pytanie tylko na co. Przecie\u017c Komitet nie p\u0142aci grupom defiluj\u0105cym. A, co si\u0119 b\u0119d\u0119 rozpisywa\u0142&#8230;<\/p>\n<p goog_docs_charIndex=\"63\">Tymczasem Centrum Polsko-S\u0142owia\u0144skie prowadzi bardzo szeroki zakres pomocy Polonii. Czy robi to dobrze, to musz\u0105 oceni\u0107 ci, kt\u00f3rzy o t\u0119 pomoc prosz\u0105. Ja otrzyma\u0142em sporo pomocy &#8211; w sprawach dotycz\u0105cych obywatelstwa, koncert\u00f3w w sali przy Kent Street, cateringu dla ch\u00f3ru i orkiestry, kt\u00f3ra koncertowa\u0142a ze mn\u0105 w Katedrze z okazji Dnia Niepodleg\u0142o\u015bci, a nawet reklam w programie telewizyjnym. Czy wykorzystuje (Centrum) wszystkie mo\u017cliwo\u015bci, jakie posiada? Tu bym dyskutowa\u0142, bo na przyk\u0142ad ja bym o wiele lepiej wykorzysta\u0142, za\u0142\u00f3\u017cmy, sal\u0119 koncertow\u0105\u00a0przy Kent Street. Zreszt\u0105 ja si\u0119 tam dwukrotnie &#8222;podk\u0142ada\u0142em&#8221; do pracy etatowej, ale najpierw \u015bp. Ojciec Zembrzuski powiedzia\u0142 mi, \u017ce nie potrzebuj\u0105 takich jak ja fachowc\u00f3w (tzn. od muzyki),\u00a0 &#8211; no to za\u0142o\u017cy\u0142em w\u0142asn\u0105 szko\u0142\u0119 muzyczn\u0105 i dzia\u0142a do dzi\u015b, a po ostatnim koncercie kol\u0119d wielu podchodzi\u0142o, by powiedzie\u0107 mi, \u017ce moje koncerty i te wielkie i te mniejsze, to\u00a0zawsze tzw. &#8222;wydarzenie artystyczne&#8221;.\u00a0Potem, kiedy &#8222;zaaplikowa\u0142em&#8221; o stanowisko &#8222;kierownika kulturalnego&#8221;, (co za okropna funkcja &#8211; kierownicy najcz\u0119\u015bciej bywaj\u0105 niekulturalni), to &#8222;przes\u0142uchuj\u0105ce&#8221; mnie na t\u0119 okoliczno\u015b\u0107 grono spec\u00f3w od kultury pod wodz\u0105 &#8222;poety &#8211; prawie noblisty&#8221; &#8211; Tadeusza Chabrowskiego stwierdzi\u0142o, \u017ce si\u0119 kompletnie nie nadaj\u0119 (<em>tymczasem po odczytaniu podczas ostatniego koncertu mojego wiersza o Ojczy\u017anie ludziom same &#8222;kap, kap pop\u0142yn\u0119\u0142y \u0142zy&#8221;-<\/em>Blog, pa\u017adziernik, 2008<em>).<\/em> No to zacz\u0105\u0142em robi\u0107 koncerty w Carnegie Hall, gdzie dla odmiany ludzie nie znaj\u0105cy si\u0119 chyba na organizacji koncert\u00f3w stwierdzili, \u017ce jestem w tym \u015bwietny. Zrobi\u0142em pietna\u015bcie w ci\u0105gu dziesi\u0119ciu lat,\u00a0czego w ponad stuletniej historii tej zacnej instytucji nie zrobi\u0142 \u017caden cz\u0142owiek polskiego pochodzenia, a tym bardziej z Rajczy. S\u0142owo daj\u0119, \u017ce coraz cz\u0119\u015bciej patrz\u0119 na tych wszystkich &#8222;dzia\u0142aczy&#8221;, jak Zeus z jakiego Parnasu i mam ochot\u0119 wyr\u017cn\u0105\u0107 gromy z b\u0142yskawicami, co by w jednych trafi\u0142y, a innym rozja\u015bni\u0142y umys\u0142y.<\/p>\n<p goog_docs_charIndex=\"63\">Nast\u0119pna rozprawa niebawem. Te\u017c pojad\u0119&#8230;z ciekawo\u015bci. A nu\u017c (chcia\u0142em napisa\u0107 &#8222;n\u00f3\u017c&#8221;, bo mi si\u0119 sam w kieszeni otwiera) b\u0119dzie co\u015b nowego, albo znowu &#8211; &#8222;a nie m\u00f3wi\u0142em&#8230;?&#8221; To by by\u0142o na do\u015b\u0107, albo &#8222;na tyle&#8221; (a na &#8222;przodzie&#8221; tylko piersi do order\u00f3w, albo&#8230;wyjazd\u00f3w na szkolenia do ciep\u0142ych kraj\u00f3w).<br goog_docs_charIndex=\"251\" \/>\u00a0<\/p>\n","protected":false},"excerpt":{"rendered":"<p>A nie m\u00f3wi\u0142em? Czyli Polonia kontra Polonia ci\u0105g dalszy&#8230;Rozprawa, o kt\u00f3rej pisa\u0142em w poprzednim artykule nie wesz\u0142a na wokand\u0119, czyli wszystko zgodnie z moimi przypuszczeniami. Pami\u0119tasz, Drogi Czytelniku moje s\u0142owa: &#8222;A nie m\u00f3wi\u0142em?&#8221;\u00a0<\/p>\n","protected":false},"author":2,"featured_media":0,"comment_status":"open","ping_status":"open","sticky":false,"template":"","format":"standard","meta":[],"categories":[3],"tags":[],"_links":{"self":[{"href":"https:\/\/sporek.com\/blog\/index.php?rest_route=\/wp\/v2\/posts\/125"}],"collection":[{"href":"https:\/\/sporek.com\/blog\/index.php?rest_route=\/wp\/v2\/posts"}],"about":[{"href":"https:\/\/sporek.com\/blog\/index.php?rest_route=\/wp\/v2\/types\/post"}],"author":[{"embeddable":true,"href":"https:\/\/sporek.com\/blog\/index.php?rest_route=\/wp\/v2\/users\/2"}],"replies":[{"embeddable":true,"href":"https:\/\/sporek.com\/blog\/index.php?rest_route=%2Fwp%2Fv2%2Fcomments&post=125"}],"version-history":[{"count":0,"href":"https:\/\/sporek.com\/blog\/index.php?rest_route=\/wp\/v2\/posts\/125\/revisions"}],"wp:attachment":[{"href":"https:\/\/sporek.com\/blog\/index.php?rest_route=%2Fwp%2Fv2%2Fmedia&parent=125"}],"wp:term":[{"taxonomy":"category","embeddable":true,"href":"https:\/\/sporek.com\/blog\/index.php?rest_route=%2Fwp%2Fv2%2Fcategories&post=125"},{"taxonomy":"post_tag","embeddable":true,"href":"https:\/\/sporek.com\/blog\/index.php?rest_route=%2Fwp%2Fv2%2Ftags&post=125"}],"curies":[{"name":"wp","href":"https:\/\/api.w.org\/{rel}","templated":true}]}}