{"id":127,"date":"2009-01-27T01:10:56","date_gmt":"2009-01-27T05:10:56","guid":{"rendered":"http:\/\/sporek.com\/blog\/?p=127"},"modified":"2009-01-27T02:22:29","modified_gmt":"2009-01-27T06:22:29","slug":"moj-rok-jubileuszowy-1","status":"publish","type":"post","link":"https:\/\/sporek.com\/blog\/?p=127","title":{"rendered":"M\u00f3j Rok Jubileuszowy 1"},"content":{"rendered":"<p>Jubileusz &#8211;\u00a0s\u0142owo, kt\u00f3re przede wszystkim \u015bwiadczy o mijaj\u0105cym czasie. Musimy ten proces akceptowa\u0107\u00a0z podniesion\u0105 g\u0142ow\u0105. Umys\u0142 ludzki zdo\u0142a\u0142 ju\u017c zatrzyma\u0107 kilka \u017cywio\u0142\u00f3w; wymy\u015blono tamy na rzekach, technik\u0119 gaszenia po\u017car\u00f3w, lecimy\u00a0w przestrze\u0144 kosmiczn\u0105, potrafimy skaka\u0107 z kilku tysi\u0119cy metr\u00f3w pod parasolem spadochronu itd, itp. Czas, niestety nie chce podda\u0107 si\u0119 kontroli naszego umys\u0142u, podobnie zreszt\u0105 wiatr, kt\u00f3ry, jak dmuchnie ca\u0142\u0105 si\u0142\u0105 swoich p\u0142uc niszczy wszystko, co napotyka na swojej drodze. <!--more-->Lata lec\u0105. Nie odkry\u0142em Ameryki. Ale tu, w Ameryce odkry\u0142em co\u015b, za czym poszed\u0142em ca\u0142ym sob\u0105, a\u017c do zatracenia. Odkry\u0142em, \u017ce potrafi\u0119 co\u015b zorganizowa\u0107, co\u015b du\u017cego. Nie mia\u0142em z tym problemu w Polsce. By\u0142em uwa\u017cany za prawie doskona\u0142ego organizatora; stworzy\u0142em O\u015brodek Pracy Pozaszkolnejw Rybniku, kt\u00f3ry sta\u0142 si\u0119 modelowy dla innych o\u015brodk\u00f3w w Rybnickim Okr\u0119gu W\u0119glowym. W tym\u017ce OPP zorganizowa\u0142em dzieci\u0119cy zesp\u00f3\u0142 pie\u015bni i ta\u0144ca &#8222;Przygoda&#8221;. Rywalizowali\u015bmy z warszawsk\u0105 &#8222;Gaw\u0119d\u0105&#8221;. &#8222;Gaw\u0119dy&#8221; ju\u017c dawno nie ma. &#8222;Przygoda&#8221; istnieje do dzi\u015b. Wystarczy wej\u015b\u0107 na <a goog_docs_charIndex=\"1087\" href=\"http:\/\/www.rybnik.pl\/\">www.rybnik.pl<\/a> by na stronie tego miasta znale\u017a\u0107 informacje o zespole. To ju\u017c ponad 35 lat. Zorganizowa\u0142em G\u00f3rniczy Zesp\u00f3\u0142 Pie\u015bni i Ta\u0144ca, &#8222;G\u00f3rnicy&#8221;. Niestety, zmiany polityczno-gospodarcze zmiot\u0142y go z powierzchni ziemi. Organizowa\u0142em mn\u00f3stwo imprez kulturalnych i chyba na zasadzie <em goog_docs_charIndex=\"1372\">&#8222;czym skorupka za m\u0142odu nasi\u0105knie, tym na staro\u015b\u0107 tr\u0105ci&#8221;,<\/em> nie potrafi\u0142em tak si\u0119 tutaj zapami\u0119ta\u0107 w pogoni za pieni\u0105dzem i dobrobytem, by odm\u00f3wi\u0107 sobie organizowania i udzia\u0142u w imprezach kulturalnych, a \u015bci\u015ble muzycznych. M\u00f3j pierwszy, wielki koncert odby\u0142 si\u0119 w Avery Fisher Hall &#8211; g\u0142\u00f3wnej sali Lincoln Center, w maju, 1988 roku. Polish-American Folk Dance Company prowadzony przez Stanley&#8217;a Pelca zaproponowa\u0142 mi napisanie Suity Rzeszowskiej, korekt\u0119\u00a0wi\u0105zanki krakowskich, oraz poprowadzenie koncertu z okazji 50-lecia zespo\u0142u. Pami\u0119tam, \u017ce gdy stan\u0105\u0142em na proscenium tej pot\u0119\u017cnej i pi\u0119knej sali nogi ugi\u0119\u0142y si\u0119 pode mn\u0105. Nigdy przedtem nie wyst\u0119powa\u0142em w takiej &#8222;studni&#8221;. Najwy\u017csze balkony wyda\u0142y mi si\u0119 si\u0119ga\u0107 nieba. Wszystkie miejsca, prawie trzy tysi\u0105ce krzese\u0142 zaj\u0119te by\u0142y przez sympatyk\u00f3w tego \u015bwietnego zespo\u0142u. Musia\u0142em wyj\u015b\u0107 pierwszy, bo 30-osobowa orkiestra rozpoczyna\u0142a ten koncert. Na gumowych nogach docz\u0142apa\u0142em si\u0119 do orkiestry, w kt\u00f3rej za pulpitem flet\u00f3w siedzia\u0142 m\u00f3j syn, siedemnastoletni w\u00f3wczas Wojtek. W\u0142a\u015bciwie tylko jego wtedy widzia\u0142em, a my\u015bl pod czaszk\u0105 mia\u0142em jedn\u0105: &#8222;no, stary, skoro jeste\u015bcie razem w tej sali, to trzeba da\u0107 czadu&#8221;. Mialem do\u015bwiadczenie z Polski, to prawda, ale musz\u0119 przyzna\u0107, \u017ce adrenalina w Lincoln Center mia\u0142a zdecydowanie wi\u0119ksz\u0105 moc, ni\u017c ta w Rybniku. Nios\u0142o, jak na skrzyd\u0142ach. Tancerze i ch\u00f3rzy\u015bci zespo\u0142u dzi\u0119kowali mi po koncercie za \u015bwietn\u0105 wsp\u00f3\u0142prac\u0119, r\u00f3wne tempa, dok\u0142adne wej\u015bcia itp. Tak wi\u0119c w niespe\u0142na rok po wyl\u0105dowaniu na ameryka\u0144skiej ziemi zaliczy\u0142em jedn\u0105 z najbardziej presti\u017cowych sal. W tym\u017ce, 1988 wsp\u00f3tworzy\u0142em ch\u00f3r mieszany Hejna\u0142, zosta\u0142em wybrany na Generalnego Dyregenta VII Okr\u0119gu Zwi\u0105zku \u015apiewak\u00f3w Polskich w Ameryce i rozpocz\u0119\u0142a si\u0119 moja czternastoletnia przygoda z ch\u00f3rami. Zjazdy w przer\u00f3\u017cnych miastach stan\u00f3w Nowy Jork, Michigan, Illinois, Pennsylwanii, Connecticut, New Jersey. P\u00f3\u017an\u0105 wiosn\u0105, 1989 roku Kongres Polonii Ameryka\u0144skiej zleci\u0142 mi opracowanie szesnastu utwor\u00f3w patriotyczno-religijnych do specjalnego koncertu w Katedrze \u015aw. Patryka z okazji 50-lecia wybuchu II Wojny \u015awiatowej. Kongres zaproponowa\u0142 $100 za ka\u017cdy utw\u00f3r. Chcia\u0142em conajmniej 300-400, a mo\u017ce i 500 dolar\u00f3w za ka\u017cdy utw\u00f3r. Termin by\u0142 kr\u00f3tki, praca niezwykle \u017cmudna i wymagaj\u0105ca ogromnego wysi\u0142ku umys\u0142owego. Przedstawiciel Kongresu w osobie ksi\u0119dza (co si\u0119 potem o\u017ceni\u0142) upiera\u0142 si\u0119, \u017ce nie ma funduszy, a dla mnie to powinien by\u0107 zaszczyt i okazja do pokazania si\u0119 etc.\u00a0Kompletnie nie\u015bwiadom tutejszych stawek przyj\u0105\u0142em w ko\u0144cu te warunki. Koncert odby\u0142 si\u0119 hucznie; ch\u00f3r \u015aw. Cecyli z ko\u015bcio\u0142a Stanis\u0142awa Kostki, na Greenpoincie, orkiestra, wnetrze Katedry. Dosta\u0142em $1600, co\u00a0w tamtych czasach przelicza\u0142o si\u0119 na ponad rok pracy w Polsce i pod\u015bwiadomie by\u0142em bardzo z siebie dumny. Pech (dla mnie i dla Kongresu) chcia\u0142, \u017ce kilka tygodni p\u00f3\u017aniej pozna\u0142em ameryka\u0144sk\u0105 kompozytork\u0119. Pokaza\u0142em jej skoroszyt z moimi aran\u017cacjami na orkiestr\u0119 i ch\u00f3r, a ona na to: &#8222;<em goog_docs_charIndex=\"4299\">szcz\u0119\u015bciarz z ciebie, zarobi\u0142e\u015b na spokojne \u017cycie przynajmniej przez rok&#8221;. <\/em>Cooo?-zapyta\u0142em. Kiedy powiedzia\u0142em\u00a0jej za ile zgodzi\u0142em si\u0119 to napisa\u0107 wi\u0119cej si\u0119 ju\u017c ze mna nie spotka\u0142a. No c\u00f3\u017c, pewnie wygl\u0105da\u0142em na faceta z wypasionym portfelem, a tu klapa. Smutna refleksja na temat traktowania artyst\u00f3w przez rodzime organizacje powtarza\u0142a si\u0119 p\u00f3\u017aniej, gdy przychodzi\u0142o do ustalania stawek za dyrygowanie, organizowanie koncert\u00f3w itd. Powiem kt\u00f3rtko: w \u017cadnym sklepie nie dostan\u0119 nic za darmo, lekarz nie udzieli mi porady za darmo, prawnik nie udzieli porady, ani us\u0142ugi za darmo, ale muzyk bardzo cz\u0119sto proszony jest, aby za darmo zagra\u0142, za darmo zadyrygowa\u0142, za darmo za\u015bpiewa\u0142. A jak ju\u017c przyjdzie do pieni\u0119dzy, to jak najmniej, bo nie ma funduszy. Przyk\u0142ad: Ch\u00f3r Maria\u0144ski z Krakowa-jeden z najwspanialszych na \u015bwiecie- nie dosta\u0142 ani centa po cudownym \u015bpiewaniu w Katedrze \u015aw. Patryka podczas mszy z okazji Parady Pu\u0142askiego. Nawet nie zaproszono\u00a0ich na \u015bniadanie. Organizatorzy tej imprezy maj\u0105 na wszystko pieni\u0105dze, tylko nie na artyst\u00f3w. Teraz jeszcze Unia Kredytowa chce ich na &#8222;sponsora&#8221;, \u017ceby mieli chyba na podw\u00f3jn\u0105 jajecznic\u0119 w Woldorf Astoria. Cdn.<\/p>\n","protected":false},"excerpt":{"rendered":"<p>Jubileusz &#8211;\u00a0s\u0142owo, kt\u00f3re przede wszystkim \u015bwiadczy o mijaj\u0105cym czasie. Musimy ten proces akceptowa\u0107\u00a0z podniesion\u0105 g\u0142ow\u0105. Umys\u0142 ludzki zdo\u0142a\u0142 ju\u017c zatrzyma\u0107 kilka \u017cywio\u0142\u00f3w; wymy\u015blono tamy na rzekach, technik\u0119 gaszenia po\u017car\u00f3w, lecimy\u00a0w przestrze\u0144 kosmiczn\u0105, potrafimy skaka\u0107 z kilku tysi\u0119cy metr\u00f3w pod parasolem spadochronu itd, itp. Czas, niestety nie chce podda\u0107 si\u0119 kontroli naszego umys\u0142u, podobnie zreszt\u0105 wiatr, [&hellip;]<\/p>\n","protected":false},"author":2,"featured_media":0,"comment_status":"open","ping_status":"open","sticky":false,"template":"","format":"standard","meta":[],"categories":[5],"tags":[],"_links":{"self":[{"href":"https:\/\/sporek.com\/blog\/index.php?rest_route=\/wp\/v2\/posts\/127"}],"collection":[{"href":"https:\/\/sporek.com\/blog\/index.php?rest_route=\/wp\/v2\/posts"}],"about":[{"href":"https:\/\/sporek.com\/blog\/index.php?rest_route=\/wp\/v2\/types\/post"}],"author":[{"embeddable":true,"href":"https:\/\/sporek.com\/blog\/index.php?rest_route=\/wp\/v2\/users\/2"}],"replies":[{"embeddable":true,"href":"https:\/\/sporek.com\/blog\/index.php?rest_route=%2Fwp%2Fv2%2Fcomments&post=127"}],"version-history":[{"count":0,"href":"https:\/\/sporek.com\/blog\/index.php?rest_route=\/wp\/v2\/posts\/127\/revisions"}],"wp:attachment":[{"href":"https:\/\/sporek.com\/blog\/index.php?rest_route=%2Fwp%2Fv2%2Fmedia&parent=127"}],"wp:term":[{"taxonomy":"category","embeddable":true,"href":"https:\/\/sporek.com\/blog\/index.php?rest_route=%2Fwp%2Fv2%2Fcategories&post=127"},{"taxonomy":"post_tag","embeddable":true,"href":"https:\/\/sporek.com\/blog\/index.php?rest_route=%2Fwp%2Fv2%2Ftags&post=127"}],"curies":[{"name":"wp","href":"https:\/\/api.w.org\/{rel}","templated":true}]}}