{"id":129,"date":"2009-01-28T12:55:36","date_gmt":"2009-01-28T16:55:36","guid":{"rendered":"http:\/\/sporek.com\/blog\/?p=129"},"modified":"2009-01-28T13:02:45","modified_gmt":"2009-01-28T17:02:45","slug":"uwaga","status":"publish","type":"post","link":"https:\/\/sporek.com\/blog\/?p=129","title":{"rendered":"UWAGA"},"content":{"rendered":"<p goog_docs_charIndex=\"1\">Szanowni Czytelnicy. Wiem, \u017ce artyku\u0142y dotycz\u0105ce konfliku na linii Unia Kredytowa &#8211; Centrum Polsko-S\u0142owia\u0144skie wzbudzaj\u0105 wiele emocji. Posypa\u0142o si\u0119 sporo komentarzy. Wszystkich wpisuj\u0105cych si\u0119 z komentarzem pragn\u0119 stanowczo poinformowa\u0107, \u017ce nie b\u0119d\u0119 zamieszcza\u0142 tekst\u00f3w, kt\u00f3re zawieraj\u0105 oskar\u017cenia -(w tym wypadku tak Pani Kami\u0144skiej, jak Pana J\u00f3\u017awiaka, jak i Pana Matyszczyka, a r\u00f3wnie\u017c Pa\u0144 Sawczuk i Kajewskiej-Pielarz), kt\u00f3re oparte s\u0105 wy\u0142\u0105cznie na domniemaniach i przypuszczeniach. <!--more-->Nie bed\u0119 pisa\u0142 o domach, samochodach, ani o sposobie ich zakupu. Nie interesuje mnie, czy by\u0142y transakcje pod sto\u0142em, czy w krzakach. Nie interesuje mnie kto ile mia\u0142 \u017con, dzieci, te\u015bciowych. Nie interesuj\u0105 mnie biznesy. To nie s\u0105 sprawy zwi\u0105zane z moimi tekstami. Moj\u0105 trosk\u0105 jest wy\u0142\u0105cznie kwestia wzajemnego i pozytywnego porozumienia wspomnianych wy\u017cej instytucji. Pod tekstem <strong><em>Polonia kontra Polonia-5<\/em><\/strong> zamie\u015bci\u0142em wszelako dwa komentarze Pani Iwony Konarskiej i zrobi\u0142em to wy\u0142\u0105cznie dlatego, \u017ce ich Autorka uderzy\u0142a we mnie. Zamie\u015bci\u0142em wi\u0119c moj\u0105 uwag\u0119 pod Jej drugim komentarzem. Nie, nie oddam sprawy do s\u0105du. To ani nie jest w moim typie, ani nie jest moim celem. Kilka lat temu <a goog_docs_charIndex=\"1084\" href=\"http:\/\/www.monitorpolski.com\/\">www.monitorpolski.com<\/a> zamie\u015bci\u0142 obrzydliwy artyku\u0142 na m\u00f3j temat w kontek\u015bcie koncertu Stasia Drzewieckiego, oskar\u017caj\u0105c mnie o to, \u017ce nie zap\u0142aci\u0142em Stasiowi za jego koncert. Nikt nie pofatygowa\u0142 si\u0119, aby przyj\u015b\u0107 do mnie i zobaczy\u0107 podpisany przez ojca artysty dokument potwierdzaj\u0105cy odbi\u00f3r wynagrodzenia. Sta\u015b mia\u0142 w\u00f3wczas 15 lat i nie z nim prowadzi\u0142em rozmowy finansowe, lecz z jego ojcem. Ale pytano jego &#8211; pi\u0119tnastoletnie pachol\u0119. Prawda by\u0142a i\u00a0jest\u00a0taka, \u017ce nadal le\u017cy u mnie dokument wys\u0142any mi przez ojca m\u0142odego artysty, na kilka mieisi\u0119cy przed koncertem, w kt\u00f3rym zobowi\u0105za\u0142 si\u0119 do przekazania mi na potrzeby reklamy $5,000.00 (pi\u0119\u0107 tysi\u0119cy dolar\u00f3w) od siebie, jako rodzica, oraz $10,000.00 (dziesi\u0119\u0107 tysi\u0119cy dolar\u00f3w) z Fundacji Talent\u00f3w prowadzonej przez pani\u0105 Czeszejko-Sochack\u0105&#8230;.&#8221;bo chcemy mie\u0107 pe\u0142n\u0105 sal\u0119. Mieli. Aby zareklamowa\u0107 Stasia zapo\u017cyczy\u0142em si\u0119 u mojego przyjaciela, kt\u00f3ry widz\u0105c ten dokument nie mia\u0142 problemu, by mi nie wierzy\u0107. Nigdy &#8211; powtarzam &#8211; NIGDY nie zobaczy\u0142em przyrzeczonych pieni\u0119dzy. Przyjacielowi musia\u0142em odda\u0107 wszystko, co zarobi\u0142em i do\u0142o\u017cy\u0107 brakuj\u0105ce kilka tysi\u0119cy. Przez ponad dwa lata &#8222;monitor polski&#8221; trzyma\u0142 ten paszkwil na g\u0142\u00f3wnej stronie. Ich artyku\u0142 &#8222;Szum wok\u00f3\u0142 Sporka&#8221; odbi\u0142 si\u0119 szerokim echem a\u017c po Australi\u0119, sk\u0105d otrzyma\u0142em kilka obra\u017aliwych e-maili od moich dawnych znajomych, kompletnie rozczarowanych, \u017ce sta\u0107 mnie by\u0142o na &#8222;wykorzystanie&#8221; m\u0142odego artysty.\u00a0Mog\u0142em wtedy odda\u0107 &#8222;monitor&#8221; do s\u0105du i wygra\u0107 kilkadziesi\u0105t tysi\u0119cy, a mo\u017ce i siedmiocyfrow\u0105 kwot\u0119, -nie wiem. Nie odda\u0142em, bo nie\u00a0le\u017cy to w moim charakterze. Nawet nie za\u017c\u0105da\u0142em publicznych przeprosin. Mam to gdzie\u015b. Znam siebie, znam swoj\u0105 uczciwo\u015b\u0107 i poza uczuciem przykro\u015bci nic innego takie rzeczy\u00a0mi nie czyni\u0105. Wierz\u0119 w ludzk\u0105 uczciwo\u015b\u0107 (mo\u017ce naiwnie) i to, \u017ce nie wszyscy daj\u0105 si\u0119 \u0142apa\u0107 na lep tanich akcji &#8222;czyszczenia Polonii&#8221;. Przedstawiciel &#8222;monitora&#8221; dopiero\u00a0pod koniec ubieg\u0142ego\u00a0roku, tu\u017c przed Bo\u017cym Narodzeniem, po pi\u0119ciu latach, zdoby\u0142 si\u0119 na telefon, w kt\u00f3rym powiedzia\u0142 mi, \u017ce jest mu przykro, \u017ce zasz\u0142o to, co zasz\u0142o. Rozmawia\u0142em z nim, jak z cz\u0142owiekiem skruszonym i wybaczy\u0142em to, co mi zrobili. O wiele \u0142atwiej uderza si\u0119 tzw. &#8222;osob\u0119 publiczn\u0105&#8221;.\u00a0 Ja, niestety sta\u0142em si\u0119 osob\u0105 publiczn\u0105, ale, czy mam \u017ca\u0142owa\u0107 mojej dzia\u0142alno\u015bci w dziedzinie muzyki? Ani my\u015bl\u0119. Wtedy wygraj\u0105 te prymitywne tendencje, kt\u00f3re chc\u0105 niszczy\u0107. Nie tworzy\u0107.<\/p>\n<p goog_docs_charIndex=\"8\">Z\u0142e s\u0142owo podane do publicznej wiadomo\u015bci, nie poparte prawdziwo\u015bci\u0105 fakt\u00f3w staje si\u0119 krzywd\u0105, kt\u00f3r\u0105 trudno z\u0142agodzi\u0107 up\u0142ywem czasu.<\/p>\n<p goog_docs_charIndex=\"8\">Na mi\u0142o\u015b\u0107 bosk\u0105 nie mn\u00f3\u017cmy dowod\u00f3w na to, \u017ce wszystko, co potrafimy najlepiej, to wzajemne oczernianie. M\u00f3wmy o konkretach, co do kt\u00f3rych mamy, albo \u015bwiadk\u00f3w, albo &#8222;twarde dowody&#8221;. Cierpliwo\u015b\u0107 ka\u017cdego z nas ma ograniczon\u0105 wytrzyma\u0142o\u015b\u0107. Mo\u017ce pewnego dnia postanowi\u0119 zarobi\u0107 &#8222;\u0142atwe pieni\u0105dze&#8221; i spotka\u0107 si\u0119 w s\u0105dzie z kim\u015b, kto tak post\u0119puje? W tym kraju &#8222;celebrities&#8221; maj\u0105 sporo praw. W ko\u0144cu na swoj\u0105 popularno\u015b\u0107\u00a0pracowali ci\u0119\u017cko ca\u0142ymi latami.<br goog_docs_charIndex=\"2572\" \/><\/p>\n","protected":false},"excerpt":{"rendered":"<p>Szanowni Czytelnicy. Wiem, \u017ce artyku\u0142y dotycz\u0105ce konfliku na linii Unia Kredytowa &#8211; Centrum Polsko-S\u0142owia\u0144skie wzbudzaj\u0105 wiele emocji. Posypa\u0142o si\u0119 sporo komentarzy. Wszystkich wpisuj\u0105cych si\u0119 z komentarzem pragn\u0119 stanowczo poinformowa\u0107, \u017ce nie b\u0119d\u0119 zamieszcza\u0142 tekst\u00f3w, kt\u00f3re zawieraj\u0105 oskar\u017cenia -(w tym wypadku tak Pani Kami\u0144skiej, jak Pana J\u00f3\u017awiaka, jak i Pana Matyszczyka, a r\u00f3wnie\u017c Pa\u0144 Sawczuk i [&hellip;]<\/p>\n","protected":false},"author":2,"featured_media":0,"comment_status":"open","ping_status":"open","sticky":false,"template":"","format":"standard","meta":[],"categories":[3],"tags":[],"_links":{"self":[{"href":"https:\/\/sporek.com\/blog\/index.php?rest_route=\/wp\/v2\/posts\/129"}],"collection":[{"href":"https:\/\/sporek.com\/blog\/index.php?rest_route=\/wp\/v2\/posts"}],"about":[{"href":"https:\/\/sporek.com\/blog\/index.php?rest_route=\/wp\/v2\/types\/post"}],"author":[{"embeddable":true,"href":"https:\/\/sporek.com\/blog\/index.php?rest_route=\/wp\/v2\/users\/2"}],"replies":[{"embeddable":true,"href":"https:\/\/sporek.com\/blog\/index.php?rest_route=%2Fwp%2Fv2%2Fcomments&post=129"}],"version-history":[{"count":0,"href":"https:\/\/sporek.com\/blog\/index.php?rest_route=\/wp\/v2\/posts\/129\/revisions"}],"wp:attachment":[{"href":"https:\/\/sporek.com\/blog\/index.php?rest_route=%2Fwp%2Fv2%2Fmedia&parent=129"}],"wp:term":[{"taxonomy":"category","embeddable":true,"href":"https:\/\/sporek.com\/blog\/index.php?rest_route=%2Fwp%2Fv2%2Fcategories&post=129"},{"taxonomy":"post_tag","embeddable":true,"href":"https:\/\/sporek.com\/blog\/index.php?rest_route=%2Fwp%2Fv2%2Ftags&post=129"}],"curies":[{"name":"wp","href":"https:\/\/api.w.org\/{rel}","templated":true}]}}