{"id":130,"date":"2009-01-31T14:41:25","date_gmt":"2009-01-31T18:41:25","guid":{"rendered":"http:\/\/sporek.com\/blog\/?p=130"},"modified":"2009-01-31T15:01:52","modified_gmt":"2009-01-31T19:01:52","slug":"ech-polonio-ty-moja","status":"publish","type":"post","link":"https:\/\/sporek.com\/blog\/?p=130","title":{"rendered":"Ech, Polonio Ty Moja"},"content":{"rendered":"<p>Od wielu lat pr\u00f3buj\u0119 dociec, co jest przyczyn\u0105, \u017ce nie do\u015b\u0107, i\u017c nie mamy \u017cadnej znacz\u0105cej si\u0142y, jako nacja w tym kraju, to jeszcze zmagamy si\u0119 z problemami wewn\u0105trz naszej, emigracyjnej spo\u0142eczno\u015bci. Czy s\u0105 to kompleksy, z kt\u00f3rymi tu przyje\u017cd\u017camy, czy jest to bariera j\u0119zykowa i zamykamy si\u0119 w zamkni\u0119tym kr\u0119gu Polonus\u00f3w, czy s\u0105 to b\u0142\u0119dy w prowadzeniu naszych, polonijnych organizacji, czy wreszcie jakie\u015b &#8222;narodowe przywary&#8221;? Wa\u0144kowicz pisa\u0142, \u017ce cierpimy na co\u015b, co nazwa\u0142 on &#8222;bezintresown\u0105 zawi\u015bci\u0105&#8221;.<!--more-->\u00a0Owszem, przyk\u0142ady tej przywary s\u0105 do\u015b\u0107 cz\u0119ste i bardzo widoczne. Najcz\u0119\u015bciej s\u0105 to jednak przyk\u0142ady jednostkowe. Moje przemy\u015blenia id\u0105 nieco dalej. Jestem tu ju\u017c prawie dwadzie\u015bcia dwa lata i to, co najbardziej rzuca si\u0119 w \u015bwiadomo\u015b\u0107, to nazwiska prezes\u00f3w, przewodnicz\u0105cych i jakich\u015b tam wysoko-funkcyjnych dzia\u0142aczy. Ot\u00f3\u017c dziwnie s\u0105 to ci\u0105gle ci sami ludzie, a w najlepszym wypadku jaka\u015b tam organizacja zd\u0105\u017cy\u0142a zmieni\u0107 prezesa co najwy\u017cej dwa, trzy razy. Ale s\u0105 prezesi, kt\u00f3rzy &#8211; gdy przylecia\u0142em pierwszy raz w 1986, na p\u00f3\u0142 roku &#8211;\u00a0ju\u017c byli prezesami i s\u0105 nimi do dzi\u015b. Czy nie ma rotacyjnych kadencji? Czy to jest mo\u017cliwe, aby jeden cz\u0142owiek by\u0142 nie do zast\u0105pienia przez tyle lat? Druga rzecz to ta, \u017ce te same nazwiska przewijaj\u0105 si\u0119 w\u015br\u00f3d wysokich funkcyjnych dw\u00f3ch, trzech organizacji. Czy to choroba na tytu\u0142y, czy te\u017c uniwersalno\u015b\u0107 tych ludzi? Obserwuj\u0105c ich aktywno\u015b\u0107, a raczej brak aktywno\u015bci, optowa\u0142bym za pierwsz\u0105 diagnoz\u0105. Je\u015bli tak, to mamy do czynienia z kompleksami leczonymi ilo\u015bci\u0105 tytu\u0142\u00f3w prezesowskich bez wzgl\u0119du na to, czy jeste\u015bmy w danej organizacji przydatni, czy nie. Przyjmujemy tytu\u0142, bo nam go proponuj\u0105, bo ju\u017c gdzie\u015b tam, w innej organizacji by\u0142em prezesem. W wi\u0119kszo\u015bci obdarowywanie si\u0119 prezesurami, v-ce prezesurami ma charakter kurtuazyjny i st\u0105d kompletna stagnacja w dzia\u0142aniu. Konsekwencj\u0105 tego, ale te\u017c i konsekwencj\u0105 kompletnego zaniedbania w programach naszych organizacji jest prawie ca\u0142kowity brak ludzi m\u0142odych. Z drugiej strony, je\u015bli ju\u017c uda si\u0119 nam\u00f3wi\u0107 kilku m\u0142odych na uczestnictwo w zebraniu, albo imprezie organizowanej przez jak\u0105\u015b organizacj\u0119, to refleksja tych m\u0142odych po, jest zgo\u0142a negatywna. Mia\u0142em takiej sytuacji osobisty przypadek; dw\u00f3jka m\u0142odych ludzi powiedzia\u0142a &#8211; <em>nie, i nigdy wi\u0119cej nas nie namawiaj, to nie dla nas. My\u015bleli\u015bmy, \u017ce to s\u0105 jakie\u015b ciekawe rzeczy, ale nie mamy ochoty bra\u0107 udzia\u0142u w wa\u015bniach, wzajemnych kpinach, walce o funkcje.<br \/>\n<\/em>I nigdy nie wr\u00f3cili.<br \/>\nKolejnym problemem jest fakt, \u017ce przybywaj\u0105c z kraju, w kt\u00f3rym mit ameryka\u0144skiej demokracji by\u0142 r\u00f3wnie mocny, jak ojczy\u017aniana ograniczono\u015b\u0107 wolno\u015bci s\u0142owa i demokracja w stylu komitetu centralnego, wpadamy nagle w obszary zjawisk socjologicznych, z kt\u00f3rymi nie dajemy sobie rady, albo dzia\u0142amy w spos\u00f3b zupe\u0142nie opaczny. Owocuje to na przyk\u0142ad kompletn\u0105 wrogo\u015bci\u0105 do nowo wybranych w\u0142adz organizacji, czy instytucji typu bank ze strony tych, kt\u00f3rzy zostali &#8222;wymienieni&#8221; i odsuni\u0119ci z foteli prezes\u00f3w, w stosunku do tych, kt\u00f3rych wybrano w tzw. demokratycznych wyborach. Owocuje to r\u00f3wnie\u017c tym, \u017ce demokracj\u0119 rozumiemy\u00a0jako narzucanie innym naszego sposobu my\u015blenia. Zdarza mi si\u0119, \u017ce w dyskusjach m\u00f3j punkt widzenia inny, ni\u017c mojego adwersa\u017ca, kwitowany jest albo epitetem typu &#8222;pan jest chory&#8221;, &#8222;pan ma jakie\u015b kosmiczne teorie&#8221;, albo pukni\u0119ciem palcem w czo\u0142o. Wida\u0107 to r\u00f3wnie\u017c na Internecie, gdzie wysy\u0142ane s\u0105 dziesi\u0105tki list\u00f3w proponuj\u0105cych przeczytanie tego, co pod jakim\u015b tam linkiem jest do przeczytania, ale z gotow\u0105 sugesti\u0105, jak nale\u017cy to rozumie\u0107. Tymczasem demokracja polega r\u00f3wnie\u017c na tym, \u017ce mamy mie\u0107 wyb\u00f3r, w tym wyb\u00f3r interpretacji tez zawartych w tekstach.<br \/>\nOczywi\u015bcie, \u017ce wiele zale\u017cy od tego jakim cz\u0142owiecze\u0144stwem dysponuje dany prezes, czy kandydat na prezesa, ale po to wymy\u015blono kadencje, aby przypadki negatywnej prezesury zako\u0144czy\u0107 wyborem nowego prezesa. Tymczasem po kilku latach &#8222;panowania&#8221; wielu prezes\u00f3w poczyna nagina\u0107 statut swojej organizacji do potrzeb przed\u0142u\u017cenia swojej kadencji. Naj\u015bmieszniejszy jest fakt, \u017ce pono\u0107 we wszystkich tych naszych organizacjach funkcje w zarz\u0105dach sprawuje si\u0119 spo\u0142ecznie, co znaczy bez profit\u00f3w finansowych i wszelkiej ma\u015bci profit\u00f3w materialnych. Prawda&#8230;? Je\u015bli tak, to zupe\u0142nie nie rozumiem walki o &#8222;przetrwanie&#8221; jeszcze kolejnej kadencji.<br \/>\nTurbulencje wewn\u0105trz polonijne odsuwaj\u0105 nas daleko od tego, aby wej\u015b\u0107 w obszary aktywno\u015bci na &#8222;rynku ameryka\u0144skim&#8221;. O tym, \u017ce w politycznych elitach USA s\u0105 Polacy \u015bwiadczy tylko jeden w\u0142a\u015bcie cz\u0142owiek &#8211; Prof. Zbigniew Brzezi\u0144ski, ju\u017c niestety emeryt. I koniec.<br \/>\nWieloletno\u015b\u0107 pe\u0142nienia funkcji prezesowskich przewraca prezesom we \u0142bach do cna i powoduje, \u017ce zaczynaj\u0105 o sobie my\u015ble\u0107, i\u017c s\u0105 Alf\u0105 i Omeg\u0105 w ka\u017cdej dziedzinie. Nie tylko tej, kt\u00f3r\u0105 narzuca im charakter organizacji, jak\u0105 prowadz\u0105. Powoduje to, \u017ce poczynaj\u0105 traktowa\u0107 szeregowych cz\u0142onk\u00f3w, a i statut organizacji, jak przekl\u0119ty pomiot, kt\u00f3ry jedynie przeszkadza im w byciu prezesem. I tak na przyk\u0142ad dwa lata temu us\u0142yszeli\u015bmy na Walnym Zebraniu Unii Kredytowej, \u017ce Walne Zebranie Cz\u0142onk\u00f3w nie ma \u017cadnej mocy decyzjonalnej. Akurat odwrotnie, ni\u017c m\u00f3wi statut.<br \/>\nW\u0142adza psuje, to nie nowe stwierdzenie. Rutyna to te\u017c zjawisko zagra\u017caj\u0105ce post\u0119powi.<br \/>\nInklinacje do przekr\u0119t\u00f3w; To chyba najgorsza przywara, na jak\u0105 cierpi\u0105 prezesi. A przekr\u0119tem jest w\u0142a\u015bnie np: powy\u017csze stwierdzenie o Walnym Zebraniu. Oby tylko takie by\u0142y. Ale i ten jest nies\u0142ychanie niebezpieczny. Przekr\u0119tem jest pozbawianie funkcji tych, kt\u00f3rzy zostali wybrani w g\u0142osowaniu. Przekr\u0119tem jest obdarowywanie niezas\u0142u\u017conymi premiami, czy wyjazdami. Przekr\u0119tem i zaniedbaniem jest nieegzekwowanie co cz\u0142onek rady wyje\u017cd\u017caj\u0105cy na elitarne szkolenie np. do Barcelony, albo Szanghaju skorzysta\u0142 na tym kursie, czy w og\u00f3le ucz\u0119szcza\u0142 na zaj\u0119cia. Przekr\u0119tem jest to, \u017ce ludzie z Greenpointu, czy Brooklynu figuruj\u0105, jako cz\u0142onkowie unii kredytowej, ale w &#8230;Clark, NJ. Przekr\u0119tem jest, \u017ce nie istniej\u0105 konkretne listy cz\u0142onk\u00f3w naszego banku przy konkretnych sponsorach. Kto\u015b, kto wymy\u015bli\u0142 tych nowych sponsor\u00f3w musia\u0142 cierpie\u0107 na niewiarygodnie wybuja\u0142\u0105 fantazj\u0119 pod nazw\u0105 &#8222;jak trwoni\u0107 pieni\u0105dze&#8221;. Rozwin\u0119 ten temat innym razem. Przekr\u0119tem jest to, \u017ce powoduje si\u0119 sytuacje tzw. &#8222;konfliktu biznesu&#8221;, jak te\u017c i to, \u017ce Centrum Polsko-S\u0142owia\u0144skie przez ca\u0142e lata, jako organizacja charytatywna nie wyst\u0119powa\u0142a o tzw. granty. A mia\u0142a do tego ca\u0142kiem dobrze op\u0142acan\u0105 pani\u0105 &#8222;dyrektor wykonawcz\u0105&#8221;. Nie wiem, jak ma si\u0119 do siebie pe\u0142nienie funkcji spo\u0142ecznej i jednocze\u015bnie bycie zatrudnionym w danej organizacji, ale je\u015bli jest to konflikt, to powinien by\u0107 jak najszybciej rozwi\u0105zany.<br \/>\nCzy mamy szanse wyj\u015b\u0107 poza w\u0142asny, polonijny p\u0142ot? Chyba nie. M\u0142odzi nie maj\u0105 ochoty, a nawet gdyby mieli&#8230;&#8221;starzy&#8221; \/niekoniecznie wiekiem\/ nie odpuszcz\u0105. K\u00f3\u0142ko zamkni\u0119te, \u0142apa w nocniku.<\/p>\n","protected":false},"excerpt":{"rendered":"<p>Od wielu lat pr\u00f3buj\u0119 dociec, co jest przyczyn\u0105, \u017ce nie do\u015b\u0107, i\u017c nie mamy \u017cadnej znacz\u0105cej si\u0142y, jako nacja w tym kraju, to jeszcze zmagamy si\u0119 z problemami wewn\u0105trz naszej, emigracyjnej spo\u0142eczno\u015bci. Czy s\u0105 to kompleksy, z kt\u00f3rymi tu przyje\u017cd\u017camy, czy jest to bariera j\u0119zykowa i zamykamy si\u0119 w zamkni\u0119tym kr\u0119gu Polonus\u00f3w, czy s\u0105 to [&hellip;]<\/p>\n","protected":false},"author":2,"featured_media":0,"comment_status":"open","ping_status":"open","sticky":false,"template":"","format":"standard","meta":[],"categories":[3],"tags":[],"_links":{"self":[{"href":"https:\/\/sporek.com\/blog\/index.php?rest_route=\/wp\/v2\/posts\/130"}],"collection":[{"href":"https:\/\/sporek.com\/blog\/index.php?rest_route=\/wp\/v2\/posts"}],"about":[{"href":"https:\/\/sporek.com\/blog\/index.php?rest_route=\/wp\/v2\/types\/post"}],"author":[{"embeddable":true,"href":"https:\/\/sporek.com\/blog\/index.php?rest_route=\/wp\/v2\/users\/2"}],"replies":[{"embeddable":true,"href":"https:\/\/sporek.com\/blog\/index.php?rest_route=%2Fwp%2Fv2%2Fcomments&post=130"}],"version-history":[{"count":0,"href":"https:\/\/sporek.com\/blog\/index.php?rest_route=\/wp\/v2\/posts\/130\/revisions"}],"wp:attachment":[{"href":"https:\/\/sporek.com\/blog\/index.php?rest_route=%2Fwp%2Fv2%2Fmedia&parent=130"}],"wp:term":[{"taxonomy":"category","embeddable":true,"href":"https:\/\/sporek.com\/blog\/index.php?rest_route=%2Fwp%2Fv2%2Fcategories&post=130"},{"taxonomy":"post_tag","embeddable":true,"href":"https:\/\/sporek.com\/blog\/index.php?rest_route=%2Fwp%2Fv2%2Ftags&post=130"}],"curies":[{"name":"wp","href":"https:\/\/api.w.org\/{rel}","templated":true}]}}