{"id":145,"date":"2009-03-04T14:30:00","date_gmt":"2009-03-04T18:30:00","guid":{"rendered":"http:\/\/sporek.com\/blog\/?p=145"},"modified":"2009-03-04T14:41:29","modified_gmt":"2009-03-04T18:41:29","slug":"cisza-przed-burza","status":"publish","type":"post","link":"https:\/\/sporek.com\/blog\/?p=145","title":{"rendered":"Cisza przed burz\u0105"},"content":{"rendered":"<p>Woda w usta, czy te\u017c &#8222;przeciwnicy&#8221; Centrum nie maj\u0105 argument\u00f3w&#8230;? W ostatnim czasie &#8222;przy\u0142apa\u0142em&#8221; przedstawicielk\u0119 Rady Dyrektor\u00f3w Unii na k\u0142amliwej informacji. Ot\u00f3\u017c powiedzia\u0142a mi &#8211; moja kole\u017canka skadin\u0105d &#8211; Bo\u017cena Pielarz, \u017ce Centrum zwolni\u0142o pracownik\u00f3w na Ridgewood i w New Jersey, co spowodowa\u0142o decyzj\u0119 Banku o odebraniu pomieszcze\u0144 w tych\u017ce miejscach. Zbada\u0142em spraw\u0119 <!--more-->i okazuje si\u0119, \u017ce Centrum poinformowa\u0142o Uni\u0119, i\u017c programy zostaj\u0105 z a w i e s z o n e, (a nie zlikwidowane) i zostan\u0105 uruchomione natychmiast po otrzymaniu pieni\u0119dzy ze sk\u0142adek cz\u0142onkowskich; pracownicy s\u0105 na zasi\u0142ku dla bezrobotnych (unemployment) i wr\u00f3c\u0105, gdy tylko rozpocznie si\u0119 dzia\u0142alno\u015b\u0107 program\u00f3w. Administracja Centrum rozmawia\u0142a z tymi pracownikami, ustalaj\u0105c ca\u0142\u0105 procedur\u0119. Nie jest wi\u0119c tak, \u017ce s\u0105 oni wyrzuceni na bruk. Unia otrzyma\u0142a na ten temat pismo z dok\u0142adn\u0105 informacj\u0105. Po co to k\u0142amstwo?<br \/>\nJaka jest dzi\u015b sytuacja? Ot\u00f3\u017c sponsorzy: Clark i Copiague otrzymali z Unii pieni\u0105dze ze sk\u0142adek, cho\u0107 nie prowadzi si\u0119 tam \u017c a d n y c h program\u00f3w, jakie ma Centrum, natomiast: Unia nie odpowiedzia\u0142a do dzi\u015b na przed\u0142o\u017cony Radzie Dyrektor\u00f3w, podpisany przez Centrum Kontrakt, czyli &#8222;ugi\u0119cie&#8221; si\u0119 Centrum pod presj\u0105 wytworzon\u0105 przez Uni\u0119 nie mia\u0142o najmniejszego sensu. Polityka Unii pozostaje bez zmian, &#8211; jak od lat: nie odpowiadamy na pisma. Co wi\u0119cej &#8211; \u017caden z lider\u00f3w obecnych na pami\u0119tnym, pi\u0105tkowym spotkaniu nie udzieli\u0142 ani jednego pomieszczenia na kontynuowanie program\u00f3w, co by\u0142o tak podkre\u015blone w Komunikacie prasowym. Nikt z tzw. &#8222;grupy roboczej&#8221; nie pofatygowa\u0142 si\u0119 do Centrum, aby &#8211; o czym zn\u00f3w z naciskiem m\u00f3wi Komunikat prasowy -&#8222;monitorowa\u0107 dzia\u0142alno\u015b\u0107 Centrum&#8221;. Trudno nazwa\u0107 monitoringiem wizyt\u0119 jednej z cz\u0142onki\u0144 tego gremium, kt\u00f3ra na drugi dzie\u0144 po owym zebraniu &#8222;wpad\u0142a&#8221; do sto\u0142\u00f3wki i zapowiedzia\u0142a, \u017ce &#8222;tu si\u0119 wszystko zmieni&#8221;. To jaka\u015b kpina z ludu.<br \/>\nCentrum nadal nie otrzyma\u0142o pieni\u0119dzy i los program\u00f3w, oraz Cz\u0142onk\u00f3w, kt\u00f3rzy z nich korzystali le\u017cy wy\u0142\u0105cznie w pok\u0142adach osobistej niech\u0119ci dyrektor\u00f3w naszego Banku do Bo\u017ceny Kami\u0144skiej. To tak, jakby Donald Tusk nie chcia\u0142 podpisa\u0107 jakich\u015b porozumie\u0144, np. z Francj\u0105, bo nie lubi Sarkozy&#8217;ego. Czy tu jest jaka\u015b logika?<br \/>\nA ja pami\u0119tam, \u017ce osobi\u015bcie nie znosi\u0142em Bo\u017ceny Kami\u0144skiej, ale poszed\u0142em negocjowa\u0107 wynaj\u0119cie sali na koncert kol\u0119d, bo przy\u015bwieca\u0142 mi konkretny cel: zrobi\u0107 koncert dla Polonii na Greenpoincie. Wy\u017cszo\u015b\u0107 tego celu zdecydowa\u0142a, \u017ce to uczyni\u0142em. Nie musia\u0142em si\u0119 ani z ni\u0105 \u015bciska\u0107, ani ca\u0142owa\u0107, ani o\u015bwiadcza\u0107, \u017ce nagle j\u0105 polubi\u0142em. Ustalili\u015bmy warunki, koncert si\u0119 odby\u0142, ch\u00f3r pokry\u0142 nale\u017cno\u015bci, a wszystko po to, aby publiczno\u015b\u0107 by\u0142a zadowolona. Kropka.<br \/>\nNasi &#8222;bankowcy&#8221; (przepraszam, ale opr\u00f3cz Tomasza Bortnika nie widz\u0119 w tej Radzie ani jednego specjalisty od finans\u00f3w) wi\u0105\u017c\u0105 jednak uczucia z biznesem, wbrew staremu porzekad\u0142u: w biznesie nie ma sentyment\u00f3w. M\u00f3j dobry znajomy napieprza (znowu przepraszam, ale to najlepsze s\u0142owo) na \u017cyd\u00f3w, ale nie przeszkadza mu to robi\u0107 z nimi interesy, (trudno tu robi\u0107 interesy z kim innym, wi\u0119c mo\u017ce sobie napieprza\u0107 do woli).<br \/>\nWida\u0107 do\u015b\u0107 wyra\u017anie, \u017ce dyrektorzy Unii lubi\u0105 dzia\u0142aczy z Copiague i Clark i przelewaj\u0105 im pieni\u0105dze w terminie, ale nie lubi\u0105 Komi\u0144skiej, wi\u0119c pieni\u0119dzy nie przelewaj\u0105, na pisma nie odpowiadaj\u0105. A jeszcze niedawno podpisanie Kontraktu by\u0142o podstawowym warunkiem (vide kontry Pani Konarskiej). Mamy wi\u0119c do czynienia z jakim\u015b dziwnym przypadkiem, kt\u00f3ry polecam studentom kierunk\u00f3w biznesowych do rozpracowania, jako pracy dyplomowej. Ju\u017c nawet mam tytu\u0142: &#8222;Mi\u0142o\u015b\u0107, a biznes&#8221;.<br \/>\nUnia ma zreszt\u0105 teraz inne problemy. Osobi\u015bcie jestem ciekaw, czy opublikowane zostan\u0105 wszystkie opinie przes\u0142ane do Unii w ostatnim czasie przez NCUA na temat Krystyny Myssury, pani W\u0105do\u0142owskiej, czy sposobu zatwierdzenia nowych sponsor\u00f3w. Ciekaw jestem r\u00f3wnie\u017c, czy i kiedy Rada Dyrektor\u00f3w poinformuje Cz\u0142onk\u00f3w, na kt\u00f3rych Unia opiera swoje bogactwo o walnym zebraniu. Min\u0119\u0142y ju\u017c wszystkie, tradycyjnie dot\u0105d zachowywane terminy: powo\u0142anie komisji nominacyjnej, og\u0142oszenie dat zbierania podpis\u00f3w, no i daty samego zebrania. Indolencja absolutnie niegodna na\u015bladowania.<br \/>\nA w najbli\u017csz\u0105 niedziel\u0119, o godzinie 14-ej zebranie Centrum z og\u0142oszeniem sposobu rozporz\u0105dzania bud\u017cetem. Czy przedstawiciele Rady Dyrektor\u00f3w Unii Kredytowej zaszczyc\u0105 to spotkanie C z \u0142 o n k \u00f3 w swoj\u0105 obecno\u015bci\u0105? A Pani Konarska b\u0119dzie? Jestem rozpoznawalny: \u0142ysy, z siw\u0105, kr\u00f3tko przystrzy\u017con\u0105, starannie wyprofilowan\u0105 brod\u0105 &#8211; prosz\u0119 podej\u015b\u0107 &#8211; podyskutujemy.<\/p>\n","protected":false},"excerpt":{"rendered":"<p>Woda w usta, czy te\u017c &#8222;przeciwnicy&#8221; Centrum nie maj\u0105 argument\u00f3w&#8230;? W ostatnim czasie &#8222;przy\u0142apa\u0142em&#8221; przedstawicielk\u0119 Rady Dyrektor\u00f3w Unii na k\u0142amliwej informacji. Ot\u00f3\u017c powiedzia\u0142a mi &#8211; moja kole\u017canka skadin\u0105d &#8211; Bo\u017cena Pielarz, \u017ce Centrum zwolni\u0142o pracownik\u00f3w na Ridgewood i w New Jersey, co spowodowa\u0142o decyzj\u0119 Banku o odebraniu pomieszcze\u0144 w tych\u017ce miejscach. Zbada\u0142em spraw\u0119<\/p>\n","protected":false},"author":2,"featured_media":0,"comment_status":"open","ping_status":"open","sticky":false,"template":"","format":"standard","meta":[],"categories":[3],"tags":[],"_links":{"self":[{"href":"https:\/\/sporek.com\/blog\/index.php?rest_route=\/wp\/v2\/posts\/145"}],"collection":[{"href":"https:\/\/sporek.com\/blog\/index.php?rest_route=\/wp\/v2\/posts"}],"about":[{"href":"https:\/\/sporek.com\/blog\/index.php?rest_route=\/wp\/v2\/types\/post"}],"author":[{"embeddable":true,"href":"https:\/\/sporek.com\/blog\/index.php?rest_route=\/wp\/v2\/users\/2"}],"replies":[{"embeddable":true,"href":"https:\/\/sporek.com\/blog\/index.php?rest_route=%2Fwp%2Fv2%2Fcomments&post=145"}],"version-history":[{"count":0,"href":"https:\/\/sporek.com\/blog\/index.php?rest_route=\/wp\/v2\/posts\/145\/revisions"}],"wp:attachment":[{"href":"https:\/\/sporek.com\/blog\/index.php?rest_route=%2Fwp%2Fv2%2Fmedia&parent=145"}],"wp:term":[{"taxonomy":"category","embeddable":true,"href":"https:\/\/sporek.com\/blog\/index.php?rest_route=%2Fwp%2Fv2%2Fcategories&post=145"},{"taxonomy":"post_tag","embeddable":true,"href":"https:\/\/sporek.com\/blog\/index.php?rest_route=%2Fwp%2Fv2%2Ftags&post=145"}],"curies":[{"name":"wp","href":"https:\/\/api.w.org\/{rel}","templated":true}]}}