{"id":146,"date":"2009-03-09T01:59:48","date_gmt":"2009-03-09T05:59:48","guid":{"rendered":"http:\/\/sporek.com\/blog\/?p=146"},"modified":"2009-03-09T03:30:39","modified_gmt":"2009-03-09T07:30:39","slug":"farsa-groteska","status":"publish","type":"post","link":"https:\/\/sporek.com\/blog\/?p=146","title":{"rendered":"Farsa, groteska&#8230;"},"content":{"rendered":"<p>&#8230;i bolesny podzia\u0142 Polonii. A my\u015bla\u0142em, \u017ce zacznie si\u0119 od \u017cycze\u0144 dla zebranych na sali kobiet, wszak to by\u0142o 8 marca&#8230;<\/p>\n<p><!--more-->Nie zrobi\u0142a tego prezeska Centrum, nie zrobi\u0142 tego prezes Unii Kredytowej. Za\u0107mi\u0142a ten kwiecisty dzie\u0144 atmosfera nienawi\u015bci i demagogii. Ale ad rem:<br \/>\nZupe\u0142nie zapomnia\u0142em o zmianie czasu i przyjecha\u0142em pod Centrum z godzinnym op\u00f3\u017anieniem. O dziwo zebranie jeszcze si\u0119 nie rozpocz\u0119\u0142o. Trwa\u0142a przepychanka na temat wpuszczania ludzi do \u015brodka. Podobno prezeska Centrum wskazywa\u0142a, kto mo\u017ce, a kto nie mo\u017ce wej\u015b\u0107, za\u015b sprawdzanie to\u017csamo\u015bci przez pracownik\u00f3w rozci\u0105gn\u0119\u0142o si\u0119 do nieprzewidzianych skutk\u00f3w.\u00a0Og\u0142aszane od dw\u00f3ch tygodni zebranie na temat finans\u00f3w Centrum rozpocz\u0119\u0142o si\u0119 od akcji cz\u0142onk\u00f3w Rady Dyrektor\u00f3w Unii Kredytowej, kt\u00f3rzy wili si\u0119, jak w ukropie, aby z kolei dopilnowa\u0107, \u017ceby wszyscy zostali wpuszczeni. (Nie do pomy\u015blenia w przypadku zebrania Unii Kredytowej). Przed wej\u015bciem panowie z Patriotycznego Klubu Dyskusyjnego z transparentami typu &#8222;Kami\u0144ska out&#8221;, albo &#8222;\u017b\u0105damy Walnego Zebrania- i &#8222;Usun\u0105\u0107 obecn\u0105 rad\u0119&#8221;, czy co\u015b w tym rodzaju. Troch\u0119 dziwne, zwa\u017cywszy, \u017ce Klub Patriotyczny do niedawna korzysta\u0142 z go\u015bcinno\u015bci Centrum, a jego prezes, za pieni\u0105dze Centrum polecia\u0142 nawet do Po\u0142udniowej Ameryki na spotkanie z Kobyla\u0144skim. Kilka, czy te\u017c kilkana\u015bcie os\u00f3b nie zosta\u0142o wpuszczonych. Osobi\u015bcie by\u0142em \u015bwiadkiem, gdy dw\u00f3ch pan\u00f3w nie potrafi\u0142o okaza\u0107 \u017cadnego dokumentu to\u017csamo\u015bci, ale oni akurat spokojnie wyszli. Na sali okaza\u0142o si\u0119, \u017ce nie wpuszczona zosta\u0142a osoba, kt\u00f3ra jest cz\u0142onkiem prawie od samego pocz\u0105tku istnienia zar\u00f3wno Unii, jak i Centrum. Przykre to, ale z kolei do\u015b\u0107 logiczne wyda\u0142o mi si\u0119 wyt\u0142umaczenie tego incydentu tym, \u017ce nie by\u0142o owej pani (o imieniu Ewelina) na li\u015bcie Cz\u0142onk\u00f3w Centrum. Je\u015bli o t\u0119 list\u0119 chodzi, to istotnie co\u015b jest nie tak. Dosta\u0142em ostatnio telefon;\u00a0 pani o imieniu El\u017cbieta poinformowa\u0142a, \u017ce jej 10 dolar\u00f3w zosta\u0142o przekazane do Fundacji Kulturalnej w Clark, cho\u0107 &#8222;ca\u0142e \u017cycie&#8221; dawa\u0142a t\u0119 cz\u0142onkowsk\u0105 sk\u0142adk\u0119, na Centrum Polsko-S\u0142owia\u0144skie.<br \/>\nPrezeska Centrum poinformowa\u0142a, \u017ce kilka dni przed og\u0142oszeniem daty zebrania zwr\u00f3cono si\u0119 do Rady Dyrektor\u00f3w Unii o aktualn\u0105 list\u0119 Cz\u0142onk\u00f3w. Unia takiej listy nie przekaza\u0142a. U\u017cyto wi\u0119c listy z poprzedniego roku. Znaczy\u0142oby to, \u017ce proceder przepisywania Cz\u0142onk\u00f3w z Centrum do innych sponsor\u00f3w prowadzony jest conajmniej od minionego roku, skoro pani Eweliny nie ma na tej li\u015bcie. Prezes Unii w swoim wyst\u0105pieniu na ten zarzut nie odpowiedzia\u0142.<\/p>\n<p>Zebranie w og\u00f3le pokaza\u0142o nieprawdopodobny podzia\u0142 Polonii. A wszystko na oczach ponad dwustu cz\u0142onk\u00f3w zebranych w sali Centrum, przy 176 Java Street, w niedziel\u0119, 8 marca. Ujawni\u0142a si\u0119 ogromna nienawi\u015b\u0107 cz\u0119\u015bci zebranych do obecnej prezeski Centrum, Bo\u017ceny Kami\u0144skiej, ale ujawni\u0142a si\u0119 te\u017c kompletna bezkultura w prowadzeniu dyskusji, zar\u00f3wno ze strony niekt\u00f3rych os\u00f3b zabieraj\u0105cych g\u0142os, jak i prezesa Unii Kredytowej, kt\u00f3ry czuj\u0105c si\u0119 &#8222;w\u0142adc\u0105&#8221; Greenpointu postanowi\u0142 zamkn\u0105\u0107 zebranie, kt\u00f3rego nie by\u0142 organizatorem. To nie tylko by\u0142o niezbyt kulturalne. Przede wszystkim by\u0142o\u00a0szalenie nieprofesjonalne.<br \/>\nNikt z zabieraj\u0105cych g\u0142os &#8211; \u0142\u0105cznie z prezesem Matyszczykiem &#8211; nie powiedzia\u0142 niczego konkretnego. Je\u015bli m\u00f3wi si\u0119 o 19 procesach s\u0105dowych, nale\u017cy poda\u0107 szczeg\u00f3\u0142y-, cho\u0107by kilka pozw\u00f3w; je\u015bli m\u00f3wi si\u0119, \u017ce J. J\u00f3\u017awiak zarobi\u0142 ile\u015b tam ponad 60 tysi\u0119cy &#8211; trzeba poda\u0107 \u017ar\u00f3d\u0142o tej informacji; je\u015bli m\u00f3wi si\u0119, \u017ce jest dyrektor, kt\u00f3ry mo\u017ce po\u015bwiadczy\u0107, i\u017c kontrakt z 1999 zosta\u0142 zerwany oficjalnie kilka lat temu, to nale\u017ca\u0142o poda\u0107 jego nazwisko; je\u015bli m\u00f3wi si\u0119, \u017ce Kami\u0144ska zarobi\u0142a miesi\u0119cznie 6 tysi\u0119cy, to czemu nie powiedzie\u0107, ile zarabia\u0142a jej poprzedniczka? Dziwi\u0119 si\u0119, \u017ce nie ujawniono tego faktu; a czemu nie powiedzie\u0107,\u00a0\u017ce \u015brednia pensja w Unii Kredytowej wynosi ponad 70 tysi\u0119cy dolar\u00f3w miesiecznie? &#8211; (nie wierz\u0119, \u017ce jest to pensja kasjerek i kasjer\u00f3w); je\u015bli krzyczy si\u0119 na sali, \u017ce Kami\u0144ska polecia\u0142a za pieni\u0105dze Centrum do Irlandii i kupi\u0142a sobie obrusy, to wystarczy\u0142o powo\u0142a\u0107 si\u0119 na jaki\u015b dokument potwierdzaj\u0105cy ten fakt. W przeciwnym razie wszystko staje si\u0119 demagogi\u0105 i zwyk\u0142\u0105 pysk\u00f3wk\u0105.\u00a0Przypadek pana Plewakowa, kt\u00f3ry najpierw stwierdzi\u0142, \u017ce &#8222;Kami\u0144ska zostawi\u0142a go bez zasi\u0142ku dla bezrobotnych&#8221;, a gdy zaprzeczy\u0142a pytaj\u0105c, czy prawd\u0105 jest, i\u017c otrzyma\u0142\u00a0ofert\u0119 pracy\u00a0na Greenpoincie, jest dla mnie tyle rozbawiaj\u0105cym, co \u015bmiesznym, ale w tej \u015bmieszno\u015bci, tragicznym. Ot\u00f3\u017c ten pan stwierdzi\u0142, \u017ce owszem, dosta\u0142 tak\u0105 ofert\u0119 po tym, jak miasto zamkn\u0119\u0142o biuro Centrum, kt\u00f3rym kierowa\u0142 na Manhattanie, ale na Greenpoincie trzeba by\u0142o odbija\u0107\u00a0&#8222;jakie\u015b karty zegarowe&#8221; (chodzi o karty rejestruj\u0105ce obecno\u015b\u0107 pracownik\u00f3w w zak\u0142adzie pracy), a to bardzo mu si\u0119 nie podoba\u0142o i on w &#8222;takich warunkach&#8221; nie b\u0119dzie pracowa\u0142. My\u015bl\u0119, \u017ce ka\u017cdy zdrowo my\u015bl\u0105cy cz\u0142owiek oceni t\u0119 sytuacj\u0119 jednoznacznie. Ja pozostawiam bez komentarza. Niestety pysk\u00f3wk\u0119 przy Java rozpocz\u0105\u0142 prezes Unii Kredytowej, a w \u015blad za nim zrobi\u0142o to kilka innych, rozognionych do czerwono\u015bci os\u00f3b. Aplauz dla wyst\u0105pienia prezesa Matyszczyka w wykonaniu &#8222;uczni\u00f3w&#8221; kursu j\u0119zyka angielskiego o tyle dziwi\u0142, \u017ce ci w\u0142a\u015bnie ludzie korzystali darmowo z us\u0142ug Centrum przez wiele lat i nagle ostatnie wypadki odwr\u00f3ci\u0142y ich od tej organizacji o 180 stopni. Populistyczne i przez to w\u0142a\u015bnie niepoparte \u017cadnymi &#8222;twardymi&#8221; dokumentami wyst\u0105pienie Pana Matyszczyka zniesmaczy\u0142o sporo ludzi, kt\u00f3rzy przyszli dowiedzie\u0107 si\u0119 wszystkiego o finansach Centrum, poniewa\u017c skierowa\u0142 on dyskusj\u0119 w nurt nienawi\u015bci, despotyzmu i nie liczenia si\u0119 z faktem, i\u017c zebranie by\u0142o zorganizowane dla Cz\u0142onk\u00f3w, a nie dla niego.<br \/>\nPolonijne media opublikowa\u0142y &#8222;oficjalne&#8221; pytania. Prezeska Centrum o\u015bwiadczy\u0142a, \u017ce odpowie na te pytania, ale najpierw da g\u0142os zebranym. Zerwanie spotkania przez prezesa Unii Kredytowej uniemo\u017cliwi\u0142o odpowiedzi na te pytania. A ja ch\u0119tnie us\u0142ysza\u0142bym, jak to jest z t\u0105 telewizj\u0105, jak to jest z inwestycjami. Co\u015b, co sprowadzi\u0142o na sal\u0119 kilka setek Polonus\u00f3w, zosta\u0142o zerwane przez jednego cz\u0142owieka, kt\u00f3remu nie \u017cycz\u0119, aby ten proceder spotka\u0142 go podczas zebrania Unii Kredytowej. Zachowanie Pana Matyszczyka by\u0142o wr\u0119cz skandaliczne. Odnios\u0142em wra\u017cenie, \u017ce jak zwykle dyrektorzy Unii Kredytowej nie maj\u0105 zbyt wiele czasu na sprawy polonijne i po prostu postanowili, decyzj\u0105 swojego prezesa unikn\u0105\u0107 siedzenia do p\u00f3\u0142nocy. I co si\u0119 okaza\u0142o? Okaza\u0142o si\u0119, \u017ce dyrektorzy Unii znikn\u0119li, a ludzie wybiegaj\u0105cy za nimi z sali, jak jakie\u015b potulne owieczki zostali sami na zewn\u0105trz i&#8230;rozpocz\u0119li uliczn\u0105 kontynuacj\u0119 zebrania, ale ju\u017c bez mo\u017cliwo\u015bci odpowiedzi, bez mo\u017cliwo\u015bci zadawania pyta\u0144, a jedynie z dawaniem upustu tym, kt\u00f3rzy nienawi\u015b\u0107 do B. Kami\u0144skiej maj\u0105 tak g\u0142\u0119boko wryt\u0105 w swoje dusze, \u017ce spokojna dywagacja jest w ich wykonaniu absolutnie niemo\u017cliwa. Wyst\u0105pienie Pana Matyszczyka polega\u0142o mniej wi\u0119cej na tym samym, co informacja jednego ze zniesmaczonych jego zachowaniem pan\u00f3w, kt\u00f3ry zapyta\u0142 mnie: wie pan kim jest ten cz\u0142owiek, kt\u00f3ry wyst\u0105pi\u0142 zaraz po Matyszczyku?<br \/>\n-Nie mam poj\u0119cia &#8211; odpar\u0142em, &#8211; widzia\u0142em go po raz pierwszy.<br \/>\n-Ten facet mia\u0142 ostry konflikt z lekark\u0105, kt\u00f3r\u0105 zwyzywa\u0142 od najgorszych. Przesiedzia\u0142 kilka dni w zak\u0142adzie psychiatrycznym&#8230;<br \/>\n-Niech pan si\u0119 nie gniewa, ale nie chc\u0119 tego s\u0142ysze\u0107 &#8211; uci\u0105\u0142em wyw\u00f3d cz\u0142owieka, kt\u00f3rego te\u017c nie znam. I wzi\u0119\u0142o mnie w sumie na wymioty; uwielbiamy poboczne tematy, zanim dojdziemy do sedna, kochamy pom\u00f3wienia, kochamy demagogi\u0119, dajemy wiar\u0119 ka\u017cdemu, kto troch\u0119 podniesie g\u0142os. &#8222;Prawda zawsze m\u00f3wi szeptem&#8221;.<br \/>\nMam po tym zebraniu kaca i to nie tylko dlatego, \u017ce przezes Matyszczyk zerwa\u0142 je zanim dosz\u0142o do odpowiedzi na pytania. Mam r\u00f3wnie\u017c kaca z powodu sposobu prowadzenia go przez prezesk\u0119 Centrum, B. Kami\u0144sk\u0105. Nie s\u0105dz\u0119, aby kogo\u015b interesowa\u0142o, co by\u0142o w roku 2000, 2001 itd, a\u017c do 2008. Skoro by\u0142o to og\u0142aszane, jako zebranie, gdzie &#8222;odpowiemy na wszystkie pytania&#8221;, skoro opublikowane zosta\u0142y pytania, kt\u00f3re wklejam poni\u017cej, to trzeba by\u0142o do tego si\u0119 w\u0142a\u015bnie ograniczy\u0107. S\u0142usznie zauwa\u017cy\u0142o kilku spo\u015br\u00f3d tych zniesmaczonych zachowaniem Pana Matyszczyka, \u017ce Kami\u0144ska zagra\u0142a na zm\u0119czenie uczestnik\u00f3w. Podzielam ten pogl\u0105d. Ja te\u017c przyszed\u0142em pos\u0142ucha\u0107 o wydatkach, o przychodach i rozchodach. Odpowied\u017a na dziesi\u0119\u0107 pyta\u0144 w du\u017cej mierze za\u0142atwi\u0142aby spraw\u0119, cho\u0107 dla kogo\u015b, kto obserwuje \u017cycie polonijne i \u017cycie CPS jasnym jest, patrz\u0105c na te pytania, \u017ce na sali powinien zatem by\u0107 Tadeusz Chabrowski, \u017ce conajmniej jedno pytanie powinno by\u0107 skierowane do by\u0142ego prezesa Unii Kredytowej, Marka Zawisnego i \u017ce w og\u00f3le kto\u015b, kto formu\u0142owa\u0142 te pytania wie o Centrum Polsko-S\u0142owia\u0144skim jedynie z relacji Pana Matyszczyka. Co wi\u0119cej kto\u015b, kto mi je wys\u0142a\u0142 Internetem, nie pojawi\u0142 si\u0119 jednak na zebraniu. A wi\u0119c by\u0142 to taki atak zza krzak\u00f3w: <em>obywatele, tu macie zestaw pyta\u0144 &#8211; id\u017acie i walczcie, a ja sobie popatrz\u0119 z boku.<\/em> Niestety, ale dzi\u0119ki Panu Matyszczykowi wysi\u0142ki &#8222;<em>autora<\/em>&#8221; pyta\u0144 zosta\u0142y zniweczone. A mo\u017ce trzeba by zapyta\u0107 na czyj koszt by\u0142y te pytania publikowane&#8230;?<br \/>\nNajsmutniejsze jest, \u017ce dwie wiod\u0105ce organizacje polonijne skoczy\u0142y sobie do garde\u0142, jak dwaj \u015bmiertelni wrogowie. Niedzielne spotkanie potwierdzi\u0142o mi, \u017ce nie mamy lider\u00f3w. \u017baden z nich, ani Matyszczyk, ani Kami\u0144ska nie spowodowali, \u017ce poszed\u0142bym za nimi, za ich teoriami, ideami. Wr\u0119cz odwrotnie: nabra\u0142em sporo dystansu i jeszcze wi\u0119kszej niewiary w szlachetne intencje tych &#8222;przyw\u00f3dc\u00f3w&#8221;. Je\u017celi mia\u0142bym radzi\u0107 Bo\u017cenie Kami\u0144skiej, \u017ce powinna poda\u0107 si\u0119 do dymisji, to t\u0119 sam\u0105 rad\u0119 przesy\u0142am Krzysztofowi Matyszczykowi.<br \/>\nA oto zestaw pyta\u0144, kt\u00f3re otrzyma\u0142em e-mailem. Jak wskazuje tytu\u0142 s\u0105 to &#8222;pytania Cz\u0142onk\u00f3w&#8221;. Uwierzcie mi &#8211; Cz\u0142onkowie, kt\u00f3rzy zadawali pytania, mieli zupe\u0142nie inne problemy. Nawet Pan Matyszczyk nie skupi\u0142 si\u0119 na nich. Szkoda wi\u0119c by\u0142o zachodu, \u017ceby je formu\u0142owa\u0107 i pienieddzy, \u017ceby je publikowa\u0107.<br \/>\n<strong>PYTANIA CZ\u0141ONK\u00d3W CENTRUM POLSKO-S\u0141OWIA\u0143SKIEGO DO ZARZ\u0104DU CPS<\/strong><br \/>\nW nawi\u0105zaniu do spotkania Cz\u0142onk\u00f3w CPS, kt\u00f3re odb\u0119dzie si\u0119 w dniu 8 marca 2009 r. o godzinie 14:00 w Sali CPS przy Kent<br \/>\nStreet na Greenpoincie, pragniemy publicznie zada\u0107 Dyrekcji Centrum Polsko-S\u0142owia\u0144skiego nast\u0119puj\u0105ce pytania, na kt\u00f3re<br \/>\noczekujemy publicznej odpowiedzi:<br \/>\n1. Jakie by\u0142y podstawy do zamkni\u0119cia wi\u0119kszo\u015bci program\u00f3w CPS? Czy Urz\u0105d Miejski zosta\u0142 poinformowany o tej decyzji i czy<br \/>\nCentrum ci\u0105gle otrzymuje pieni\u0105dze na miejskie programy? Ilu pracownik\u00f3w zosta\u0142o zwolnionych, a ilu nadal pracuje w CPS?<br \/>\n2. Ile pieni\u0119dzy na dzie\u0144 dzisiejszy posiada CPS? Ile pieni\u0119dzy Centrum posiada\u0142o w momencie obj\u0119cia przez Pani\u0105<br \/>\nKami\u0144sk\u0105 funkcji dyrektora wykonawczego?<br \/>\n3. Je\u017celi Centrum wiedzia\u0142o du\u017co wcze\u015bniej, \u017ce mo\u017ce mie\u0107 problemy finansowe, jakie kroki by\u0142y podj\u0119te, aby im zapobiec,<br \/>\nopr\u00f3cz podniesienia sk\u0142adki cz\u0142onkowskiej do 20 dolar\u00f3w?<br \/>\n4. Jakie straty ponios\u0142o Centrum Polsko-S\u0142owia\u0144skie zwi\u0105zane z inwestycjami dokonanymi za po\u015brednictwem Pani Ireny Marchaj?<br \/>\n5. Jakie s\u0105 wydatki CPS na us\u0142ugi adwokackie? Czy prawd\u0105 jest, \u017ce CPS op\u0142aca adwokat\u00f3w reprezentuj\u0105cych Dyrektor\u00f3w<br \/>\nw ich procesach cywilnych? Czy prawd\u0105 jest, \u017ce CPS by\u0142o zaanga\u017cowane w 15 proces\u00f3w s\u0105dowych? Domagamy si\u0119 przedstawienia<br \/>\nszczeg\u00f3\u0142owych wydatk\u00f3w zwi\u0105zanych z ka\u017cdym z tych proces\u00f3w.<br \/>\n6. Czy Centrum p\u0142aci za adwokat\u00f3w pana Mleczki w jego procesie s\u0105dowym przeciwko panom Chabrowskiemu i Chroscielewskiemu?<br \/>\n7. Kto obecnie posiada prawa do emisji programu TV Polsat na kanale 25 i kto otrzymuje zyski z tego programu? W jaki<br \/>\nspos\u00f3b Centrum utraci\u0142o prawa do tego programu?<br \/>\n8. Kto przygotowywa\u0142 ostatni\u0105 wersj\u0119 statutu CPS? Czy i przez kt\u00f3rego prawnika wersja to zosta\u0142a zaaprobowana?<br \/>\n9. Jakie kroki zosta\u0142y podj\u0119te w celu znalezienia odpowiedniej osoby na stanowisko dyrektora wykonawczego PSC po usuni\u0119ciu<br \/>\nPani Kai Sawczuk? Kt\u00f3rzy kandydaci zg\u0142osili si\u0119 i jakie kwalifikacje posiada Pani Kami\u0144ska do sprawowania tej funkcji?<br \/>\n10. Dlaczego Komisja Rewizyjna CPS nigdy nie sprawdza\u0142a stanu finans\u00f3w Centrum, mimo \u017ce taki ma statutowy obowi\u0105zek?<br \/>\nPolonia oczekuje szczeg\u00f3\u0142owych odpowiedzi na powy\u017csze pytania, jak r\u00f3wnie\u017c \u017c\u0105da przedstawienia szczeg\u00f3\u0142owego rozliczenia dochod\u00f3w i wydatk\u00f3w CPS za rok 2008.<\/p>\n<p>Nie osi\u0105gi\u0119to najwa\u017cniejszego: NADAL NIE WIEMY, JAKI B\u0118DZIE LOS CENTRUM POLSKO-S\u0141OWIA\u0143SKIEGO&#8230;?\u00a0<br \/>\nI jeszcze jeden wniosek: Zebranie obna\u017cy\u0142o kompletny brak respektu dla dyrektor\u00f3w. Fakt, \u017ce \u017caden z cz\u0142onk\u00f3w Rady Dyrektor\u00f3w Centrum, siedz\u0105cych za sto\u0142em prezydialnym nie wsta\u0142 i nie odpowiedzia\u0142 panu Matyszczykowi jakim\u015b solidnym konkretem \u015bwiadczy o s\u0142abo\u015bci tego gremium, a z kolei fakt, \u017ce pan Matyszczyk skupia sie w ostatnim czasie na pogn\u0119bieniu przyw\u00f3dc\u00f3w Centrum unikaj\u0105c jednocze\u015bnie odniesienia si\u0119 do problem\u00f3w, jakie ma Unia \u015bwiadczy o tym, \u017ce dyrektorzy jednej i drugiej instytucji topi\u0105 si\u0119 w jakim\u015b niesmacznym, ale w\u0142asnym sosie. To dowodzi, \u017ce kadencje dyrektor\u00f3w w obu instytucjach trwaj\u0105 za d\u0142ugo. I wreszcie: je\u015bli to wszystko jest prac\u0105 spo\u0142eczn\u0105, to, na mi\u0142o\u015b\u0107 bosk\u0105, skoro jest a\u017c tylu przeciwnik\u00f3w, czy warto za wszelk\u0105 cen\u0119 trzyma\u0107 si\u0119 tych funkcji?<\/p>\n<p>Pomijam perspektyw\u0119 rykoszetu, bo podobne zjawisko mo\u017ce nast\u0105pi\u0107 podczas zebrania Unii Kredytowej &#8211; teoria bumerangu. \u017bycie z regu\u0142y p\u0142aci z nawi\u0105zk\u0105. Czy Polonia ma by\u0107 wy\u0142\u0105cznie \u015bwiadkiem wzajemnego &#8222;mordobicia&#8221; pomi\u0119dzy &#8222;liderami&#8221;?<\/p>\n<p>I jeszcze jedno: bardzo zdziwi\u0142a mnie nieobecno\u015b\u0107 Pani Sawczuk. Ona naprawd\u0119 wie\u00a0du\u017co problemach Centrum. Czy nie sta\u0107 jej na cywiln\u0105 odwag\u0119? W takim razie nie powinna r\u00f3wnie\u017c zasiada\u0107 we w\u0142adzach Unii Kredytowej. Potrzebujemy tam ludzi z\u00a0odwag\u0105 cywiln\u0105. Czy si\u0119 myl\u0119&#8230;?<\/p>\n","protected":false},"excerpt":{"rendered":"<p>&#8230;i bolesny podzia\u0142 Polonii. A my\u015bla\u0142em, \u017ce zacznie si\u0119 od \u017cycze\u0144 dla zebranych na sali kobiet, wszak to by\u0142o 8 marca&#8230;<\/p>\n","protected":false},"author":2,"featured_media":0,"comment_status":"open","ping_status":"open","sticky":false,"template":"","format":"standard","meta":[],"categories":[3],"tags":[],"_links":{"self":[{"href":"https:\/\/sporek.com\/blog\/index.php?rest_route=\/wp\/v2\/posts\/146"}],"collection":[{"href":"https:\/\/sporek.com\/blog\/index.php?rest_route=\/wp\/v2\/posts"}],"about":[{"href":"https:\/\/sporek.com\/blog\/index.php?rest_route=\/wp\/v2\/types\/post"}],"author":[{"embeddable":true,"href":"https:\/\/sporek.com\/blog\/index.php?rest_route=\/wp\/v2\/users\/2"}],"replies":[{"embeddable":true,"href":"https:\/\/sporek.com\/blog\/index.php?rest_route=%2Fwp%2Fv2%2Fcomments&post=146"}],"version-history":[{"count":0,"href":"https:\/\/sporek.com\/blog\/index.php?rest_route=\/wp\/v2\/posts\/146\/revisions"}],"wp:attachment":[{"href":"https:\/\/sporek.com\/blog\/index.php?rest_route=%2Fwp%2Fv2%2Fmedia&parent=146"}],"wp:term":[{"taxonomy":"category","embeddable":true,"href":"https:\/\/sporek.com\/blog\/index.php?rest_route=%2Fwp%2Fv2%2Fcategories&post=146"},{"taxonomy":"post_tag","embeddable":true,"href":"https:\/\/sporek.com\/blog\/index.php?rest_route=%2Fwp%2Fv2%2Ftags&post=146"}],"curies":[{"name":"wp","href":"https:\/\/api.w.org\/{rel}","templated":true}]}}