{"id":147,"date":"2009-03-11T13:09:58","date_gmt":"2009-03-11T17:09:58","guid":{"rendered":"http:\/\/sporek.com\/blog\/?p=147"},"modified":"2009-03-11T16:33:33","modified_gmt":"2009-03-11T20:33:33","slug":"w-kolo-macieju","status":"publish","type":"post","link":"https:\/\/sporek.com\/blog\/?p=147","title":{"rendered":"W ko\u0142o Macieju&#8230;"},"content":{"rendered":"<p goog_docs_charIndex=\"1\">Na moim blogu mo\u017cliwo\u015b\u0107 wymiany pogl\u0105d\u00f3w maj\u0105 wszyscy, opr\u00f3cz tych, kt\u00f3rzy nie potrafi\u0105 poskromi\u0107 chamstwa i dostosowa\u0107 si\u0119 do og\u00f3lnego poziomu dyskusji &#8211; (dwa takie komentarze czekaj\u0105 w &#8222;poczekalni wy\u0142\u0105cznie na pami\u0105tk\u0119 i dow\u00f3d, jak nie potrafimy z\u00a0sob\u0105 rozmawia\u0107). <!--more-->Przyzna\u0107 jednak musz\u0119, \u017ce nie tylko te dwa kryteria: chamstwo i niedostosowanie si\u0119 dzia\u0142aj\u0105 mi na nerwy. Ot\u00f3\u017c\u00a0daj\u0119 \u017c\u00f3\u0142t\u0105 kartk\u0119 Pani Iwonie Konarskiej za uporczywe odchodzenie od tematu i klasyfikowanie ludzi po&#8230;kolorze w\u0142os\u00f3w. Daj\u0119 te\u017c \u017c\u00f3\u0142t\u0105 kartk\u0119 mojejmu przyjacielowi, kt\u00f3ry\u00a0z uporem maniaka\u00a0t\u0142umaczy mi, \u017ce stoj\u0119 po\u00a0&#8222;z\u0142ej stronie p\u0142otu&#8221;, a w dodatku oskar\u017cy\u0142 mnie, \u017ce napisa\u0142em kiedy\u015b, i\u017c jest moim &#8222;by\u0142ym&#8221; przyjacielem &#8211; konia z rz\u0119dem ka\u017cdemu, kto znajdzie takie stwierdzenie w moich artyku\u0142ach. Przypadek Pani Konarskiej i mojego przyjaciela s\u0105 przypadkami ludzi,\u00a0 o kt\u00f3rych mog\u0119 \u015bmia\u0142o powiedzie\u0107, \u017ce naginaj\u0105 fakty dla swoich racji i to bez wzgl\u0119du na to, czy fakty te mia\u0142y miejsce, czy te\u017c wymy\u015blone s\u0105 przez nich. \u015awiadczy r\u00f3wnie\u017c o tym, \u017ce nie czytali wszystkich artyku\u0142\u00f3w, a je\u015bli czytali, to rozumieli to, co chcieli, a nie to, co jest napisane. Powtarzam wi\u0119c: nigdy nie wyst\u0119powa\u0142em w obronie rady Dyrektor\u00f3w Centrum, ani Bo\u017ceny Kami\u0144skiej,\u00a0natomiast artyku\u0142 z niedzielnego zebrania by\u0142 relacj\u0105 i w spos\u00f3b bezstronny oceni\u0142em wyst\u0105pienia stron, jak r\u00f3wnie\u017c zupe\u0142nie niezale\u017cnie zasugerowa\u0142em dymisj\u0119 obojga prezes\u00f3w. Niemniej nie uchroni\u0142o to w\/w Pa\u0144stwa\u00a0od wyci\u0105gni\u0119cia wniosku, i\u017c stoj\u0119 po &#8222;z\u0142ej stronie p\u0142otu&#8221;.\u00a0<\/p>\n<p goog_docs_charIndex=\"1436\">Dzisiaj mia\u0142em w r\u0119ce kopi\u0119 najnowszego pozwu Panstwa Kami\u0144skich przeciwko wydawcy i naczelnej redaktorce Kuriera. Uwa\u017cam, \u017ce to kompletnie chybiony pomys\u0142.\u00a0I nie dlatego, \u017ce sta\u0142o si\u0119 to\u00a0 w okresie, gdy zarzuca si\u0119 Bo\u017cenie Kami\u0144skiej zami\u0142owanie do proces\u00f3w s\u0105dowych, ale dlatego, \u017ce oddanie kogo\u015b do s\u0105du uwa\u017cam za tak dalek\u0105 od moich wewn\u0119trznych pogl\u0105d\u00f3w na kontakty mi\u0119dzyludzkie konieczno\u015b\u0107, \u017ce a\u017c jestem temu przeciwny. Przypomn\u0119: mog\u0142em odda\u0107 do s\u0105du Darka Michalskiego za oczernianie mnie i dzia\u0142anie na szkod\u0119 moich ewentualnych finansowych sukces\u00f3w ; nie odda\u0142em. Mog\u0142em odda\u0107 Jarka Drzewieckiego, ojca m\u0142odego pianisty, Stasia wesp\u00f3\u0142 z Fundacj\u0105 Talent\u00f3w pani Czeszejko-Sochackiej za naci\u0105gni\u0119cie mnie na 15 tysi\u0119cy dolar\u00f3w, kt\u00f3rych nigdy w \u017cyciu nie otrzyma\u0142em, cho\u0107 dokument deklaruj\u0105cy przelanie ich na moje konto w zamian za jak najagresywniejsz\u0105 i jak najwi\u0119ksz\u0105 kampani\u0119 reklamow\u0105 koncertu Stasia do dzi\u015b le\u017cy w dokumentach tego artysty w moim biurze. Nie chcia\u0142 tego s\u0142ucha\u0107 ani Michalski, ani jego towarzyszka. Oni wydali na mnie wyrok; &#8211; to ja by\u0142em oszustem i koniec.\u00a0Drzewiecki senior i Fundacja\u00a0 chcieli mie\u0107 pe\u0142n\u0105 sal\u0119 i zadeklarowali zainwestowanie w to m\u0142ode pachol\u0119 wspomnianej kwoty. Ja zapo\u017cyczy\u0142em si\u0119 u przyjaci\u00f3l i u mojego syna, a po przyje\u017adzie ekipy &#8222;artystycznej&#8221; z Warszawy dowiedzia\u0142em si\u0119, \u017ce ani tatu\u015b, ani Fundacja&#8230;nie maj\u0105 pieni\u0119dzy. Sala by\u0142a pe\u0142na, kampania nieprawdopodobnie droga. Nie dosta\u0142em ani grosza. Nie odda\u0142em go do s\u0105du. Mo\u017ce czasem warto si\u0119 nawet za 15 tysi\u0119cy dowiedzie\u0107 &#8222;kto jest kto&#8221;? \u017bartuj\u0119. Odbija mi si\u0119 to do dzi\u015b czkawk\u0105 finansow\u0105 i to by\u0142o wyj\u015bcie: odda\u0107 ich do s\u0105du. Czemu tego nie zrobi\u0142em? Po prostu -nie czuj\u0119 tego, jako spos\u00f3b rozwi\u0105zywania konflikt\u00f3w.<\/p>\n<p goog_docs_charIndex=\"3165\">My\u015bl\u0119, \u017ce pa\u0144stwo Kami\u0144scy powinni wycofa\u0107 pozew, ale my\u015bl\u0119 te\u017c, \u017ce Kurier Plus (ale i inne polonijne media) powinien si\u0119 bardziej otworzy\u0107 na dialog, a nie jednostronne opisywanie sytuacji w dodatku z dziwnymi aluzjami. Bo np. sugerowanie po co komu telewizja i dlaczego si\u0119 w niej reklamowa\u0107, skoro mamy Internet itp.\u00a0mo\u017ce by\u0107 zast\u0105pione r\u00f3wnie \u015bmiesznym stwierdzeniem: po co komu Kurier Plus, skoro mamy Nowy Dziennik, i inne gazety, nie wspominaj\u0105c o Internecie. Przepychanka w Kurierze nie mia\u0142a zbyt wielkiego sensu spo\u0142ecznego, bo pokazywa\u0142a jedn\u0105 stron\u0119 medalu.\u00a0 Chodzi o to, \u017ceby nie podpa\u015b\u0107 Unii, bo Unia daje reklamy. Tak\u0105 postaw\u0119 nazwa\u0107 musz\u0119 kunktatorstwem, ale i postaw\u0119 stawiaj\u0105c\u0105 pod znakiem zapytania etyk\u0119 dziennikarsk\u0105, a odbieranie przez Uni\u0119 reklam za powiedzenie czego\u015b innego o tej instytucji, ni\u017c oczekuje jej prezes,\u00a0nazywam po prostu \u015bwi\u0144stwem i komunistycznym zamordyzmem\u00a0(przypadek Radia Rytm). Ja udost\u0119pni\u0142em sw\u00f3j blog wszystkim, kt\u00f3rzy chc\u0105 zabiera\u0107 g\u0142os poza przypadkami, o kt\u00f3rych w pierwszym zdaniu, cho\u0107 przecie\u017c utrzymanie blogu nie jest za darmo; reklam, jako takich nie mam ani z Unii, ani z Centrum. Google wrzuci\u0142o co\u015b, ale to s\u0105 tak groszowe sprawy, \u017ce szkoda gada\u0107. Niemniej ta w\u0142adza pieni\u0105dza, uwa\u017cam, &#8211;\u00a0niszczy kr\u0119gos\u0142upy i tych, co daj\u0105 i tych, co bior\u0105 zamykaj\u0105c sobie usta na to, co si\u0119 dzieje, o czym powinni pisa\u0107 i m\u00f3wi\u0107.<\/p>\n<p goog_docs_charIndex=\"4435\">Wiem, \u017ce ryzykuj\u0119, -jest to m\u00f3j rok jubileuszowy, w pa\u017adzierniku b\u0119dzie koncert o tak wielkiej liczbie artyst\u00f3w, jakiej dotychczas nie mia\u0142em na scenie. Czy p\u00f3jd\u0119 do Unii po dotacj\u0119? Raczej nie. Po pierwsze us\u0142ysz\u0119 to, co zawsze, \u017ce mam sobie za\u0142o\u017cy\u0107 organizacj\u0119 &#8222;none profit&#8221; (tak jakby bez takiej organizacji nie mo\u017cna by\u0142o promowa\u0107 polskiej muzyki i artyst\u00f3w). Po drugie nie mam ochoty us\u0142ysze\u0107: najpierw pan krytykuje, a potem prosi o pieni\u0105dze. Dzi\u0119kuj\u0119. Ja nie prosz\u0119 o pieni\u0105dze dla siebie, a wiem, \u017ce na przyk\u0142ad za sprawy s\u0105dowe prowadzone po zarz\u0105dzie komisarycznym w obronie dyrektor\u00f3w (obecnego, kt\u00f3ry wtedy nie by\u0142 prezesem te\u017c) zap\u0142acono tak wielkie kwoty, \u017ce \u015bmia\u0142o mog\u0119 powiedzie\u0107, i\u017c zrobi\u0142bym za to pi\u0119\u0107 koncert\u00f3w. \u017baden z dyrektor\u00f3w nie mia\u0142 organizacji none profit, a pieni\u0105dze p\u0142yn\u0119\u0142y, jak Amazonka przez Brazyli\u0119.<\/p>\n<p goog_docs_charIndex=\"5256\">I jeszcze jedno: Cz\u0142onk\u00f3w nasze najwi\u0119ksze organizacje maj\u0105 tylu, \u017ce gdyby mia\u0142o si\u0119 odby\u0107 jakie\u015b specjalne ich spotkanie, trzeba by wynaj\u0105c stadion pi\u0142karski. Tymczasem na zebranie przychodzi dwustu, trzystu (z tego po\u0142owa tupie nogami i zakrzykuje, w kompletnej bezkulturze, zanim &#8222;oskar\u017cony&#8221;, czy &#8222;podejrzany&#8221; otworzy usta, bo przecie\u017c Polak wie wszystko najlepiej; zna si\u0119 na finansach; na prawie i na medycynie &#8211; &#8230;jak dobrze by\u0107 muzykiem). Natomiast w wyborach (tych drog\u0105 pocztow\u0105) bierze udzia\u0142 zaledwie kilka tysi\u0119cy z owych ponad sze\u015b\u0107dziesi\u0119ciu, o kt\u00f3rych m\u00f3wi\u0105 raporty,- to jak chcemy cokolwiek zmieni\u0107? Dom narodowy przy Driggs Ave. jest ju\u017c prawie sprywatyzowany. Prezesi Centrum oskar\u017cani i podejrzani o ch\u0119\u0107 sprywatyzowania tej instytucji, &#8230;no, to kolej na Uni\u0119 Kredytow\u0105&#8230;a wtedy te 60 kilka tysi\u0119cy powie: co, do cholery sta\u0142o si\u0119 z nasz\u0105 Uni\u0105? Ano, nic. To ju\u017c teraz bank komercyjny. No, przecie\u017c \u017cartuj\u0119.<\/p>\n","protected":false},"excerpt":{"rendered":"<p>Na moim blogu mo\u017cliwo\u015b\u0107 wymiany pogl\u0105d\u00f3w maj\u0105 wszyscy, opr\u00f3cz tych, kt\u00f3rzy nie potrafi\u0105 poskromi\u0107 chamstwa i dostosowa\u0107 si\u0119 do og\u00f3lnego poziomu dyskusji &#8211; (dwa takie komentarze czekaj\u0105 w &#8222;poczekalni wy\u0142\u0105cznie na pami\u0105tk\u0119 i dow\u00f3d, jak nie potrafimy z\u00a0sob\u0105 rozmawia\u0107).<\/p>\n","protected":false},"author":2,"featured_media":0,"comment_status":"open","ping_status":"open","sticky":false,"template":"","format":"standard","meta":[],"categories":[3],"tags":[],"_links":{"self":[{"href":"https:\/\/sporek.com\/blog\/index.php?rest_route=\/wp\/v2\/posts\/147"}],"collection":[{"href":"https:\/\/sporek.com\/blog\/index.php?rest_route=\/wp\/v2\/posts"}],"about":[{"href":"https:\/\/sporek.com\/blog\/index.php?rest_route=\/wp\/v2\/types\/post"}],"author":[{"embeddable":true,"href":"https:\/\/sporek.com\/blog\/index.php?rest_route=\/wp\/v2\/users\/2"}],"replies":[{"embeddable":true,"href":"https:\/\/sporek.com\/blog\/index.php?rest_route=%2Fwp%2Fv2%2Fcomments&post=147"}],"version-history":[{"count":0,"href":"https:\/\/sporek.com\/blog\/index.php?rest_route=\/wp\/v2\/posts\/147\/revisions"}],"wp:attachment":[{"href":"https:\/\/sporek.com\/blog\/index.php?rest_route=%2Fwp%2Fv2%2Fmedia&parent=147"}],"wp:term":[{"taxonomy":"category","embeddable":true,"href":"https:\/\/sporek.com\/blog\/index.php?rest_route=%2Fwp%2Fv2%2Fcategories&post=147"},{"taxonomy":"post_tag","embeddable":true,"href":"https:\/\/sporek.com\/blog\/index.php?rest_route=%2Fwp%2Fv2%2Ftags&post=147"}],"curies":[{"name":"wp","href":"https:\/\/api.w.org\/{rel}","templated":true}]}}