{"id":148,"date":"2009-03-12T02:04:17","date_gmt":"2009-03-12T06:04:17","guid":{"rendered":"http:\/\/sporek.com\/blog\/?p=148"},"modified":"2009-03-12T14:25:40","modified_gmt":"2009-03-12T18:25:40","slug":"swiat-zwariowal-czy","status":"publish","type":"post","link":"https:\/\/sporek.com\/blog\/?p=148","title":{"rendered":"\u015awiat zwariowa\u0142, czy&#8230;"},"content":{"rendered":"<p>Niedzielne zebranie w Centrum, a w\u0142a\u015bciwie ta godzina przed jego rozpocz\u0119ciem doprowadza mnie do takiej w\u0142a\u015bnie konkluzji: albo zwariowa\u0142 \u015bwiat, albo z Poloni\u0105 jest co\u015b nie tak. <!--more-->Ot\u00f3\u017c, w\u015br\u00f3d staraj\u0105cych si\u0119 wej\u015b\u0107 do \u015brodka by\u0142o kilku by\u0142ych cz\u0142onk\u00f3w Centrum, kt\u00f3rych przedstawiciele rady Dyrektor\u00f3w nie chcieli wpu\u015bci\u0107. Zebranie by\u0142o dla cz\u0142onk\u00f3w Centrum. I mo\u017ce to nie by\u0142oby najwa\u017cniejsze, ale w kilku przypadkach mo\u017cna by\u0142o si\u0119 spodziewa\u0107 rewolty i zak\u0142\u00f3cenia spotkania. W jednym szeregu nagle, w towarzystwie by\u0142ego prezesa Centrum, T. Chabrowskiego stan\u0119li ludzie, kt\u00f3rych on sam kilka lat temu&#8230;wyrzuci\u0142 i pozbawi\u0142 cz\u0142onkostwa. By\u0142 te\u017c prezes Domu Narodowego &#8211; r\u00f3wnie\u017c jeden z tych lider\u00f3w, kt\u00f3ry skar\u017cy\u0142 m. in. komitet rodzicielski Szko\u0142y Polskiej im. M. Konopnickiej za znies\u0142awienie, ale za to o kilka milion\u00f3w dolar\u00f3w. (Jemu wolno, innym nie?) Ten pan kilka lat temu, gdy obwieszczono podwy\u017cszenie sk\u0142adki dla Centrum do 20 dolar\u00f3w oficjalnie zrzek\u0142 si\u0119 cz\u0142onkostwa. Czego chcia\u0142 teraz przychodz\u0105c na to zebranie? Dyrektorzy Unii, jak wspomnia\u0142em uprzednio nawo\u0142ywali, aby wpuszczono absolutnie wszystkich. Co\u015b, co by\u0142oby nie do pomy\u015blenia podczas zebrania Unii Kredytowej. Poniewa\u017c zrobi\u0142o si\u0119 spore zamieszanie ochrona wyprosi\u0142a wszystkich i pocz\u0119\u0142a wpuszcza\u0107 po kilka os\u00f3b, kt\u00f3rych to\u017csamo\u015b\u0107 sprawdzana by\u0142a w\/g ubieg\u0142orocznej listy przy stoliku. Szkoda, \u017ce nie by\u0142o przedstawicieli prasy, kt\u00f3rzy byliby cho\u0107 troch\u0119 bezstronni w opisaniu tej sytuacji. Sta\u0142em po przeciwnej stronie, z kaw\u0105 na masce mojego samochodu i wypali\u0142em kilka papieros\u00f3w. Jaka\u015b pani podesz\u0142a do mnie.<br \/>\n-Wiedzia\u0142am, \u017ce pan jest geniusz, ale \u017ce a\u017c taki, to nie wiedzia\u0142am -sykn\u0119\u0142a. Zmrozi\u0142o mnie, bo oczach mia\u0142a nienawi\u015b\u0107 i straszliw\u0105 \u017cadz\u0119 walki. Niemniej zapyta\u0142em grzecznie:<br \/>\n-A czy mo\u017ce mi pani powiedzie\u0107 o co chodzi?<br \/>\n-Tak, prosz\u0119 pana. Czyta\u0142am tego pa\u0144skiego bloga. Wstyd &#8211; krzykn\u0119\u0142a &#8211;\u00a0 w jednym zdaniu tyle b\u0142\u0119d\u00f3w!<br \/>\n-No, wie pani, nikt nie jest doskona\u0142y- odpar\u0142em zawstydzony.<br \/>\n-Tak, ale pan napisa\u0142 ca\u0142e zdanie do ty\u0142u, do g\u00f3ry nogami. Co, komputer si\u0119 panu zepsu\u0142? Wstyd, taki Polak i wypuszcza takie androny.<br \/>\n-\u017ba\u0142uj\u0119, \u017ce nie uda\u0142o si\u0119 pani tego rozszyfrowa\u0107, jako\u015b inni dali rad\u0119 &#8211; odpar\u0142em nie mog\u0105c opanowa\u0107 \u015bmiechu.<br \/>\n-Wstyd, ci\u0119\u017cki wstyd i pan chce by\u0107 autorytetem &#8211; w\u015bcieka\u0142a si\u0119.<br \/>\nPostanowi\u0142em nie podejmowa\u0107 tej dyskusji wiedz\u0105c, \u017ce m\u00f3j artyku\u0142 rozpocz\u0119ty kilkama zdaniami napisanymi wspak po prostu przer\u00f3s\u0142 jej intelektualne mo\u017cliwo\u015bci. Sta\u0142em nadal spokojnie i obserwowa\u0142em. Niestety pal\u0105c, cho\u0107 nie bardzo mi wolno. Poniewa\u017c jednak bardziej nie wolno mi si\u0119 stresowa\u0107 postanowi\u0142em odczeka\u0107 i wszed\u0142em dopiero, gdy istotnie si\u0119 rozlu\u017ani\u0142o. Troch\u0119 mnie zdziwi\u0142a obecno\u015b\u0107 by\u0142ego prezesa Unii, Marka Zawisnego, chodz\u0105cego, jak cie\u0144, krok w krok za obecnym prezesem. Obrazki, kt\u00f3re widzia\u0142em mocno mnie zdziwi\u0142y. Jest ju\u017c \u015broda, p\u00f3\u017ano wiecz\u00f3r. Kilka godzin temu wr\u00f3ci\u0142em z tzw. &#8222;konferencji prasowej&#8221;. Nie by\u0142em zaproszony, ale zadzwoni\u0142em do Centrum i zapyta\u0142em, czy mog\u0119 przyj\u015b\u0107. Pani powiedzia\u0142a, \u017ce musi zapyta\u0107 dyrektora. Za chwil\u0119 poinformowa\u0142a mnie, \u017ce tak. Ba\u0142em si\u0119 tylko, czy nie powt\u00f3rzy si\u0119 sytuacja ze s\u0142ynnego zebrania lider\u00f3w, tzn. czy nie zostan\u0119 zawr\u00f3cony od drzwi. Okaza\u0142o si\u0119, \u017ce nie. Jak wida\u0107 nie wszyscy cofaj\u0105 wieczorem s\u0142owo dane w po\u0142udnie. Konferencja zwo\u0142ana by\u0142a na szybko, to prawda, ale my\u015bl\u0119, \u017ce wa\u017cno\u015b\u0107 problem\u00f3w mog\u0142aby spowodowa\u0107 reakcj\u0119 naszych mass-medi\u00f3w. Niestety, okazuje si\u0119, \u017ce ka\u017cda z zaproszonych gazet ma tylko&#8230;jednego dziennikarza, a ten nie mo\u017ce si\u0119 rozdwoi\u0107. Gazety wys\u0142a\u0142y go na uroczyste rozdanie nagr\u00f3d dla uczni\u00f3w polskich szk\u00f3\u0142, zwyci\u0119zc\u00f3w konkursu na temat&#8230;Unii Kredytowej. Ciekawostk\u0105 jest jednak to, jak potraktowano dyrektork\u0119 Szko\u0142y im. Marii Konopnickiej, pani\u0105 Bronchard, kt\u00f3ra, na swoje nieszcz\u0119\u015bcie jest, wybran\u0105 w demokratrycznych wyborach, cz\u0142onkini\u0105 Rady Dyrektor\u00f3w Centrum, a uczniowie tej szko\u0142y znale\u017ali si\u0119 w gronie zwyci\u0119zc\u00f3w. Pani dyrektor powiedzia\u0142a mi, \u017ce po\u015bwi\u0119ci\u0142a sporo czasu, aby przejrze\u0107 uczniowskie\u00a0prace na temat wielko\u015bci Unii Kredytowej, wybra\u0142a najlepsze i odes\u0142a\u0142a w terminie do komisji w Unii. Dzisiaj, (\u015broda) oko\u0142o po\u0142udnia przedstawicielka Centrali Polskich Szk\u00f3\u0142 zadzwoni\u0142a do niej z pro\u015bb\u0105 o powiadomienie owych zwyci\u0119zc\u00f3w, \u017ce dzisiaj (\u015broda), o 18-ej jest rozdanie nagr\u00f3d, poniewa\u017c Unia Kredytowa nie by\u0142a w stanie tych uczni\u00f3w powiadomi\u0107. Ona sama, jako dyrektor szko\u0142y, kt\u00f3ra selekcjonowa\u0142a te prace i w ko\u0144cu jest dyrektork\u0105 nie otrzyma\u0142a zaproszenia. \u015awiat zwariowa\u0142, czy z Poloni\u0105 co\u015b nie tak&#8230;? Ju\u017c widz\u0119 te pierwsze strony gazet o chwalebnym konkursie na temat Unii Kredytowej, rozdaj\u0105cej nagrody polskim dzieciom. Kilka lat temu przerabiali\u015bmy podobn\u0105 inwazj\u0119 reklamy: Irena Jarocka reklamowa\u0142a&#8221; &#8222;Unia yes OK&#8221;, za ci\u0119\u017ckie zreszt\u0105 pieni\u0105dze z kontraktem na kilka dobrych miesi\u0119cy. Teraz kolej na m\u0142odzie\u017c. A ja si\u0119 spodziewa\u0142em, \u017ce to by\u0142 konkurs o Bitwie pod Grunwaldem, albo Rotmistrzu Pileckim, albo zmianach w pokomunistycznej Polsce.<br \/>\nNa konferencj\u0119 prasow\u0105 zjawi\u0142a si\u0119 przedstawicielka Radia Rytm i ja. Wszystko trwa\u0142o bardzo kr\u00f3tko, bo dyrektorzy stwierdzili, \u017ce woleliby raczej rozmawia\u0107 z przedstawicielami tych medi\u00f3w, kt\u00f3re albo niewiele wiedz\u0105, nie byli na niedzielnym zebraniu, lub nie chc\u0105 wiedzie\u0107, albo wiedz\u0105, ale nie chc\u0105 o tym informowa\u0107. Zanim opu\u015bci\u0142em t\u0119 &#8222;konferencj\u0119 prasow\u0105&#8221; poprosi\u0142em, aby udost\u0119pniono mi korespondencj\u0119, kt\u00f3ra dotyczy\u0142aby cho\u0107 w cz\u0119\u015bci sytuacji, jaka zaistnia\u0142a. Nie b\u0119d\u0119 si\u0119 rozpisywa\u0142, bo brak\u0142oby tej strony. To, co mnie bardzo zastanowi\u0142o to kabaretowy charakter wymiany zaledwie trzech pism. Ot\u00f3\u017c w pi\u015bmie z dnia 10 lutego prawnik Unii Kredytowej informuje Rad\u0119 Dyrektor\u00f3w Centrum, \u017ce Unia pozbawia Centrum pomieszcze\u0144 w Clifton i na Ridgewood. Centrum odpowiada na to pismem z 19 lutego (overnight mail), informuj\u0105c prawnika Unii, \u017ce programy rusz\u0105 natychmiast, jak tylko Unia przeleje sk\u0142adki, a 6 marca, ten sam prawnik wysy\u0142a do Centrum pismo, kt\u00f3re zaczyna si\u0119 od zdania: &#8222;Poniewa\u017c nie otrzymali\u015bmy od was odpowiedzi na pismo z dnia 10 lutego&#8230;&#8221; itd. \u015awiat zwairiowa\u0142, czy z Poloni\u0105 co\u015b nie tak&#8230;?<br \/>\nZapyta\u0142em dyrektor\u00f3w Centrum, (b\u0119d\u0105c poinformowanym przez Bo\u017cen\u0119 Kajewsk\u0105-Pielarz, o tym, \u017ce Centrum zwolni\u0142o pracownik\u00f3w w Clifton i na Ridgewood, co sta\u0142o si\u0119 podobno powodem odebrania tych pomieszcze\u0144), dlaczego zwolniono owych pracownik\u00f3w. I tu konsternacja: nikt nie zosta\u0142 zwolniony, a jedynie zawieszony do momentu, gdy Unia przeka\u017ce sk\u0142adki cz\u0142onkowskie na konto Centrum. Pismo Centrum informuje wyra\u017anie, \u017ce programy zosta\u0142y z a w i e s z o n e, a nie zliwkidowane. A pan radca prawny pisze, \u017ce nie otrzyma\u0142 odpowiedzi&#8230;<br \/>\nWr\u00f3ci\u0142em do siebie i wszed\u0142em na stron\u0119 &#8222;unified court system&#8221;. I zg\u0142upialem; Nasza Unia ma ponad 50 spraw s\u0105dowych. Nie wiedzia\u0142em, \u017ce by\u0142y prezes Centrum, Tadeusz Chabrowski skar\u017cy nie tylko Centrum, W. Mleczko, B. Kami\u0144sk\u0105, ale i &#8230;Uni\u0119 Kredytow\u0105, za &#8230;znies\u0142awienie. Ale zestaw: Kami\u0144ska, Mleczko i Unia Kredytowa na jednej \u0142awie oskar\u017conych. Ciekaw jestem, jak to si\u0119 sko\u0144czy&#8230;?<br \/>\nSzanowni Czytelnicy, Szanowni Cz\u0142onkowie obydwu naszych, wiod\u0105cych organizacji-instytucji: kto\u015b robi nas w balona.<br \/>\nProponuj\u0119&#8230;OKR\u0104G\u0141Y ST\u00d3\u0141, bo nie mo\u017ce by\u0107 tak, \u017ce prezes Unii o\u015bwiadczy, \u017ce &#8222;Unia nie b\u0119dzie tolerowa\u0107 tego, co dzieje si\u0119 w Centrum&#8221;, ale nie powie w\u0142a\u015bciwie nic konkretnego, c\u00f3\u017c to takiego si\u0119 dzieje. \u00a0Ten mebel -Okr\u0105g\u0142y St\u00f3\u0142 znaczy si\u0119-, jak upajaj\u0105 si\u0119 faceci z by\u0142ego KC, &#8222;za\u0142atwi\u0142&#8221; w Polsce wolno\u015b\u0107, r\u00f3wno\u015b\u0107, braterstwo i og\u00f3lne porozumienie. Mo\u017ce i nam si\u0119 tu powiedzie&#8230;? Innowacj\u0105 mojego blogu, jak\u0105 chc\u0119 Pa\u0144stwa w niedalekiej przysz\u0142o\u015bci pocz\u0119stowa\u0107 b\u0119d\u0105 wywiady. Doszed\u0142em do wniosku, \u017ce przecie\u017c, c\u00f3\u017c ja mam chodzi\u0107 na jakie\u015b nieudane konferencje prasowe, skoro mog\u0119 poprosi\u0107 kogo\u015b o odpowied\u017a na kilka pyta\u0144. Co Pa\u0144stwo na to? Dobranoc.<br \/>\nAcha, PS: P\u00f3ki co, odwo\u0142uj\u0119 przeprosiny dla Pana Plewako. Szanowny Panie, bardzo bym chcia\u0142, aby przedstawi\u0142 mi Pan spos\u00f3b, w jaki Pana przyj\u0119to do pracy w biurze Centrum na Manhattanie, oraz procedur\u0119 przyj\u0119cia Pana do pracy w Centrum, na Greenpoincie, po tym, jak miasto (a nie Centrum) zlikwidowa\u0142o Pa\u0144skie biuro na Manhattanie. Teraz zadam tylko jedno pytanie: jak m\u00f3g\u0142 si\u0119 Pan spodziewa\u0107 zasi\u0142ku dla bezrobotnych z Centrum, skoro zatrudnia\u0142o Pana miasto Nowy Jork? Na zebraniu nawet si\u0119 Pan na ten temat nie zaj\u0105kn\u0105\u0142.<\/p>\n<p>Oceniaj\u0105c, z tych niewielu informacji ca\u0142\u0105 t\u0119 sytuacj\u0119 przypomnia\u0142 mi si\u0119 wielki przeb\u00f3j Skald\u00f3w: &#8222;&#8230;nie o to chodzi, by z\u0142apa<font size=\"2\">\u0107 kr\u00f3liczka, ale, by goni\u0107 go\u2026\u201d A te wywiady, to mo\u017ce by\u0107 ciekawa sprawa\u2026<\/font><\/p>\n","protected":false},"excerpt":{"rendered":"<p>Niedzielne zebranie w Centrum, a w\u0142a\u015bciwie ta godzina przed jego rozpocz\u0119ciem doprowadza mnie do takiej w\u0142a\u015bnie konkluzji: albo zwariowa\u0142 \u015bwiat, albo z Poloni\u0105 jest co\u015b nie tak.<\/p>\n","protected":false},"author":2,"featured_media":0,"comment_status":"open","ping_status":"open","sticky":false,"template":"","format":"standard","meta":[],"categories":[3],"tags":[],"_links":{"self":[{"href":"https:\/\/sporek.com\/blog\/index.php?rest_route=\/wp\/v2\/posts\/148"}],"collection":[{"href":"https:\/\/sporek.com\/blog\/index.php?rest_route=\/wp\/v2\/posts"}],"about":[{"href":"https:\/\/sporek.com\/blog\/index.php?rest_route=\/wp\/v2\/types\/post"}],"author":[{"embeddable":true,"href":"https:\/\/sporek.com\/blog\/index.php?rest_route=\/wp\/v2\/users\/2"}],"replies":[{"embeddable":true,"href":"https:\/\/sporek.com\/blog\/index.php?rest_route=%2Fwp%2Fv2%2Fcomments&post=148"}],"version-history":[{"count":0,"href":"https:\/\/sporek.com\/blog\/index.php?rest_route=\/wp\/v2\/posts\/148\/revisions"}],"wp:attachment":[{"href":"https:\/\/sporek.com\/blog\/index.php?rest_route=%2Fwp%2Fv2%2Fmedia&parent=148"}],"wp:term":[{"taxonomy":"category","embeddable":true,"href":"https:\/\/sporek.com\/blog\/index.php?rest_route=%2Fwp%2Fv2%2Fcategories&post=148"},{"taxonomy":"post_tag","embeddable":true,"href":"https:\/\/sporek.com\/blog\/index.php?rest_route=%2Fwp%2Fv2%2Ftags&post=148"}],"curies":[{"name":"wp","href":"https:\/\/api.w.org\/{rel}","templated":true}]}}