{"id":150,"date":"2009-03-17T12:23:34","date_gmt":"2009-03-17T16:23:34","guid":{"rendered":"http:\/\/sporek.com\/blog\/?p=150"},"modified":"2009-03-17T12:30:14","modified_gmt":"2009-03-17T16:30:14","slug":"do-roboty-prezesie","status":"publish","type":"post","link":"https:\/\/sporek.com\/blog\/?p=150","title":{"rendered":"Do roboty, Prezesie"},"content":{"rendered":"<p>Pami\u0119tne zebranie w Centrum Polsko-S\u0142owia\u0144skim, w Dzie\u0144 Kobiet, 2009 roku, czyli troch\u0119 wi\u0119cej, ni\u017c tydzie\u0144 temu zawiera\u0142o scenk\u0119, w kt\u00f3rej prezes Unii Kredytowej wsiad\u0142 na populistycznego konia i krzykn\u0105\u0142, <!--more-->\u017ce &#8222;Unia nie b\u0119dzie dalej tolerowa\u0107 tego, co dzieje si\u0119 w Centrum i sk\u0142adek nie przeka\u017ce&#8221;. Jak wspomnia\u0142em w &#8222;odruchowym&#8221; artykule, napisanym na gor\u0105co p. Matyszczyk nie wykaza\u0142 jednak co takiego z\u0142ego dzieje si\u0119 w Centrum, opr\u00f3cz tego, \u017ce mocno podkre\u015bli\u0142 fakt, \u017ce B. Kami\u0144ska zarabia 6 tysi\u0119cy dolar\u00f3w miesi\u0119cznie, jako CEO, czyli dyrektor wykonawczy, co akurat nie robi na mnie wra\u017cenia, bo CEO w Unii Kredytowej ma przynajmniej trzykrotnie wyzsze apana\u017ce, a z danych NCUA na Internecie wynika, \u017ce \u015brednia w Unii wynosi 70 tysi\u0119cy rocznie, co daje zbli\u017con\u0105 do sze\u015bciu tysi\u0119cy kwot\u0119 w wysoko\u015bci 5.830 zielonych na miesi\u0105c. Wi\u0119c Kami\u0144ska nie ma si\u0119 w tym towarzystwie czym chwali\u0107, skoro, jak wida\u0107 kasjerki w Unii zarabiaj\u0105 prawie tyle samo. Pytanie, czy zarabiaj\u0105&#8230;A powinny, bo wykonuj\u0105 o wiele ci\u0119\u017csz\u0105 i bardziej odpowiedzialn\u0105 prac\u0119, ni\u017c facet, kt\u00f3ry ca\u0142ymi dniami czyta gazety, albo wykonuje tysi\u0105c telefon\u00f3w, kt\u00f3re w \u017caden spos\u00f3b Unii nie wzbogacaj\u0105. To kasjerki przyjmuj\u0105 codziennie te dziesi\u0105tki tysi\u0119cy dolar\u00f3w, z kt\u00f3rych ten, co czyta gazety mo\u017ce kombinowa\u0107, jak zainwestowa\u0107, a inny na podstawie tych\u017ce, przez r\u0119ce kasjerek przechodz\u0105cych wp\u0142yw\u00f3w, mo\u017ce robi\u0107 reklam\u0119, \u017ce Unia ro\u015bnie w si\u0142\u0119. Praca kasjerek daje te\u017c prezesowi i dyrektorom asumpt do chwalenia si\u0119, \u017ce &#8222;za ich kadencji&#8230;&#8221; i ca\u0142a ta reszta przechwa\u0142ek.<br \/>\nPanie Prezesie, powiedzia\u0142 Pan <strong>A<\/strong>, czas na wyartyku\u0142owanie <strong>B<\/strong>. Centrum podpisa\u0142o Kontrakt i&#8230;nic. Na Pana miejscu, skoro nie powiedzia\u0142 nam Pan, co takiego z\u0142ego dzieje si\u0119 w Centrum, a produkowane przez by\u0142ego cz\u0142onka zarz\u0105du Centrum i jak\u0105\u015b nowo-powsta\u0142\u0105 organizacj\u0119 pod nazw\u0105 &#8222;Komitet Obrony Centrum Polsko-S\u0142owia\u0144skiego&#8221;, ulotki m\u00f3wi\u0105, \u017ce tam (w Centrum) kradn\u0105 i \u017ce w og\u00f3le bandytyzm na ka\u017cdym kroku, &#8211; no wi\u0119c na Pana miejscu z\u0142o\u017cy\u0142bym doniesienie do prokuratora o pope\u0142nieniu przest\u0119pstwa. Je\u015bli kradn\u0105, bij\u0105 , pij\u0105 i lulki pal\u0105, &#8211; niech si\u0119 tym zajmie wymiar sprawiedliwo\u015bci. Wie Pan, jak si\u0119 gawied\u017a b\u0119dzie radowa\u0107, jak ich b\u0119d\u0105 w kajdankach wyprowada\u0107? Rado\u015b\u0107 po Pa\u0144skim wyst\u0105pieniu, to ledwie u\u015bmiech przy tych salwach, jakie wtedy b\u0119d\u0105. Naprawd\u0119, niech si\u0119 Pan we\u017amie do roboty, w przeciwnym razie chyba b\u0119d\u0119 musia\u0142 ja z\u0142o\u017cy\u0107 na Pana doniesienie o pope\u0142nieniu przest\u0119pstwa polegaj\u0105cego na zatajeniu, i\u017c wie Pan o przest\u0119pstwach w Centrum, ale Pan tego nie zg\u0142osi\u0142.<br \/>\nPanie Prezesie, je\u015bli s\u0105 tam przest\u0119pstwa &#8211; czekamy na post\u0119powanie.<br \/>\nJe\u015bli nie ma tam przest\u0119pstw, to prosz\u0119 podj\u0105\u0107 jak najszybsz\u0105 decyzj\u0119 o przekazaniu naszych sk\u0142adek, bo nigdy nie zapyta\u0142 Pan Cz\u0142onkow, czy zgadzaj\u0105 si\u0119, aby je przetrzymywa\u0107. To nie s\u0105 Pana pieni\u0105dze i nawet funkcja prezesa nie zwalnia Pana z takiego obowi\u0105zku. To zaczyna by\u0107 jak\u0105\u015b dziecinad\u0105.<br \/>\nMusz\u0119 si\u0119 Pa\u0144stwu &#8211; Czytelnikom przyzna\u0107, \u017ce coraz cz\u0119\u015bciej my\u015bl\u0119 o propozycji Pani Julii i kilku innych Czytelnik\u00f3w, jak i sporej gromady Cz\u0142onk\u00f3w obecnych na zebraniu, czyli o tym, czy poda\u0107 moj\u0105 kandydatur\u0119 do zarz\u0105du Centrum&#8230;Cho\u0107by dlatego, \u017ce wygl\u0105da na to, i\u017c ludzie&#8230;jeszcze mi wierz\u0105. Ale czy to co\u015b zmieni? Coraz cz\u0119\u015bciej my\u015bl\u0119, \u017ce sytuacja pokrywa si\u0119 z zartobliwym, acz filozoficznym stwierdzeniem, i\u017c <strong>kobiety nie mo\u017cna zmieni\u0107; mo\u017cna zmieni\u0107 kobiet\u0119, ale to niczego nie zmienia.<\/strong><\/p>\n","protected":false},"excerpt":{"rendered":"<p>Pami\u0119tne zebranie w Centrum Polsko-S\u0142owia\u0144skim, w Dzie\u0144 Kobiet, 2009 roku, czyli troch\u0119 wi\u0119cej, ni\u017c tydzie\u0144 temu zawiera\u0142o scenk\u0119, w kt\u00f3rej prezes Unii Kredytowej wsiad\u0142 na populistycznego konia i krzykn\u0105\u0142,<\/p>\n","protected":false},"author":2,"featured_media":0,"comment_status":"open","ping_status":"open","sticky":false,"template":"","format":"standard","meta":[],"categories":[3],"tags":[],"_links":{"self":[{"href":"https:\/\/sporek.com\/blog\/index.php?rest_route=\/wp\/v2\/posts\/150"}],"collection":[{"href":"https:\/\/sporek.com\/blog\/index.php?rest_route=\/wp\/v2\/posts"}],"about":[{"href":"https:\/\/sporek.com\/blog\/index.php?rest_route=\/wp\/v2\/types\/post"}],"author":[{"embeddable":true,"href":"https:\/\/sporek.com\/blog\/index.php?rest_route=\/wp\/v2\/users\/2"}],"replies":[{"embeddable":true,"href":"https:\/\/sporek.com\/blog\/index.php?rest_route=%2Fwp%2Fv2%2Fcomments&post=150"}],"version-history":[{"count":0,"href":"https:\/\/sporek.com\/blog\/index.php?rest_route=\/wp\/v2\/posts\/150\/revisions"}],"wp:attachment":[{"href":"https:\/\/sporek.com\/blog\/index.php?rest_route=%2Fwp%2Fv2%2Fmedia&parent=150"}],"wp:term":[{"taxonomy":"category","embeddable":true,"href":"https:\/\/sporek.com\/blog\/index.php?rest_route=%2Fwp%2Fv2%2Fcategories&post=150"},{"taxonomy":"post_tag","embeddable":true,"href":"https:\/\/sporek.com\/blog\/index.php?rest_route=%2Fwp%2Fv2%2Ftags&post=150"}],"curies":[{"name":"wp","href":"https:\/\/api.w.org\/{rel}","templated":true}]}}