{"id":152,"date":"2009-03-21T01:24:17","date_gmt":"2009-03-21T05:24:17","guid":{"rendered":"http:\/\/sporek.com\/blog\/?p=152"},"modified":"2009-03-23T01:42:57","modified_gmt":"2009-03-23T05:42:57","slug":"spotkanie-liderow-bis","status":"publish","type":"post","link":"https:\/\/sporek.com\/blog\/?p=152","title":{"rendered":"Spotkanie Lider\u00f3w &#8211; bis"},"content":{"rendered":"<p>Widz\u0119, \u017ce dzia\u0142o si\u0119 du\u017co&#8230;na blogu. Brakuje mi Ma\u0107ka z Bogda\u0144ca, mog\u0142aby si\u0119 pokaza\u0107 jaka\u015b Jagienka, albo Danu\u015bka, ale a\u017c mnie trz\u0119sie, jak pomy\u015bl\u0119, \u017ce m\u00f3g\u0142by si\u0119 te\u017c pokaza\u0107&#8230;Urlyk von Jungingen, brrr. <!--more-->Jedno wszelako bardzo mnie zastanawia: wszyscy, opr\u00f3cz Jacka B\u0105kowskiego u\u017cywaj\u0105 pseudonim\u00f3w, a jeden z adwersarzy wyja\u015bni\u0142 nawet, \u017ce tak lepiej, bo po co ryzykowa\u0107, \u017ce listonosz przyniesie pozew do s\u0105du. To jednak znaczy, \u017ce pisze si\u0119 albo nieprawd\u0119, albo co\u015b zas\u0142yszanego, ale niepotwierdzonego. Bo przecie\u017c, je\u015bli pisze si\u0119 o sprawach, na kt\u00f3re s\u0105 dokumenty, albo po prostu s\u0105 prawd\u0105, to listonosz raczej nie przyniesie \u017cadnego pozwu. Troch\u0119 mnie to ustawia negatywnie do wpisuj\u0105cych si\u0119. Pani Konarska chyba wymy\u015blila sobie inny pseudonim. No, trudno. Dyskutujmy dalej. Tym bardziej, \u017ce mam dla Pa\u0144stwa zupe\u0142nie \u015bwie\u017cy materia\u0142. Ot\u00f3\u017c, odby\u0142o si\u0119 dzisiaj spotkanie, zapowiadane, jako &#8222;spotkanie lider\u00f3w&#8221;. Zaproszeni powiadomieni byli o tym listownie. Niestety, spo\u015br\u00f3d tych lider\u00f3w, kt\u00f3rzy wzi\u0119li udzia\u0142 miesi\u0105c temu w spotkaniu organizowanym przez Uni\u0119 Kredytow\u0105, a zaproszeni byli dzisiaj, przyszed\u0142 tylko Piotr Pachacz. Nie przyszed\u0142 nikt z prasy. Byli tylko przedstawiciele jednego radia, &#8222;Radia Rytm&#8221; &#8211; Stanis\u0142aw Trojaniak z radiowym dziennikarzem. Dlaczego nie przyszed\u0142 nikt z Kuriera, &#8211; przecie\u017c ta papka, ktor\u0105 napisano po 8 marca nie jest do strawienia. To bardzo znamienne; ca\u0142e skrzyd\u0142o Prezesa Rady Dyrektor\u00f3w Unii, kt\u00f3re zjawi\u0142o si\u0119 na zebraniu Centrum, 8 marca, mimo, i\u017c nie by\u0142o zaprosze\u0144 listownych nie zjawi\u0142o si\u0119 dzisiaj. Nie zjawili si\u0119 te\u017c, ani m\u00f3j przyjaciel, Adam B\u0105k, ani Ludwik Wn\u0119kowicz, ani \u017caden inny lider sprzed miesi\u0105ca. Pytanie: przestali czu\u0107 si\u0119 liderami, czy zignorowali? My\u015bl\u0119, \u017ce to drugie. I wielka szkoda. Dlaczego? Dlatego, \u017ce warto tam by\u0142o by\u0107, cho\u0107by ze wzgl\u0119du na wyst\u0105pienie ksi\u0119gowej Centrum, kt\u00f3re u\u015bwiadomi\u0142oby biznesmenom, \u017ce kontrole miejskie, kt\u00f3re zjawiaj\u0105 si\u0119 w Centrum co kilka miesi\u0119cy nie daj\u0105 \u017cadnych szans na sprzeniewierzenie nie tysi\u0119cy, ale setnych dolara, czyli centa. Kt\u00f3rykolwiek z biznesmen\u00f3w prze\u017cy\u0142 miejskie &#8222;audity&#8221; wie, \u017ce kontrolerzy miejscy s\u0105 niezwykle dociekliwi. A Centrum ma kontrole wielop\u0142aszczyznowe. Organizacje &#8222;not- for-profit&#8221; s\u0105 traktowane niezwykle skrupulatnie. Kiedy\u015b prowadzi\u0142em oddzia\u0142 Fundacji Chopinowskiej &#8211; wiem co\u015b o tym. Wyst\u0105pienie Pani Agaty wzbogaci\u0142o mnie i obecnych o niezwykle istotn\u0105 wiedz\u0119. Do\u0142\u00f3\u017cmy do tego wyst\u0105pienie pa\u0144 kieruj\u0105cych dzia\u0142em etnicznym i dzia\u0142em immigracyjnym. Pierwszy dotyczy pomocy ludziom starszym, cz\u0119sto bez znajomo\u015bci j\u0119zyka, polegaj\u0105cej na wype\u0142nianiu poda\u0144 emerytalnych, kontakt\u00f3w ze s\u0142u\u017cb\u0105 zdrowia &#8211; \u0142\u0105cznie z dowo\u017ceniem do lekarzy &#8211; polegaj\u0105cej na wype\u0142nianiu kwestionariuszy dotycz\u0105cych rent zdrowotnych, medicare, itp. Drugi prowadzi us\u0142ugi zwi\u0105zane z procesami immigracyjnymi, ktore \u015brednio kosztuj\u0105 petenta&#8230;$100. Por\u00f3wnajmy z cenami, jakie p\u0142acimy prawnikom, kt\u00f3rzy najcz\u0119\u015bciej raczej nas zwodz\u0105 za ogromne pieni\u0105dze. Obydwa te programy maj\u0105 zaledwie cz\u0105stk\u0119 dop\u0142at miejskich, reszta musi by\u0107 subsydiowana ze sk\u0142adek cz\u0142onkowskich. Przyznaj\u0119, \u017ce nie wiedzia\u0142em, i\u017c przy op\u0142atach cz\u0142onkowie otrzymuj\u0105 dyskant 10 dolar\u00f3w (to te ze sk\u0142adki). Niekt\u00f3re sprawy ci\u0105gn\u0105 si\u0119 dwa, trzy i wi\u0119cej lat. Ale miasto daje wsparcie na rok. Spraw ci\u0105gle przybywa. Wyst\u0105pienie tych pa\u0144, to kolejny zastrzyk niezwykle istotnej wiedzy o dzia\u0142alno\u015bci Centrum. Wiedzy, kt\u00f3ra ka\u017ce mi zada\u0107 pytanie tym, kt\u00f3rzy chc\u0105 pozbawi\u0107 t\u0119 organizacj\u0119 sk\u0142adek cz\u0142onkowskich:<strong> Drodzy Pa\u0144stwo, czy jeste\u015bcie gotowi wzi\u0105\u0107 na siebie odpowiedzialno\u015b\u0107 za los setek ludzi, otrzymuj\u0105cych t\u0119 pomoc? Czy jeste\u015bcie przygotowani merytorycznie, fachowo, aby t\u0119 pomoc kontynuowa\u0107?<\/strong> Bo\u017cena Kami\u0144ska wyrwa\u0142a z miasta w ostatnim czasie 50 tysi\u0119cy z tzw. grant\u00f3w i programy id\u0105. Miesi\u0105c temu wynegocjowa\u0142a przez Davida Yassky&#8217;ego kilkadziesi\u0105t tysi\u0119cy zielonych. I wiem to nie od niej, bo nie zamieni\u0142em z ni\u0105 na tym spotkaniu ani jednego s\u0142owa. Wiem to od pracownic Centrum. Dzia\u0142alno\u015b\u0107 Centrum, to na pewno nie, jak w Unii &#8211; spotkania raz w miesi\u0105cu. To codzienna, pe\u0142na trud\u00f3w praca dla spo\u0142eczno\u015bci polonijnej. Niech Bogu dzi\u0119kuj\u0105 ci, kt\u00f3rzy nie musz\u0105 z tej pomocy korzysta\u0107, kt\u00f3rzy mog\u0105 jeszcze polega\u0107 na sobie, s\u0105 sprawni i w miar\u0119 m\u0142odzi.<br \/>\nB\u0142\u0119dem Rady Dyrektor\u00f3w Centrum jest to, \u017ce nie edukuje spo\u0142ecze\u0144stwa o specyficznym charakterze dzia\u0142alno\u015bci; b\u0142\u0119dem by\u0142o, \u017ce skoro przy\u0142apano kucharki i ich szefow\u0105 na wynoszeniu gotowej \u017cywno\u015bci, nie wezwano policji, nie sporz\u0105dzono protoko\u0142u; b\u0142\u0119dem by\u0142o, \u017ce je\u015bli poprzednia CEO pracowa\u0142a zaledwie kilka godzin dziennie, a zarabia\u0142a ponad 86 tysi\u0119cy dolar\u00f3w rocznie, nie usuni\u0119to jej du\u017co wcze\u015bniej; b\u0142\u0119dem by\u0142o, \u017ce demonstracja spod Unii Kredytowej posz\u0142a pod biuro Krzysztofa Matyszczyka. Te\u017c bym si\u0119 w\u015bciek\u0142. Ale b\u0142agam, nie r\u00f3bcie &#8211; i m\u00f3wi\u0119 to do obu stron &#8211; ju\u017c niczego, co mo\u017ce pogorszy\u0107 sytuacj\u0119. Wielu z was &#8211; lider\u00f3w, &#8211; nie ma ju\u017c tzw. &#8222;potrzeb emigranta&#8221;. Wszyscy w\u0142a\u015bciwie jeste\u015bcie \u015bwietnie urz\u0105dzeni i w wieku, kt\u00f3ry nie wymaga opieki nad wami. B\u0142agam, sko\u0144czmy z demagogi\u0105. Je\u015bli Unia nie spe\u0142ni warunk\u00f3w, kt\u00f3re s\u0105 w kontrakcie -\u015bwie\u017co podpisanym, &#8211; je\u015bli b\u0119dzie nadal wstrzymywa\u0107 nasze sk\u0142adki dla Centrum, b\u0119dzie trzeba uciec si\u0119 do skrajno\u015bci i ostateczno\u015bci. Ale ju\u017c wiem, \u017ce znajdzie si\u0119 sporo ludzi, kt\u00f3rzy zadeklaruj\u0105 dotacje na prawn\u0105 obron\u0119 Centrum. Wyjdzie wtedy takie mn\u00f3stwo brud\u00f3w, \u017ce b\u0119dzie nam wszystkim ci\u0119\u017cki wstyd. M\u00f3g\u0142 zbiera\u0107 takie datki obecny prezes Unii, \u017ceby wybroni\u0107 siebie i innych dyrektor\u00f3w, w imi\u0119 obrony Unii, dlaczego nie mog\u0105 zrobi\u0107 tego inni w imi\u0119 obrony Centrum, czy cz\u0142onk\u00f3w, kt\u00f3rzy z jego pomocy korzystaj\u0105? Dzi\u0119kuj\u0119 Bogu, \u017ce nie jestem w sytuacji zmuszaj\u0105cej mnie do wype\u0142niania papierk\u00f3w i walki z biurokrajc\u0105, \u017ce chodz\u0119 o w\u0142asnych si\u0142ach, nauczy\u0142em si\u0119 j\u0119zyka i p\u00f3ki co, nie musz\u0119 prosi\u0107 o tak\u0105 pomoc. Ale tam s\u0105 ludzie, kt\u00f3rzy s\u0105 w przymusowych sytuacjach. Ludzie, dla kt\u00f3rych kiedy\u015b powo\u0142owano t\u0119 instytucj\u0119 do \u017cycia. Panie Krzysztofie Matyszczyk, Pan nie ma prawa tego robi\u0107.<br \/>\nWzywam Rad\u0119 Dyrektor\u00f3w Unii Kredytowej do zaakceptowania zaproszenia do &#8222;okrag\u0142ego sto\u0142u&#8221;. Od\u0142\u00f3\u017ccie te personalne animozje. B\u0119d\u0105 wybory, niech zadecyduj\u0105 Cz\u0142onkowie. Prezes Unii Kredytowej m\u00f3wi, \u017ce kontrakt z 1999 roku zosta\u0142 zerwany chyba pi\u0119\u0107 lat temu. Ale sk\u0142adki by\u0142y przekazywane. Za\u017c\u0105dano podpisania nowego kontraktu. Centrum dope\u0142ni\u0142o tego &#8222;obowi\u0105zku&#8221;. Sk\u0142adki nadal wstrzymane. To si\u0119 nijak i niejakiej kupy nie trzyma. To ju\u017c nawet nie tylko o Centrum chodzi. Co wy wyprawiacie z mediami? Pisz\u0105 &#8222;dla was&#8221;, bo dajecie du\u017c\u0105 fors\u0119 na reklamy, albo nie pisz\u0105 w og\u00f3le ze strachu, \u017ce im reklamy odbierzecie. \u0141amiecie im kregos\u0142upy. A co si\u0119 dzieje z Poloni\u0105? Te wszystkie Jurandy, Zbyszki, Azazale, Iwony? Jestem tak w\u015bciek\u0142y na to zak\u0142amane tch\u00f3rzostwo, \u017ce ch\u0119tnie nazwa\u0142bym to po prostu &#8230;szkoda moich nerw\u00f3w. Kto\u015b pisze, \u017ce telewizja dostawa\u0142a $5700. A pan by pracowa\u0142 za darmo? Poza tym b\u0142agam, poszperajcie w dokumentach s\u0105dowych. Skoro operujecie wpisami na blog, to wej\u015bcie na strony s\u0105dowe nie powinno wam sprawia\u0107 problemu i zobaczcie kto, kogo s\u0105dzi\u0142&#8230;? Albo id\u017acie do \u017ar\u00f3de\u0142 i pytajcie. Przesta\u0144my opiera\u0107 nasz\u0105 wiedz\u0119 o wiedz\u0119 z ulicy. Czy wiecie, \u017ce sprz\u0119t telewizyjny, o kt\u00f3ry s\u0105dzi\u0142 si\u0119 Chabrowski do dzi\u015b le\u017cy w Centrum, z\u0142o\u017cony i przygotowany do pobrania? Ale on go ju\u017c nie chce. Wszyscy jednak, jak papugi powtarzaj\u0105: J\u00f3\u017awiak go ukrad\u0142. Widzia\u0142em ten sprz\u0119t i pytam pana Chabrowskiego: czemu nie zabiera go\u00a0stamt\u0105d?<br \/>\nB\u0142\u0119dem jest, \u017ce nie m\u00f3wi si\u0119 o takich sprawach. I to jest wina obydwu Rad Dyrektorskich. Jest takie modne s\u0142owo w Polsce: &#8222;transparentno\u015b\u0107&#8221; (co\u015b okropnego, ale politycy u\u017cywaj\u0105 go nami\u0119tnie). Oznacza jawno\u015b\u0107, przejrzysto\u015b\u0107 . I dobrze wam tak, dyrektorzy jednej i drugiej instytucji. Macie, co sami warzycie. W kampaniach przedwyborczych pe\u0142ne g\u0119by hase\u0142 o spotkaniach informacyjnych dla cz\u0142onk\u00f3w, o jawno\u015bci decyzji i przejrzysto\u015bci \u017cycia organizacji, a potem&#8230;? Na zebraniach, gdy og\u0142osz\u0105 was nowymi dyrektorami dzi\u0119kujecie za zaufanie i obiecujecie kontakt z Cz\u0142onkami, jawno\u015b\u0107, przejrzysto\u015b\u0107, mi\u0142o\u015b\u0107, wierno\u015b\u0107&#8230;i \u017ce ci\u0119 nie opuszcz\u0119, bla, bla bla.<br \/>\n&#8222;Komentatorzy&#8221; -prosz\u0119, zdejmijcie przy\u0142bice i nie udawajcie &#8222;dobrze poinformowanych&#8221;, bo to, co robicie, to po prostu tch\u00f3rzostwo. Gdyby wasze charaktery mia\u0142 Rejtan, nigdy nie rzuci\u0142by si\u0119, by protestowa\u0107 przeciw rozbiorom naszej Ojczyzny, gdyby wasze charaktery mieli Ko\u015bciuszko i Pu\u0142aski, czy bohaterowie-m\u0119czennicy II Wojny \u015awiatowej, &#8211; nie mieliby\u015bmy historii. Przesta\u0144cie kr\u0119ci\u0107 drug\u0105 cz\u0119\u015b\u0107 &#8222;Krzy\u017cak\u00f3w. Nota bene, niedawno wypo\u017cyczy\u0142em&#8230;&#8221;Krzy\u017cak\u00f3w&#8221;, ku zdziwieniu innych klientow, ktorzy wypo\u017cyczali jakie\u015b wsp\u00f3\u0142czesne hity. Ludzie, jakie to by\u0142y charaktery: Zbyszko, Jurand, Ma\u0107ko, Jagienka. Dziwicie si\u0119, \u017ce Sienkiewicz ze swojej wizyty w Stanach przywi\u00f3z\u0142 okropne spostrze\u017cenia o Polonii? Wi\u0119cej, ni\u017c sto lat temu. A my&#8230;tak przywi\u0105zani do tradycji; by\u0142o \u017ale? Niech b\u0119dzie \u017ale, po co to zmienia\u0107?\u00a0I wy przyjmujecie ich imiona&#8230;?<br \/>\nO, co\u015b mi si\u0119 \u015bmiesznego przypomnia\u0142o na koniec.\u00a0 Ot\u00f3\u017c tygodnik Polish-American World z 20 bm, a wi\u0119c przygotowywany conajmniej z tydzie\u0144, poda\u0142 wyniki g\u0142osowania w Komitecie Parady Pu\u0142askiego, kt\u00f3re odby\u0142o si\u0119&#8230;- uwaga &#8211; 19 bm. Wygl\u0105da na to, \u017ce Polish-American World zatrudnia prorok\u00f3w. To mo\u017ce przepowiedz\u0105, jak zako\u0144czy si\u0119 konflikt polsko-polski&#8230;? To taki drobiazg z naszej \u0142\u0105czki. Jestem w\u015bciek\u0142y, do b\u00f3lu w\u015bciek\u0142y. Ale kocham ten kawa\u0142ek Polski, kt\u00f3ry tu mamy, tylko zr\u00f3bmy z tym co\u015b.<\/p>\n","protected":false},"excerpt":{"rendered":"<p>Widz\u0119, \u017ce dzia\u0142o si\u0119 du\u017co&#8230;na blogu. Brakuje mi Ma\u0107ka z Bogda\u0144ca, mog\u0142aby si\u0119 pokaza\u0107 jaka\u015b Jagienka, albo Danu\u015bka, ale a\u017c mnie trz\u0119sie, jak pomy\u015bl\u0119, \u017ce m\u00f3g\u0142by si\u0119 te\u017c pokaza\u0107&#8230;Urlyk von Jungingen, brrr.<\/p>\n","protected":false},"author":2,"featured_media":0,"comment_status":"open","ping_status":"open","sticky":false,"template":"","format":"standard","meta":[],"categories":[3],"tags":[],"_links":{"self":[{"href":"https:\/\/sporek.com\/blog\/index.php?rest_route=\/wp\/v2\/posts\/152"}],"collection":[{"href":"https:\/\/sporek.com\/blog\/index.php?rest_route=\/wp\/v2\/posts"}],"about":[{"href":"https:\/\/sporek.com\/blog\/index.php?rest_route=\/wp\/v2\/types\/post"}],"author":[{"embeddable":true,"href":"https:\/\/sporek.com\/blog\/index.php?rest_route=\/wp\/v2\/users\/2"}],"replies":[{"embeddable":true,"href":"https:\/\/sporek.com\/blog\/index.php?rest_route=%2Fwp%2Fv2%2Fcomments&post=152"}],"version-history":[{"count":0,"href":"https:\/\/sporek.com\/blog\/index.php?rest_route=\/wp\/v2\/posts\/152\/revisions"}],"wp:attachment":[{"href":"https:\/\/sporek.com\/blog\/index.php?rest_route=%2Fwp%2Fv2%2Fmedia&parent=152"}],"wp:term":[{"taxonomy":"category","embeddable":true,"href":"https:\/\/sporek.com\/blog\/index.php?rest_route=%2Fwp%2Fv2%2Fcategories&post=152"},{"taxonomy":"post_tag","embeddable":true,"href":"https:\/\/sporek.com\/blog\/index.php?rest_route=%2Fwp%2Fv2%2Ftags&post=152"}],"curies":[{"name":"wp","href":"https:\/\/api.w.org\/{rel}","templated":true}]}}