{"id":153,"date":"2009-03-25T11:11:27","date_gmt":"2009-03-25T15:11:27","guid":{"rendered":"http:\/\/sporek.com\/blog\/?p=153"},"modified":"2009-03-27T16:06:19","modified_gmt":"2009-03-27T20:06:19","slug":"w-obronie-unii-kredytowej","status":"publish","type":"post","link":"https:\/\/sporek.com\/blog\/?p=153","title":{"rendered":"W obronie Unii Kredytowej"},"content":{"rendered":"<p><font size=\"2\"><font style=\"font-family: Verdana\"><span style=\"font-family: Verdana\"><font size=\"2\"><font style=\"font-family: Verdana\">W obronie Unii Kredytowej<br style=\"font-family: Verdana\" \/><span style=\"font-family: Verdana\">A mo\u017ce w obronie Polonii nowojorskiej? Oto wyt\u0142uszczony tytu\u0142 na www.onet.pl <\/span><strong style=\"font-family: Verdana\">Katedra Polska na uniwersytecie w Nowym Jorku.<\/strong><br style=\"font-family: Verdana\" \/><span style=\"font-family: Verdana\">A poni\u017cej informacja, \u017ce zebrano 3 mln dolar\u00f3w na utworzenie tej katedry. Owe 3 mln, stanowi\u0105ce tzw. fundusz \u017celazny, pozwol\u0105 na sfinansowanie dzia\u0142alno\u015bci od roku&#8230;2010. I dalej: &#8222;Na \u015brodowej konferencji prasowej, z udzia\u0142em m. in. ministra Spraw Zagranicznych Rados\u0142awa Sikorskiego, przedstawiono donator\u00f3w funduszu, kt\u00f3ry zorganizowano dzi\u0119ki wsp\u00f3lnej akcji Konsulatu Generalnego Rzeczypospolitej w Nowym Jorku i Fundacji na Rzecz Nauki&#8221;.<!--more--><\/span><br style=\"font-family: Verdana\" \/><span style=\"font-family: Verdana\">Rados\u0142aw Sikorski jest &#8222;wzruszony i dumny&#8221; i dodaje: &#8222;To jest jeden z najszcz\u0119\u015bliwszych dni w \u017cyciu profesjonalnym ministra spraw zagranicznych, kiedy mo\u017ce celebrowa<\/span><font size=\"2\" style=\"font-family: Verdana\">\u0107 polski sukces na arenie mi\u0119dzynaro<\/font><font size=\"2\"><span style=\"font-family: Verdana\">dowej&#8221;<\/span><\/font><span style=\"font-family: 'Times New Roman'\"><font size=\"3\"><font size=\"2\"><span style=\"font-family: Verdana\">. No i jeszcze dalej: &#8222;Donatorami Katedry s\u0105 m. in. Gie\u0142da Papier\u00f3w Warto\u015bciowych, Krajowy Depozyt Papier\u00f3w Warto\u015bciowych, ENEA, Polska Grupa Energetyczna, Bogdan Fiszer Silesia Capital Fund., specjalne strefy ekonomiczne: Katowicka, Warmi\u0144sko-Mzurska, Pomorska i Kostrzy\u0144sko-S\u0142ubicka, a tak\u017ce donatorzy anonimowi. Wymieniono dziewi\u0119<\/span><\/font><\/font><\/span><font size=\"2\" style=\"font-family: Verdana\">\u0107 powa\u017cnych nazw. Nie licz\u0119 tych &#8222;anonimowych&#8221;. Rachunek jest prosty: Je\u015bli nasza Unia Kredytowa przekaza\u0142a 481 tysi\u0119cy, (a tyle przekaza\u0142a), to dla reszty, czyli w\/w dziewi\u0119ciu donator\u00f3w pozosta\u0142o 2.519.000, 00 (dwa miliony pi\u0119<\/font><font size=\"2\" style=\"font-family: Verdana\">\u0107<\/font><font size=\"2\" style=\"font-family: Verdana\">set dziewi\u0119tna\u015bcie tysi\u0119cy).\u00a0<\/font><font size=\"2\" style=\"font-family: Verdana\">Wychodzi na ka\u017cdego po 279.888 (dwie\u015bcie siedemdziesi\u0105t dziewi\u0119<\/font><font size=\"2\" style=\"font-family: Verdana\">\u0107<\/font><font size=\"2\" style=\"font-family: Verdana\"> tysi\u0119cy osiemset osiemdziesi\u0105t osiem). <\/font><font size=\"2\" style=\"font-family: Verdana\">Je\u015bli wliczy<\/font><font size=\"2\" style=\"font-family: Verdana\">\u0107 &#8222;anonimowych&#8221;, to wypada jeszcze mniej. <\/font><font size=\"2\" style=\"font-family: Verdana\">Z tego wynika, \u017ce Polsko-S\u0142owia\u0144ska Federalna Unia Kredytowa by\u0142 najwi\u0119kszym sponsorem Katedry Polskiej&#8230;ale jej nie wymieniono. Co na to Konsul Generalny, Krzysztof Kasprzyk, co na to Konsul Ewa Ger, co na to Minister Sikorski? Ten ostatni pewnie nawet nie wie o datkach naszej Unii. I Polska te\u017c nie wie. My wiemy, bo zdj\u0119ciami zasypano Poloni\u0119 przy pomocy Nowego Dziennika i innych medi\u00f3w.<br \/>\n<\/font><font size=\"2\" style=\"font-family: Verdana\">A co na to prezes Unii, Krzysztof Matyszczyk? Nigdy, powt\u00f3rz\u0119 NIGDY nie zadano Cz\u0142onkom oszcz\u0119dzaj\u0105cym w Unii pytania, czy zgadzaj\u0105 si\u0119 na te decyzje. Ja pyta\u0142em w jednym z artyku\u0142\u00f3w, co wiemy na temat przysz\u0142o\u015bci i jaki instytucje przekazuj\u0105ce pieni\u0105dze b\u0119d\u0105 mia\u0142y wp\u0142yw na decyzje kadrowe i programowe. Nigdzie nie znalaz\u0142em odpowiedzi. Nie wspomina o tym Pan Konsul w wywiadzie dla &#8222;Bia\u0142ego Or\u0142a&#8221;, nie wspomina o tym onet.pl<br \/>\nPrawie p\u00f3\u0142 milinona polonijnych dolar\u00f3w i ani s\u0142owa&#8230;i \u017cadnych praw.<br \/>\nTak wynegocjowali\u015bmy Uni\u0119 Europejsk\u0105, tak wynegocjowali\u015bmy F-16. Byle nas poklepali po plecach. A polonijne szko\u0142y m\u0119cz\u0105 si\u0119 z problemami, polonijne dzieci i m\u0142odzie\u017c dostaj\u0105 groszowe stypendia, nad\u00a0 polskimi emigrantami wisi gro\u017aba zamkni\u0119cia program\u00f3w w Centrum. Zamiast zgody w Polonii umizgamy si\u0119 do Amerykan\u00f3w i p\u0142acimy za to, \u017ceby nas na koniec zignorowa<\/font><font size=\"2\" style=\"font-family: Verdana\">no.<br \/>\nZ tekstu na Onecie mo\u017cna sie jeszcze dowiedz<\/font><font size=\"2\">ie<\/font><font size=\"2\" style=\"font-family: Verdana\">\u0107, jak to b\u0119dzie wspaniale&#8230;za 10 lat, gdy rozsiani po \u015bwiecie studenci Columbii b\u0119d\u0105 m\u00f3wi<\/font><font size=\"2\" style=\"font-family: Verdana\">\u0107 o sprawach Polski&#8230;w &#8222;profesjonalny spos\u00f3b&#8221;. To znaczy jak? Czy polskie dzieci wykszta\u0142cone tutaj na dobrych uniwersytetach, a po drodze w polskich szko\u0142ach nie mowi\u0142yby bardziej profesjonalnie? Czemu chcemy koniecznie oddawa<\/font><\/font><\/font><\/span><\/font><\/font><font size=\"2\"><font style=\"font-family: Verdana\"><span style=\"font-family: Verdana\"><font size=\"2\"><font style=\"font-family: Verdana\"><font size=\"2\" style=\"font-family: Verdana\">\u0107 to w r\u0119ce &#8222;mi\u0119dzynarodowej mieszanki&#8221;?<\/font><\/font><\/font><\/span><\/font><\/font><font size=\"2\"><font style=\"font-family: Verdana\"><span style=\"font-family: Verdana\"><font size=\"2\"><font style=\"font-family: Verdana\"><br \/>\n<\/font><\/font><\/span><\/font><\/font><\/p>\n","protected":false},"excerpt":{"rendered":"<p>W obronie Unii KredytowejA mo\u017ce w obronie Polonii nowojorskiej? Oto wyt\u0142uszczony tytu\u0142 na www.onet.pl Katedra Polska na uniwersytecie w Nowym Jorku.A poni\u017cej informacja, \u017ce zebrano 3 mln dolar\u00f3w na utworzenie tej katedry. Owe 3 mln, stanowi\u0105ce tzw. fundusz \u017celazny, pozwol\u0105 na sfinansowanie dzia\u0142alno\u015bci od roku&#8230;2010. I dalej: &#8222;Na \u015brodowej konferencji prasowej, z udzia\u0142em m. in. [&hellip;]<\/p>\n","protected":false},"author":2,"featured_media":0,"comment_status":"open","ping_status":"open","sticky":false,"template":"","format":"standard","meta":[],"categories":[3],"tags":[],"_links":{"self":[{"href":"https:\/\/sporek.com\/blog\/index.php?rest_route=\/wp\/v2\/posts\/153"}],"collection":[{"href":"https:\/\/sporek.com\/blog\/index.php?rest_route=\/wp\/v2\/posts"}],"about":[{"href":"https:\/\/sporek.com\/blog\/index.php?rest_route=\/wp\/v2\/types\/post"}],"author":[{"embeddable":true,"href":"https:\/\/sporek.com\/blog\/index.php?rest_route=\/wp\/v2\/users\/2"}],"replies":[{"embeddable":true,"href":"https:\/\/sporek.com\/blog\/index.php?rest_route=%2Fwp%2Fv2%2Fcomments&post=153"}],"version-history":[{"count":0,"href":"https:\/\/sporek.com\/blog\/index.php?rest_route=\/wp\/v2\/posts\/153\/revisions"}],"wp:attachment":[{"href":"https:\/\/sporek.com\/blog\/index.php?rest_route=%2Fwp%2Fv2%2Fmedia&parent=153"}],"wp:term":[{"taxonomy":"category","embeddable":true,"href":"https:\/\/sporek.com\/blog\/index.php?rest_route=%2Fwp%2Fv2%2Fcategories&post=153"},{"taxonomy":"post_tag","embeddable":true,"href":"https:\/\/sporek.com\/blog\/index.php?rest_route=%2Fwp%2Fv2%2Ftags&post=153"}],"curies":[{"name":"wp","href":"https:\/\/api.w.org\/{rel}","templated":true}]}}