{"id":154,"date":"2009-03-27T16:00:55","date_gmt":"2009-03-27T20:00:55","guid":{"rendered":"http:\/\/sporek.com\/blog\/?p=154"},"modified":"2009-03-28T18:07:27","modified_gmt":"2009-03-28T22:07:27","slug":"w-obronie-unii-kredytowej-2","status":"publish","type":"post","link":"https:\/\/sporek.com\/blog\/?p=154","title":{"rendered":"W obronie Unii Kredytowej 2"},"content":{"rendered":"<p>Wygl\u0105da na to, \u017ce nierzetelno\u015b<font size=\"2\"><font style=\"font-family: Verdana\"><span style=\"font-family: Verdana\"><font size=\"2\"><font style=\"font-family: Verdana\"><font size=\"2\" style=\"font-family: Verdana\">\u0107 informacji podawanych przez wsp\u00f3\u0142czesne \u017ar\u00f3d\u0142a mo\u017ce by<\/font><\/font><\/font><\/span><\/font><\/font><font size=\"2\"><font style=\"font-family: Verdana\"><span style=\"font-family: Verdana\"><font size=\"2\"><font style=\"font-family: Verdana\"><font size=\"2\" style=\"font-family: Verdana\">\u0107 tak g\u0119boka, <\/font><\/font><\/font><\/span><\/font><\/font><font size=\"2\"><font style=\"font-family: Verdana\"><span style=\"font-family: Verdana\"><font size=\"2\"><font style=\"font-family: Verdana\"><font size=\"2\" style=\"font-family: Verdana\">\u017ce mo\u017ce doprowadzi<\/font><\/font><\/font><\/span><\/font><\/font><font size=\"2\"><font style=\"font-family: Verdana\"><span style=\"font-family: Verdana\"><font size=\"2\"><font style=\"font-family: Verdana\"><font size=\"2\" style=\"font-family: Verdana\">\u0107 do <\/font><\/font><\/font><\/span><\/font><\/font><font size=\"2\"><font style=\"font-family: Verdana\"><span style=\"font-family: Verdana\"><font size=\"2\"><font style=\"font-family: Verdana\"><font size=\"2\" style=\"font-family: Verdana\">skrzywdzi<\/font><\/font><\/font><\/span><\/font><\/font><font size=\"2\"><font style=\"font-family: Verdana\"><span style=\"font-family: Verdana\"><font size=\"2\"><font style=\"font-family: Verdana\"><font size=\"2\" style=\"font-family: Verdana\">enia wielu os\u00f3b. <!--more-->Nierzetelno\u015b<\/font><\/font><\/font><\/span><\/font><\/font><font size=\"2\"><font style=\"font-family: Verdana\"><span style=\"font-family: Verdana\"><font size=\"2\"><font style=\"font-family: Verdana\"><font size=\"2\" style=\"font-family: Verdana\">\u0107, nierzetelno\u015bci\u0105, ale mnie te\u017c ponios\u0142o i zamiast zadzwoni<\/font><\/font><\/font><\/span><\/font><\/font><font size=\"2\"><font style=\"font-family: Verdana\"><span style=\"font-family: Verdana\"><font size=\"2\"><font style=\"font-family: Verdana\"><font size=\"2\" style=\"font-family: Verdana\">\u0107 np. do g\u0142\u00f3wnej sprawczyni tego donios\u0142ego zdarzenia i zapyta<\/font><\/font><\/font><\/span><\/font><\/font><font size=\"2\"><font style=\"font-family: Verdana\"><span style=\"font-family: Verdana\"><font size=\"2\"><font style=\"font-family: Verdana\"><font size=\"2\" style=\"font-family: Verdana\">\u0107, jak to by\u0142o naprawd\u0119, usiad\u0142em i<\/font><\/font><\/font><\/span><\/font><\/font><font size=\"2\"><font style=\"font-family: Verdana\"><span style=\"font-family: Verdana\"><font size=\"2\"><font style=\"font-family: Verdana\"><font size=\"2\" style=\"font-family: Verdana\"> &#8211; bazuj\u0105c na informacji &#8222;onetu&#8221; -wysmarowa\u0142em pretensje do organizator\u00f3w akcji zbierania funduszy na Katedr\u0119 Polsk\u0105. Tymczasem z wiarygodnego, (bo naocznego \u015bwiadka) \u017ar\u00f3d\u0142a otrzyma\u0142em informacj\u0119, \u017ce CEO naszej Unii, pan Bogdan Chmielewski zosta\u0142 zaproszony i nam\u00f3wiony przez Konsulat do wzi\u0119cia udzia\u0142u w og\u0142oszeniu tej, b\u0105d\u017a co b\u0105d\u017a dobrej dla Polski wie\u015bci o mo\u017cliwo\u015bci otwarcia owej Katedry na Uniwersytecie Columbia. Dyrektor Wykonawczy, jak si\u0119 dowiedzia\u0142em, mia\u0142 cztery spotkania typu konferencje prasowe, by\u0142 usadowiony tu\u017c obok ministra Sikorskiego i przez Pani\u0105 dr. Ew\u0119 Ger, &#8211; kt\u00f3r\u0105 najmocniej t\u0105 drog\u0105 chc\u0119 przeprosi<\/font><\/font><\/font><\/span><\/font><\/font><font size=\"2\"><font style=\"font-family: Verdana\"><span style=\"font-family: Verdana\"><font size=\"2\"><font style=\"font-family: Verdana\"><font size=\"2\" style=\"font-family: Verdana\">\u0107 -, przedstawiony zosta\u0142 w\u0142a\u015bnie, jako szef polonijnego banku w Nowym Jorku, kt\u00f3ry to bank, czyli Polsko-S\u0142owia\u0144ska Federalna Unia Kredytowa jest jednym z najbardziej hojnych sponsor\u00f3w tego przedsi\u0119wzi\u0119cia. Pani Konsul Ewa Ger spe\u0142ni\u0142a wi\u0119c nie tylko swoje zadanie uzbierania tej powa\u017cnej kwoty potrzebnej na dzia\u0142alno\u015b<\/font><\/font><\/font><\/span><\/font><\/font><font size=\"2\"><font style=\"font-family: Verdana\"><span style=\"font-family: Verdana\"><font size=\"2\"><font style=\"font-family: Verdana\"><font size=\"2\" style=\"font-family: Verdana\">\u0107 Katedry, ale wywi\u0105za\u0142a si\u0119 znakomicie z protoko\u0142u grzeczno\u015bciowego. Informacja, w sumie bardzo szeroka i rzetelna, bo bezpo\u015brednio z ust Dyrektora Wykonawczego Unii posz\u0142a w Polsk\u0119, ja za\u015b naby\u0142em nowego do\u015bwiadczenia: zanim skomentuj\u0119 to, co podaje &#8222;onet&#8221; zadzwoni\u0119 do \u017ar\u00f3d\u0142a i sprawdz\u0119, czy ten portal czego\u015b nie pomin\u0105\u0142.<\/font><\/font><\/font><\/span><\/font><\/font><font size=\"2\"><font style=\"font-family: Verdana\"><span style=\"font-family: Verdana\"><font size=\"2\"><font style=\"font-family: Verdana\"><font size=\"2\" style=\"font-family: Verdana\"><br \/>\nPRZEPRASZAM pod adresem Pani Konsul, Ewy Ger, kt\u00f3ra wykona\u0142a najwi\u0119ksz\u0105 robot\u0119 przy tej zbi\u00f3rce, i kt\u00f3rej historia b\u0119dzie zawdzi\u0119cza<\/font><\/font><\/font><\/span><\/font><\/font><font size=\"2\"><font style=\"font-family: Verdana\"><span style=\"font-family: Verdana\"><font size=\"2\"><font style=\"font-family: Verdana\"><font size=\"2\" style=\"font-family: Verdana\">\u0107 ten sukces; <\/font><\/font><\/font><\/span><\/font><\/font><font size=\"2\"><font style=\"font-family: Verdana\"><span style=\"font-family: Verdana\"><font size=\"2\"><font style=\"font-family: Verdana\"><font size=\"2\" style=\"font-family: Verdana\">PRZEPRASZAM pod adresem Konsula Generalnego, Krzysztofa Kasprzyka i PRZEPRASZAM pod adresem wszystkich, kt\u00f3rych <\/font><\/font><\/font><\/span><\/font><\/font><font size=\"2\"><font style=\"font-family: Verdana\"><span style=\"font-family: Verdana\"><font size=\"2\"><font style=\"font-family: Verdana\"><font size=\"2\" style=\"font-family: Verdana\">m\u00f3j artyku\u0142 <\/font><\/font><\/font><\/span><\/font><\/font><font size=\"2\"><font style=\"font-family: Verdana\"><span style=\"font-family: Verdana\"><font size=\"2\"><font style=\"font-family: Verdana\"><font size=\"2\" style=\"font-family: Verdana\">m\u00f3g\u0142 urazi<\/font><\/font><\/font><\/span><\/font><\/font><font size=\"2\"><font style=\"font-family: Verdana\"><span style=\"font-family: Verdana\"><font size=\"2\"><font style=\"font-family: Verdana\"><font size=\"2\" style=\"font-family: Verdana\">\u0107 i kt\u00f3rych wprowadzi\u0142 w b\u0142\u0105d. Jest to jedyne s\u0142owo, kt\u00f3re ci\u015bnie mi si\u0119 teraz pod palce: PRZEPRASZAM.<\/font><\/font><\/font><\/span><\/font><\/font><\/p>\n<p><font size=\"2\"><font style=\"font-family: Verdana\"><span style=\"font-family: Verdana\"><\/span><\/font><\/font><font size=\"2\"><font style=\"font-family: Verdana\"><span style=\"font-family: Verdana\">PS: Oddaj\u0105c si\u0119 na po\u017carcie wszystkich, kt\u00f3rzy mnie nie lubi\u0105, nie cierpi\u0105 i nieznosz\u0105 postanowi\u0142em pozostawi<\/span><\/font><\/font><span style=\"font-family: Verdana\"><font size=\"2\"><font style=\"font-family: Verdana\"><font size=\"2\" style=\"font-family: Verdana\">\u0107 artyku\u0142 numer 1, jako dow\u00f3d mojej nierzetelno\u015bci i przestrog\u0119, \u017ce zanim otworz\u0119 jap\u0119 ponownie, aby kogo\u015b skrytykowa<span style=\"font-family: Verdana\"><font size=\"2\"><font style=\"font-family: Verdana\"><font size=\"2\" style=\"font-family: Verdana\">\u0107, si\u0119gn\u0119 do najpewniejszych \u017ar\u00f3de\u0142.<\/font><\/font><\/font><\/span><\/font><\/font><\/font><\/span><\/p>\n","protected":false},"excerpt":{"rendered":"<p>Wygl\u0105da na to, \u017ce nierzetelno\u015b\u0107 informacji podawanych przez wsp\u00f3\u0142czesne \u017ar\u00f3d\u0142a mo\u017ce by\u0107 tak g\u0119boka, \u017ce mo\u017ce doprowadzi\u0107 do skrzywdzienia wielu os\u00f3b.<\/p>\n","protected":false},"author":2,"featured_media":0,"comment_status":"open","ping_status":"open","sticky":false,"template":"","format":"standard","meta":[],"categories":[3],"tags":[],"_links":{"self":[{"href":"https:\/\/sporek.com\/blog\/index.php?rest_route=\/wp\/v2\/posts\/154"}],"collection":[{"href":"https:\/\/sporek.com\/blog\/index.php?rest_route=\/wp\/v2\/posts"}],"about":[{"href":"https:\/\/sporek.com\/blog\/index.php?rest_route=\/wp\/v2\/types\/post"}],"author":[{"embeddable":true,"href":"https:\/\/sporek.com\/blog\/index.php?rest_route=\/wp\/v2\/users\/2"}],"replies":[{"embeddable":true,"href":"https:\/\/sporek.com\/blog\/index.php?rest_route=%2Fwp%2Fv2%2Fcomments&post=154"}],"version-history":[{"count":0,"href":"https:\/\/sporek.com\/blog\/index.php?rest_route=\/wp\/v2\/posts\/154\/revisions"}],"wp:attachment":[{"href":"https:\/\/sporek.com\/blog\/index.php?rest_route=%2Fwp%2Fv2%2Fmedia&parent=154"}],"wp:term":[{"taxonomy":"category","embeddable":true,"href":"https:\/\/sporek.com\/blog\/index.php?rest_route=%2Fwp%2Fv2%2Fcategories&post=154"},{"taxonomy":"post_tag","embeddable":true,"href":"https:\/\/sporek.com\/blog\/index.php?rest_route=%2Fwp%2Fv2%2Ftags&post=154"}],"curies":[{"name":"wp","href":"https:\/\/api.w.org\/{rel}","templated":true}]}}