{"id":155,"date":"2009-04-02T10:43:30","date_gmt":"2009-04-02T14:43:30","guid":{"rendered":"http:\/\/sporek.com\/blog\/?p=155"},"modified":"2009-04-02T10:57:24","modified_gmt":"2009-04-02T14:57:24","slug":"wolnosc-slowa","status":"publish","type":"post","link":"https:\/\/sporek.com\/blog\/?p=155","title":{"rendered":"Wolno\u015b\u0107 s\u0142owa&#8230;?"},"content":{"rendered":"<p><font size=\"2\"><font style=\"font-family: Verdana\"><font style=\"font-family: Verdana\"><font style=\"font-family: Verdana\">&#8230;w Polsce i &#8230;w Polonii&#8230;<br \/>\nKolejna awantura na temat publikacji o Lechu Wa\u0142\u0119sie w Polsce budzi refleksje tak skrajne, \u017ce a\u017c trudno uwierzy<\/font><\/font><\/font><font style=\"font-family: Verdana\"><font style=\"font-family: Verdana\"><font style=\"font-family: Verdana\"><font style=\"font-family: Verdana\">\u0107, i\u017c wypowiadaj\u0105 je ludzie m\u00f3wi\u0105cy tym samym &#8211; polskim &#8211; j\u0119zykiem. <!--more-->W g\u0119stym ch\u00f3rze g\u0142os\u00f3w wszystkie strony krytycznie oceniaj\u0105 prac\u0119 m\u0142odego historyka, Paw\u0142a Zyzaka (&#8222;Zygzaka&#8221;, jak w programie T. Lisa m\u00f3wi L. Wa\u0142\u0119sa). Nie czyta\u0142em, ale do\u0142\u0105czam si\u0119 do krytyki, bo je\u015bli rzeczywi\u015bcie autor nie przeprowadzi\u0142 solidnych bada\u0144, nie podpar\u0142 argument\u00f3w prawdziwymi dokumentami, to nie mia\u0142 w\u0142a\u015bciwie prawa wydawa<\/font><\/font><\/font><\/font><font style=\"font-family: Verdana\"><font style=\"font-family: Verdana\"><font style=\"font-family: Verdana\"><font style=\"font-family: Verdana\">\u0107 t\u0119 ksi\u0105\u017ck\u0119. Ponadto, przy wielu negatywach, jakie wszyscy &#8211; i przyznajmy to szczerze &#8211; dostrzegamy w osobie Lecha Wa\u0142\u0119sy, to to, czy mia\u0142 on za m\u0142odu jakie\u015b romanse, czy nawet dziecko, czy siusia\u0142 do wody \u015bwieconej i wyprawia\u0142 jakie\u015b brewerie, akurat mnie, ani chyba nas wszystkich kompletnie nie obchodzi. W tych sprawach rysuj\u0119 naszemu Nobli\u015bcie &#8222;grub\u0105 kresk\u0119&#8221;. Ale ten g\u0119sty ch\u00f3r krytyki dzieli si\u0119 na coraz bardziej dysonuj\u0105co brzmi\u0105ce g\u0142osy, z kt\u00f3rych przebija zdecydowanie ten platformo-sld-owsko-wa\u0142\u0119sowski ton o &#8222;zwolnienie&#8221; prezesa, dr. Janusza Kurtyki. Tymczasem:<\/font><\/font><\/font><\/font><\/font><font style=\"font-family: Verdana\"><font size=\"2\"><font style=\"font-family: Verdana\"><font style=\"font-family: Verdana\"><font style=\"font-family: Verdana\"><br \/>\n1-Zyzaka przyj\u0105\u0142 do pracy <\/font><\/font><\/font>dyrektor krakowskiego oddzia\u0142u IPN, cz\u0142onek Platformy Obywatelskiej, a nie Kurtyka.<br \/>\n2-Kurtyka odci\u0105\u0142 si\u0119 od pracy Zyzaka i o\u015bwiadczy\u0142, \u017ce ksi\u0105\u017cka nie by\u0142a wydana przy najmniejszym nawet udziale finans\u00f3w IPN.<br \/>\n3-Praca powsta\u0142a du\u017co wcze\u015bniej, jako pok\u0142osie studi\u00f3w Zyzaka na Uniwersytecie Jagiello\u0144skim, b\u0119d\u0105c koronnym jego &#8222;dzie\u0142em&#8221;, czyli prac\u0105 magistersk\u0105; By\u0142 wi\u0119c promotor, by\u0142 recenzent, by\u0142a komisja egzaminacyjna. Teraz zosta\u0142a wydana w niezale\u017cnej oficynie.<br \/>\nZatem z IPN-em ma tylko t\u0119 jedn\u0105 styczn\u0105, \u017ce jej autora przyj\u0105\u0142 do pracy w tej instytucji jej krakowski dyrektor i podobno przyj\u0105\u0142 go na stanowisko kopisty. Ale on jest z Platformy, wi\u0119c nikt nie wrzeszczy, \u017ceby go natychmiast zwolni<\/font><\/font><font size=\"2\"><font style=\"font-family: Verdana\"><font style=\"font-family: Verdana\"><font style=\"font-family: Verdana\"><font style=\"font-family: Verdana\">\u0107<\/font><\/font><\/font>.<br \/>\nLech Wa\u0142\u0119sa przy wszystkich zas\u0142ugach jakie posiada, sam jest winien &#8211; poprzez przer\u00f3\u017cne wypowiedzi i zachowania -, i\u017c jego posta<\/font><font style=\"font-family: Verdana\"><font style=\"font-family: Verdana\"><font style=\"font-family: Verdana\"><font style=\"font-family: Verdana\">\u0107 budzi obecnie niezwykle mieszane uczucia u wielu. Kto jest uczciwy wzgl\u0119dem siebie niech to przyzna, lub odrzuci. On chce teraz, aby m\u00f3wiono o nim wy\u0142\u0105cznie dobrze, albo bardzo dobrze. Tymczasem nie da si\u0119 usun\u0105<\/font><\/font><\/font><\/font><\/font><font size=\"2\"><font style=\"font-family: Verdana\"><font style=\"font-family: Verdana\"><font style=\"font-family: Verdana\"><font style=\"font-family: Verdana\">\u0107 z jego dzia\u0142alno\u015bci politycznej, spo\u0142ecznej i wszelkiej oficjalnej fakt\u00f3w, kt\u00f3re sam budowa\u0142: porozumienie z komunistami, prezydencja Jaruzelskiego, &#8222;Okr\u0105g\u0142y St\u00f3\u0142&#8221;, rozwalenie &#8222;tamtej Solidarno\u015bci&#8221;, zamach na rz\u0105d Olszewskiego, wulgarne wypowiedzi i wyzwiska pod adresem Kaczy\u0144skich i wiele innych &#8222;wpadek&#8221;, kt\u00f3re obni\u017cy\u0142y zar\u00f3wno jego autorytet, jak i zmieni\u0142y uczucia i odczucia wielu.<br \/>\nPremier wygra\u017ca IPN-owi, \u017ce mo\u017ce si\u0119 doczeka<\/font><\/font><\/font><\/font><font style=\"font-family: Verdana\"><font style=\"font-family: Verdana\"><font style=\"font-family: Verdana\"><font style=\"font-family: Verdana\">\u0107 obci\u0119cia funduszy. Jest pan Tusk tym samym pierwszym w wolnym \u015bwiecie szefem rz\u0105du, kt\u00f3ry w taki spos\u00f3b ingeruje w spraw\u0119 wolno\u015bci s\u0142owa i pogl\u0105d\u00f3w. Tego nie zrobi\u0142 dotychczas \u017caden z szef\u00f3w kraj\u00f3w, kt\u00f3re odzyska\u0142y wolno\u015b<\/font><\/font><\/font><\/font><\/font><font size=\"2\"><font style=\"font-family: Verdana\"><font style=\"font-family: Verdana\"><font style=\"font-family: Verdana\"><font style=\"font-family: Verdana\">\u0107 i wyrwa\u0142y si\u0119 spod sowieckego buta. Wt\u00f3ruj\u0105 mu Kwa\u015bniewski, SLD, ca\u0142a Platforma i oczywi\u015bcie sporo dziennikarzy, w tym niezast\u0105piony Tomasz Lis.<br \/>\nJasno jednak -kiedy s\u0142ucha si\u0119 tego wszystkiego- wychodzi, \u017ce nie ma problemu z autorem, Paw\u0142em Zyzakiem, nie ma problemu z cz\u0142owiekiem, kt\u00f3ry przyj\u0105\u0142 go do pracy. Problem jest z prezesem Kurtyk\u0105. Jak m\u00f3wi marsza\u0142ek Komorowski: &#8222;za Kieresa wszystko by\u0142o bezkonfliktowe&#8221;. A masz, czyli Kurtyka winien, \u017ce w krakowskim oddziale pracowa\u0142 facet, kt\u00f3ry na UJ-cie pope\u0142ni\u0142 prac\u0119 magistersk\u0105, wyda\u0142 j\u0105 poza IPN-em i, \u017ce zatrudni\u0142 go &#8222;platformer&#8221;. Czy to nie jest paranoja? Pomijaj\u0105c robienie z Janusza Kurtyki g\u0142\u00f3wnego winowajc\u0119 najbardziej jednak martwi i oburza stosunek do wolno\u015bci s\u0142owa, wolno\u015bci bada\u0144 naukowych. Niech mi nikt nie m\u00f3wi, \u017ce Uniwersytet Jagiello\u0144ski nie jest instytucj\u0105 naukow\u0105. Z tej w\u0142a\u015bnie przyczyny trudno jest rz\u0105dz\u0105cym apelowa<\/font><\/font><\/font><\/font><font style=\"font-family: Verdana\"><font style=\"font-family: Verdana\"><font style=\"font-family: Verdana\"><font style=\"font-family: Verdana\">\u0107 o zwolnienie rektora tego uniwersytetu. Taki g\u0142os by\u0142by ju\u017c kompletn\u0105 kompromitacj\u0105. A IPN mo\u017cna skopa<\/font><\/font><\/font><\/font><\/font><font size=\"2\"><font style=\"font-family: Verdana\"><font style=\"font-family: Verdana\"><font style=\"font-family: Verdana\"><font style=\"font-family: Verdana\">\u0107, bo przecie\u017c grzebie w przesz\u0142o\u015bci komunist\u00f3w, donosicieli, esbek\u00f3w i innych skurwysyn\u00f3w, przez kt\u00f3rych tysi\u0105ce ludzi cierpia\u0142o, traci\u0142o prac\u0119, sz\u0142o do wi\u0119zienia.<\/font><\/font><\/font><br \/>\nSpo\u0142ecze\u0144stwo otwiera jednak oczy, szczeg\u00f3lnie m\u0142oda jego reprezentacja. Oto, po conajmniej dziwnych wypowiedziach Radka Sikorskiego w auli Uniwersytetu\u00a0w Toruniu, s\u0142uchaj\u0105cy go studenci wznie\u015bli napisy &#8222;BLE&#8230;BLE&#8230;BLE&#8230; M\u00f3wiono o tym w &#8222;Szkle kontaktowym&#8221;, ale nie m\u00f3wiono w Wiadomo\u015bciach.<br \/>\nA w Polonii? No, c\u00f3\u017c &#8211; bardzo lubi\u0119 czyta<\/font><font style=\"font-family: Verdana\"><font style=\"font-family: Verdana\"><font style=\"font-family: Verdana\"><font style=\"font-family: Verdana\">\u0107 Kurier Plus, ale to, co zrobil ostatnio nie zgadzaj\u0105c si\u0119 na opublikowanie komentarza Jacka B\u0105kowskiego na temat wypowiedzi Krzysztofa Matyszczyka uwa\u017cam za przegi\u0119cie. Pomijam pytanie, czy Jacek B\u0105kowski jest gorszy od K. Matyszczyka. \u017byjemy w kraju, w kt\u00f3rym wolno\u015b<\/font><\/font><\/font><\/font><font style=\"font-family: Verdana\"><font style=\"font-family: Verdana\"><font style=\"font-family: Verdana\"><font style=\"font-family: Verdana\">\u0107 s\u0142owa zadeklarowana jest Konstytucj\u0105. Ktokolwiek staje do egzaminu na obywatelstwo wie, \u017ce to pytanie jest bardzo cz\u0119sto zadawane: kt\u00f3ra z tzw. &#8222;Poprawek do Konstytucji&#8221; gwarantuje wolno\u015b<\/font><\/font><\/font><\/font><\/font><font size=\"2\"><font style=\"font-family: Verdana\"><font style=\"font-family: Verdana\"><font style=\"font-family: Verdana\"><font style=\"font-family: Verdana\">\u0107 s\u0142owa? Czy s\u0142ysza\u0142 tu kto\u015b, by prezydent postulowa\u0142 zamkni\u0119cie jakiej\u015b gazety, albo grozi\u0142 konsekwencjami komukolwiek, kto my\u015bli i m\u00f3wi inaczej, ni\u017c on i jego rz\u0105dz\u0105ca partia?<br \/>\nOdwrotnie: KARANE JEST ZABRANIANIE LUB OGRANICZANIE WOLNO\u015aCI SLOWA.<br \/>\nM\u00f3j Blog by\u0142 wczoraj nieczynny ponad 12 godzin (?). Przyczyn jeszcze nie znam do ko\u0144ca. Wiemy tylko, \u017ce kto\u015b &#8222;grzeba\u0142&#8221; przy serwerze. M\u00f3g\u0142 to by<\/font><\/font><\/font><\/font><font style=\"font-family: Verdana\"><font style=\"font-family: Verdana\"><font style=\"font-family: Verdana\"><font style=\"font-family: Verdana\">\u0107 przypadek. Jak si\u0119 jednak wreszcie otworzy\u0142, to skorzysta\u0142a z tego pani Konarska &#8211; &#8222;wszystkowiedz\u0105ca&#8221; o uk\u0142adach, uk\u0142adzikach, kto gdzie dzia\u0142a, itp&#8230; Obieca\u0142em, \u017ce chcia\u0142bym porozmawia<\/font><\/font><\/font><\/font><font style=\"font-family: Verdana\"><font style=\"font-family: Verdana\"><font style=\"font-family: Verdana\"><font style=\"font-family: Verdana\">\u0107 o nieformalnym spotkaniu w restauracji. Zatem za chwil\u0119 wykonam telefon do Prezesa Matyszczyka z pro\u015bb\u0105 o kr\u00f3tki wywiad. Potem do V-ce Prezesa J\u00f3\u017awiaka. Ciekaw jestem, kt\u00f3ry z nich zgodzi si\u0119 na rozmow\u0119&#8230;<\/font><\/font><\/font><\/font><\/font><\/p>\n","protected":false},"excerpt":{"rendered":"<p>&#8230;w Polsce i &#8230;w Polonii&#8230; Kolejna awantura na temat publikacji o Lechu Wa\u0142\u0119sie w Polsce budzi refleksje tak skrajne, \u017ce a\u017c trudno uwierzy\u0107, i\u017c wypowiadaj\u0105 je ludzie m\u00f3wi\u0105cy tym samym &#8211; polskim &#8211; j\u0119zykiem.<\/p>\n","protected":false},"author":2,"featured_media":0,"comment_status":"open","ping_status":"open","sticky":false,"template":"","format":"standard","meta":[],"categories":[4],"tags":[],"_links":{"self":[{"href":"https:\/\/sporek.com\/blog\/index.php?rest_route=\/wp\/v2\/posts\/155"}],"collection":[{"href":"https:\/\/sporek.com\/blog\/index.php?rest_route=\/wp\/v2\/posts"}],"about":[{"href":"https:\/\/sporek.com\/blog\/index.php?rest_route=\/wp\/v2\/types\/post"}],"author":[{"embeddable":true,"href":"https:\/\/sporek.com\/blog\/index.php?rest_route=\/wp\/v2\/users\/2"}],"replies":[{"embeddable":true,"href":"https:\/\/sporek.com\/blog\/index.php?rest_route=%2Fwp%2Fv2%2Fcomments&post=155"}],"version-history":[{"count":0,"href":"https:\/\/sporek.com\/blog\/index.php?rest_route=\/wp\/v2\/posts\/155\/revisions"}],"wp:attachment":[{"href":"https:\/\/sporek.com\/blog\/index.php?rest_route=%2Fwp%2Fv2%2Fmedia&parent=155"}],"wp:term":[{"taxonomy":"category","embeddable":true,"href":"https:\/\/sporek.com\/blog\/index.php?rest_route=%2Fwp%2Fv2%2Fcategories&post=155"},{"taxonomy":"post_tag","embeddable":true,"href":"https:\/\/sporek.com\/blog\/index.php?rest_route=%2Fwp%2Fv2%2Ftags&post=155"}],"curies":[{"name":"wp","href":"https:\/\/api.w.org\/{rel}","templated":true}]}}