{"id":156,"date":"2009-04-03T01:14:06","date_gmt":"2009-04-03T05:14:06","guid":{"rendered":"http:\/\/sporek.com\/blog\/?p=156"},"modified":"2009-04-03T08:07:02","modified_gmt":"2009-04-03T12:07:02","slug":"smutna-pamiec","status":"publish","type":"post","link":"https:\/\/sporek.com\/blog\/?p=156","title":{"rendered":"Smutna Pami\u0119\u0107&#8230;"},"content":{"rendered":"<p><font size=\"2\"><span style=\"font-family: Verdana\">Chyba ju\u017c nie chc\u0119 bra<\/span><font style=\"font-family: Verdana\"><font style=\"font-family: Verdana\"><font style=\"font-family: Verdana\"><font style=\"font-family: Verdana\"><font style=\"font-family: Verdana\">\u0107 w tym wszystkim udzia\u0142u; w tych wojnach, podchodach, plotkach, obmawianiach. Gubimy co\u015b niezwykle warto\u015bciowego.\u00a0 Mieli\u015bmy jednego Papie\u017ca, o kt\u00f3rym m\u00f3wi si\u0119, \u017ce Ziemia ju\u017c takiego Cz\u0142owieka nie urodzi, \u017ce od czas\u00f3w Chrystusa, to najwi\u0119kszy z Ziemian. <!--more--><\/font><\/font><\/font><\/font>I tam, w Katedrze \u015aw. Patryka winni\u015bmy si\u0119 wszyscy spotka<\/font><font style=\"font-family: Verdana\"><font style=\"font-family: Verdana\"><font style=\"font-family: Verdana\"><font style=\"font-family: Verdana\"><font style=\"font-family: Verdana\">\u0107; modli<\/font><\/font><\/font><\/font><\/font><font style=\"font-family: Verdana\"><font style=\"font-family: Verdana\"><font style=\"font-family: Verdana\"><font style=\"font-family: Verdana\"><font style=\"font-family: Verdana\">\u0107 si\u0119 za jego dusz\u0119, s\u0142ucha<\/font><\/font><\/font><\/font><\/font><font style=\"font-family: Verdana\"><font style=\"font-family: Verdana\"><font style=\"font-family: Verdana\"><font style=\"font-family: Verdana\"><font style=\"font-family: Verdana\">\u0107 Jego poezji -to nic, \u017ce po angielsku &#8211; ona przemawia w ka\u017cdym j\u0119zyku; s\u0142ucha<\/font><\/font><\/font><\/font><\/font><font style=\"font-family: Verdana\"><font style=\"font-family: Verdana\"><font style=\"font-family: Verdana\"><font style=\"font-family: Verdana\"><font style=\"font-family: Verdana\">\u0107 cudownej muzyki organowej; czu<\/font><\/font><\/font><\/font><\/font><font style=\"font-family: Verdana\"><font style=\"font-family: Verdana\"><font style=\"font-family: Verdana\"><font style=\"font-family: Verdana\"><font style=\"font-family: Verdana\">\u0107 jedno\u015b<\/font><\/font><\/font><\/font><\/font><font style=\"font-family: Verdana\"><font style=\"font-family: Verdana\"><font style=\"font-family: Verdana\"><font style=\"font-family: Verdana\"><font style=\"font-family: Verdana\">\u0107 ze wszystkimi, kt\u00f3rzy tam byli; odrzuci<\/font><\/font><\/font><\/font><\/font><font style=\"font-family: Verdana\"><font style=\"font-family: Verdana\"><font style=\"font-family: Verdana\"><font style=\"font-family: Verdana\"><font style=\"font-family: Verdana\">\u0107 z\u0142o\u015b<\/font><\/font><\/font><\/font><\/font><font style=\"font-family: Verdana\"><font style=\"font-family: Verdana\"><font style=\"font-family: Verdana\"><font style=\"font-family: Verdana\"><font style=\"font-family: Verdana\">\u0107, nienawis<\/font><\/font><\/font><\/font><\/font><font style=\"font-family: Verdana\"><font style=\"font-family: Verdana\"><font style=\"font-family: Verdana\"><font style=\"font-family: Verdana\"><font style=\"font-family: Verdana\">\u0107, zazdro\u015b<\/font><\/font><\/font><\/font><\/font><font style=\"font-family: Verdana\"><font style=\"font-family: Verdana\"><font style=\"font-family: Verdana\"><font style=\"font-family: Verdana\"><font style=\"font-family: Verdana\">\u0107, zawi\u015b<\/font><\/font><\/font><\/font><\/font><font style=\"font-family: Verdana\"><font style=\"font-family: Verdana\"><font style=\"font-family: Verdana\"><font style=\"font-family: Verdana\"><font style=\"font-family: Verdana\">\u0107 i to wszystko, co nas dzieli, co nie pozwala nam i\u015b<\/font><\/font><\/font><\/font><\/font><font style=\"font-family: Verdana\"><font style=\"font-family: Verdana\"><font style=\"font-family: Verdana\"><font style=\"font-family: Verdana\"><font style=\"font-family: Verdana\">\u0107 do przodu. Po raz kolejny sk\u0142adam t\u0105 drog\u0105 podzi\u0119kowania Konsulatowi Generalnemu RP w Nowym Jorku i chc\u0119 je z\u0142o\u017cy<\/font><\/font><\/font><\/font><\/font><\/font><font size=\"2\"><font style=\"font-family: Verdana\"><font style=\"font-family: Verdana\"><font style=\"font-family: Verdana\"><font style=\"font-family: Verdana\"><font style=\"font-family: Verdana\">\u0107 na r\u0119ce Konsula Krzysztofa Kasprzyka, kt\u00f3ry otworzy\u0142 dzisiejszy (wczorajszy-ju\u017c po p\u00f3\u0142nocy), Wiecz\u00f3r Pami\u0119ci pt: &#8222;Ducha nie ga\u015bcie&#8221;. Mimo skromnych \u015brodk\u00f3w; zaledwie jeden aktor, z polskich dziadk\u00f3w, przyby\u0142ych do USA w pocz\u0105tkach XX wieku ze Lwowa. Paul Savior, urodzony w Nowym Jorku, &#8211; aktor z ogromnym dorobkiem artystycznym -.<br \/>\nCudownie czyta\u0142 poezje Jana Paw\u0142a II, przet\u0142umaczon\u0105 na j\u0119zyk angielski. Ale przeczyta\u0142 te\u017c i po polsku, pokazuj\u0105c piekn\u0105, czy\u015bciusie\u0144ko, bez angielskich zmi\u0119kcze\u0144 brzmi\u0105c\u0105 polszczyzn\u0119. I ta pot\u0119\u017cna muzyka organowa, w kt\u00f3rej ci\u0105gle kr\u00f3luje Jan Sebastian Bach. Jego muzyka na tym &#8222;kr\u00f3lu wszystkich instrument\u00f3w&#8221;, jak on sam nazywa\u0142 organy, brzmi nieprawdopodobnie pi\u0119knie, majestatycznie, pot\u0119\u017cnie, jak dziesi\u0119<\/font><\/font><\/font><\/font><\/font><font style=\"font-family: Verdana\"><font style=\"font-family: Verdana\"><font style=\"font-family: Verdana\"><font style=\"font-family: Verdana\"><font style=\"font-family: Verdana\">\u0107 orkiestr. I te\u017c utw\u00f3r Bacha podoba\u0142 mi si\u0119 najbardziej. Ale nie b\u0119d\u0119 pisa\u0142 recenzji. Przysz\u0142o mi do g\u0142owy, \u017ce tacy muzycy, tacy tw\u00f3rcy, jak Bach, Mozart, Beethoven, Chopin, Moniuszko, ci wszyscy klasycy, romantycy i ci z XX wieku z naszymi Lutos\u0142awskimi, Pendereckimi, Kilarami &#8211; oni wszyscy powinni by<\/font><\/font><\/font><\/font><\/font><\/font><font style=\"font-family: Verdana\"><font style=\"font-family: Verdana\"><font style=\"font-family: Verdana\"><font style=\"font-family: Verdana\"><font style=\"font-family: Verdana\" size=\"2\">\u0107 \u015bwi\u0119tymi. Ile\u017c dobra nios\u0105 swoj\u0105 tw\u00f3rczo\u015bci\u0105, z pokolenia, na pokolenie. B\u00f3g wyznaczy\u0142 ich do upi\u0119kszania naszego \u017cycia i pewnie wszyscy s\u0105 gdzie\u015b w niebia\u0144skich orkiestrach, lub b\u0119d\u0105 w nich, gdy B\u00f3g powo\u0142a ich z ziemskiej w\u0119dr\u00f3wki. Jak\u017cesz odstaj\u0105 oni od tych wszystkich&#8230;bankowc\u00f3w wp\u0119dzaj\u0105cych \u015bwiat w kryzysy&#8230;<br \/>\nTam, w Katedrze, gra\u0142 nam t\u0119 muzyk\u0119, czc\u0105c pami\u0119<\/font><\/font><\/font><\/font><\/font><font size=\"2\"><font style=\"font-family: Verdana\"><font style=\"font-family: Verdana\"><font style=\"font-family: Verdana\"><font style=\"font-family: Verdana\"><font style=\"font-family: Verdana\">\u0107 Jana Paw\u0142a II polski organista mieszkaj\u0105cy w Szwajcarii, Wojciech R\u00f3\u017cak.<br \/>\nWiecz\u00f3r pami\u0119ci, wiecz\u00f3r refleksji; co jest warto\u015bciowe, co jest bez sensu, co dobre, a co z\u0142e.<br \/>\nWr\u00f3ci\u0142a posta<\/font><\/font><\/font><\/font><\/font><font style=\"font-family: Verdana\"><font style=\"font-family: Verdana\"><font style=\"font-family: Verdana\"><font style=\"font-family: Verdana\"><font style=\"font-family: Verdana\">\u0107 tego wielkiego Polaka; wspomnienie z dnia Bierzmowania, kiedy dotkn\u0105\u0142 mojego policzka; wspomnienie z wizyty w Rzymie; gdy zapyta\u0142: <strong>sk\u0105d jeste\u015b?<\/strong> Odpowiedzia\u0142em &#8211; <em>z Rajczy<\/em> (tak, nie powiedzia\u0142em, \u017ce z Nowego Jorku, cho<\/font><\/font><\/font><\/font><\/font><font style=\"font-family: Verdana\"><font style=\"font-family: Verdana\"><font style=\"font-family: Verdana\"><font style=\"font-family: Verdana\"><font style=\"font-family: Verdana\">\u0107 st\u0105d polecia\u0142em do Watykanu<\/font><\/font><\/font><\/font><\/font><font style=\"font-family: Verdana\"><font style=\"font-family: Verdana\"><font style=\"font-family: Verdana\"><font style=\"font-family: Verdana\"><font style=\"font-family: Verdana\">). A Ojciec \u015awi\u0119ty, kt\u00f3ry po raz ostatni odwiedzi\u0142 moj\u0105 ukochan\u0105 Rajcz\u0119 i Beskid \u017bywiecki chyba w pocz\u0105tkach lat sze<\/font><\/font><\/font><\/font><\/font><font style=\"font-family: Verdana\"><font style=\"font-family: Verdana\"><font style=\"font-family: Verdana\"><font style=\"font-family: Verdana\"><font style=\"font-family: Verdana\">\u015b\u0107dziesi\u0105tych, u\u015bmiechn\u0105\u0142 si\u0119 i skonkludowa\u0142: <strong>Aa, ksi\u0105dz proboszcz Stanis\u0142aw \u017b\u0105d\u0142o.<\/strong>\u00a0 Kompletnie zaskoczony Jego niebywa\u0142\u0105 pami\u0119ci\u0105<\/font><\/font><\/font><\/font><\/font><font style=\"font-family: Verdana\"><font style=\"font-family: Verdana\"><font style=\"font-family: Verdana\"><font style=\"font-family: Verdana\"><font style=\"font-family: Verdana\">, odpowiedzia\u0142em<\/font><\/font><\/font><\/font><\/font><font style=\"font-family: Verdana\"><font style=\"font-family: Verdana\"><font style=\"font-family: Verdana\"><font style=\"font-family: Verdana\"><font style=\"font-family: Verdana\">: <em>Tak, s\u0142u\u017cy\u0142em mu do mszy.<\/em> &#8211;<strong>A te g\u00f3ry<\/strong> -ci\u0105gn\u0105\u0142 dalej Papie\u017c &#8211; <strong>Lipowska, Rysianka, Pilsko<\/strong>&#8230;Dotkn\u0105\u0142 swoj\u0105 \u015bwi\u0119t\u0105 r\u0119k\u0105 mojej pochylonej g\u0142owy, kciukiem naznaczaj\u0105c znak krzy\u017ca. Gdy spojrza\u0142em w Jego twarz, wyda\u0142a mi si\u0119 z lekka zaniesiona nostalgi\u0105. Uca\u0142owa\u0142em wierzch Jego r\u0119ki i ci\u0105gle patrz\u0105c na t\u0119 niezwyk\u0142\u0105 twarz oddala\u0142em si\u0119 ze s\u0142owami &#8222;z Panem Bogiem&#8221;, ust\u0119puj\u0105c miejsca nast\u0119pnym pielgrzymom. Wr\u00f3ci\u0142o. Wszystko wr\u00f3ci\u0142o&#8230;i Watykan i moja Rajcza i te g\u00f3ry, po kt\u00f3rych hasa\u0142em, jak m\u0142ode jelenie. I te widoki rozci\u0105gaj\u0105ce si\u0119 z nich na ca\u0142\u0105 \u017bywiecczyzn\u0119, a przy dobrej pogodzie hen, do Tatr. I jego s\u0142owa i Jego nauki. Nie mo\u017cemy tego zapomnie<\/font><\/font><\/font><\/font><\/font><font style=\"font-family: Verdana\"><font style=\"font-family: Verdana\"><font style=\"font-family: Verdana\"><font style=\"font-family: Verdana\"><font style=\"font-family: Verdana\">\u0107. Ale nie tylko 2 kwietnia. Dobrze, \u017ce Konsulat wprowadzi\u0142 t\u0119 tradycj\u0119. To ju\u017c czwarta rocznica i czwarty koncert. Te\u017c pozostanie, jako dorobek obecnego Konsula. A mo\u017ce pomy\u015ble<\/font><\/font><\/font><\/font><\/font><\/font><font size=\"2\"><font style=\"font-family: Verdana\"><font style=\"font-family: Verdana\"><font style=\"font-family: Verdana\"><font style=\"font-family: Verdana\"><font style=\"font-family: Verdana\">\u0107 o jakim\u015b wsp\u00f3lnym koncercie polskich artyst\u00f3w mieszkaj\u0105cych w okolicach Nowego Jorku?<br \/>\nPo powrocie z Katedry obejrza\u0142em w TV Polonia (na Internecie, pisz\u0105c ten artyku\u0142) koncert &#8222;Arty\u015bci JP II&#8221;, z Katedry Zamojskiej. Pi\u0119kny. Chyba go opisz\u0119. Mo\u017ce jutro, je\u015bli czas mi pozwoli; mia\u0142 niesamowit\u0105 atmosfer\u0119. Jako\u015b wol\u0119 pisa<\/font><\/font><\/font><\/font><\/font><font style=\"font-family: Verdana\"><font style=\"font-family: Verdana\"><font style=\"font-family: Verdana\"><font style=\"font-family: Verdana\"><font style=\"font-family: Verdana\">\u0107 o takich wydarzeniach, ni\u017c o naszych k\u0142\u00f3tniach. Jeszcze oddam cze\u015b<\/font><\/font><\/font><\/font><\/font><font style=\"font-family: Verdana\"><font style=\"font-family: Verdana\"><font style=\"font-family: Verdana\"><font style=\"font-family: Verdana\"><font style=\"font-family: Verdana\">\u0107 Papie\u017cowi. <\/font><\/font><\/font><\/font><\/font><font style=\"font-family: Verdana\"><font style=\"font-family: Verdana\"><font style=\"font-family: Verdana\"><font style=\"font-family: Verdana\"><font style=\"font-family: Verdana\">W\u0142a\u015bnie ten koncert podsun\u0105\u0142 mi pomys\u0142 koncertu polskich artyst\u00f3w w Katedrze. Z orkiestr\u0105, solistami, wspomnieniami o NIM. Ludzi by\u0142o sporo, cho<\/font><\/font><\/font><\/font><\/font><font style=\"font-family: Verdana\"><font style=\"font-family: Verdana\"><font style=\"font-family: Verdana\"><font style=\"font-family: Verdana\"><font style=\"font-family: Verdana\">\u0107 bywa\u0142o wi\u0119cej.<\/font><\/font><\/font><\/font><\/font><br style=\"font-family: Verdana\" \/><font style=\"font-family: Verdana\"><font style=\"font-family: Verdana\"><font style=\"font-family: Verdana\"><font style=\"font-family: Verdana\"><font style=\"font-family: Verdana\">A mo\u017ce by tak, ku czci Jana Paw\u0142a II przypomnie<\/font><\/font><\/font><\/font><\/font><font style=\"font-family: Verdana\"><font style=\"font-family: Verdana\"><font style=\"font-family: Verdana\"><font style=\"font-family: Verdana\"><font style=\"font-family: Verdana\">\u0107 sobie, jak strasznie chcia\u0142 by\u015bmy byli jedno\u015bci\u0105&#8230;?<\/font><\/font><\/font><\/font><\/font><\/font><\/p>\n","protected":false},"excerpt":{"rendered":"<p>Chyba ju\u017c nie chc\u0119 bra\u0107 w tym wszystkim udzia\u0142u; w tych wojnach, podchodach, plotkach, obmawianiach. Gubimy co\u015b niezwykle warto\u015bciowego.\u00a0 Mieli\u015bmy jednego Papie\u017ca, o kt\u00f3rym m\u00f3wi si\u0119, \u017ce Ziemia ju\u017c takiego Cz\u0142owieka nie urodzi, \u017ce od czas\u00f3w Chrystusa, to najwi\u0119kszy z Ziemian.<\/p>\n","protected":false},"author":2,"featured_media":0,"comment_status":"open","ping_status":"open","sticky":false,"template":"","format":"standard","meta":[],"categories":[3],"tags":[],"_links":{"self":[{"href":"https:\/\/sporek.com\/blog\/index.php?rest_route=\/wp\/v2\/posts\/156"}],"collection":[{"href":"https:\/\/sporek.com\/blog\/index.php?rest_route=\/wp\/v2\/posts"}],"about":[{"href":"https:\/\/sporek.com\/blog\/index.php?rest_route=\/wp\/v2\/types\/post"}],"author":[{"embeddable":true,"href":"https:\/\/sporek.com\/blog\/index.php?rest_route=\/wp\/v2\/users\/2"}],"replies":[{"embeddable":true,"href":"https:\/\/sporek.com\/blog\/index.php?rest_route=%2Fwp%2Fv2%2Fcomments&post=156"}],"version-history":[{"count":0,"href":"https:\/\/sporek.com\/blog\/index.php?rest_route=\/wp\/v2\/posts\/156\/revisions"}],"wp:attachment":[{"href":"https:\/\/sporek.com\/blog\/index.php?rest_route=%2Fwp%2Fv2%2Fmedia&parent=156"}],"wp:term":[{"taxonomy":"category","embeddable":true,"href":"https:\/\/sporek.com\/blog\/index.php?rest_route=%2Fwp%2Fv2%2Fcategories&post=156"},{"taxonomy":"post_tag","embeddable":true,"href":"https:\/\/sporek.com\/blog\/index.php?rest_route=%2Fwp%2Fv2%2Ftags&post=156"}],"curies":[{"name":"wp","href":"https:\/\/api.w.org\/{rel}","templated":true}]}}