{"id":157,"date":"2009-04-03T22:04:11","date_gmt":"2009-04-04T02:04:11","guid":{"rendered":"http:\/\/sporek.com\/blog\/?p=157"},"modified":"2009-04-03T22:27:20","modified_gmt":"2009-04-04T02:27:20","slug":"artysci-janowi-pawlowi-ii","status":"publish","type":"post","link":"https:\/\/sporek.com\/blog\/?p=157","title":{"rendered":"Arty\u015bci Janowi Paw\u0142owi II"},"content":{"rendered":"<p><span style=\"font-size: 10pt; font-family: 'Trebuchet MS'\" lang=\"PL\"><\/span><span style=\"font-size: 10pt; font-family: 'Trebuchet MS'\" lang=\"PL\"><\/span><span style=\"font-size: 10pt; font-family: 'Trebuchet MS'\" lang=\"PL\"><\/p>\n<p style=\"font-family: Verdana\" class=\"MsoNormal\"><font size=\"2\">czyli Smutnej Pami\u0119ci ci\u0105g dalszy. <\/font><font size=\"2\">Koncert, o kt\u00f3rym wspomnia\u0142em wczoraj odby\u0142 si\u0119 w Katedrze Zamojskiej, p. w. Zmartwychwstania Pa\u0144skiego i \u015aw. Tomasza Aposto\u0142a. <\/font><font size=\"2\">Jego tytu\u0142 brzmia\u0142: Patroni Europy i Polski. <!--more-->\u00a0<br \/>\n<\/font><font size=\"2\">Prowadz\u0105ca, w kr\u00f3tkich s\u0142owach przedstawia\u0142a kolejnych patron\u00f3w, pocz\u0105wszy od \u015aw. Benedykta z Nursji, a potem \u015a\u015a Cyryla i Metodego &#8211; tw\u00f3rc\u00f3w alfabetu s\u0142owia\u0144skiego, cho\u0107 urodzili sie w Grecji, w Thesalonikach, na terenach dawnego Bizancjum. <\/font><font size=\"2\">Hymn do \u015aw Benedykta za\u015bpiewa\u0142 Zbigniew Wodecki, kt\u00f3ry skomponowa\u0142 r\u00f3wnie\u017c ten utw\u00f3r, a wt\u00f3rowa\u0142a mu Joanna S\u0142owi\u0144ska. Hymn do Cyryla i Metodego za\u015bpiewa\u0142 Witold Paszt (przystojniak z dawnych &#8222;Vox\u00f3w&#8221;).<br \/>\n<\/font><font size=\"2\">Obraz przenosi teraz uczestnik\u00f3w koncertu do krypty w Watykanie mieszcz\u0105cej gr\u00f3b Jana Paw\u0142a II. Chwila ciszy, zapalenie \u015bwiec; zegar wskazuje 21:37. S\u0142ycha\u0107 szlochy, inni ocieraj\u0105 bezg\u0142o\u015bne \u0142zy. \u017bal. Przysz\u0142o wspomnienie owego dnia i wspomnienie kilku dni napi\u0119tego wyczekiwania, z nadziej\u0105 &#8211; a mo\u017ce jeszcze ozdrowieje?<br \/>\n<\/font><font size=\"2\">Powr\u00f3t do koncertu. <\/font><font size=\"2\">\u015aw. Wojciech, pierwszy patron Polski -urodzony w Czechach, Praga &#8211; Ale dzia\u0142a\u0142 w Polsce: Krak\u00f3w, Opole, Gniezno, a\u017c do Gda\u0144ska, gdzie przeprowadzi\u0142 masowy chrzest. <\/font><font size=\"2\">W pobli\u017cu Elbl\u0105ga, w miejscowo\u015bci \u015awi\u0119ty Gaj poni\u00f3s\u0142 \u015bmier\u0107 m\u0119cze\u0144sk\u0105. <\/font><font size=\"2\">Hymn do \u015aw. Wojciecha &#8211; muz.Robert Chojnacki, solistka &#8211; Maria Sadowska.<\/font><\/p>\n<p style=\"font-family: Verdana\" class=\"MsoNormal\"><font size=\"2\">Drugi patron Polski, to \u015aw. Stanis\u0142aw. W wieku 41 lat zosta\u0142 biskupem krakowskim, lecz na skutek konfliktu z Boles\u0142awem \u015amia\u0142ym zosta\u0142 zabity podczas sprawowania mszy \u015bw. w Ko\u015bciele \u015aw. Micha\u0142a, na Krakowskiej Ska\u0142ce. <\/font><font size=\"2\">Hymn do \u015aw. Stanis\u0142awa; muz: Ignacy Zalewski, solista: Robert Szpr\u0119giel<\/font><\/p>\n<p style=\"font-family: Verdana\" class=\"MsoNormal\"><font size=\"2\">\u015aw. Brygida\u00a0 &#8211; pochodzi\u0142a ze szwedzkiej rodziny kr\u00f3lewskiej. W wieku 14 lat wysz\u0142a za m\u0105\u017c. Przez 28 lat szcz\u0119\u015bliwego ma\u0142\u017ce\u0144stwa urodzi\u0142a 4 syn\u00f3w i 4 c\u00f3rki, z kt\u00f3rych jedna, Katarzyna zosta\u0142a \u015bwi\u0119t\u0105. To z inicjatywy \u015aw. Brygidy przet\u0142umaczono Pismo \u015awi\u0119te na j\u0119zyk szwedzki, a ona, jako niebywale \u015bwiat\u0142a i m\u0105dra cieszy\u0142a si\u0119 ogromnym szacunkiem u w\u0142adc\u00f3w Europy. <\/font><font size=\"2\">Modlitwa do \u015aw. Brygidy; muz. W\u0142odzimierz Korcz, \u015bpiewa Alicja Majewska.<\/font><\/p>\n<p style=\"font-family: Verdana\" class=\"MsoNormal\"><font size=\"2\">Drug\u0105 patronk\u0105 Europy jest \u015aw. Katarzyna, c\u00f3rka farbiarza ze Sienny, opiekunka chorych na tr\u0105d. Dzi\u0119ki swojej madro\u015bci prowadzi\u0142a rozmowy z artystami, uczonymi, teologami. Zosta\u0142a doktorem ko\u015bcio\u0142a. Pisa\u0142a do biskup\u00f3w, kardyna\u0142\u00f3w i papie\u017cy, aby powr\u00f3cili z Avinionu (Avignon) do Rzymu. Nie szcz\u0119dzi\u0142a si\u0142 dla ko\u015bcio\u0142a, wprowadzaj\u0105c w Europie pok\u00f3j. <\/font><font size=\"2\">Hymn do \u015aw. Katarzyny. Muzyka: Tadeusz Wicherek, \u015bpiewa Janusz Szrom.<\/font><\/p>\n<p style=\"font-family: Verdana\" class=\"MsoNormal\"><font size=\"2\">\u015aw. Stanis\u0142aw Kostka urodzi\u0142 si\u0119 w Rostkowie, na Mazowszu. Szko\u0142a jezuicka w Wiedniu, stamt\u0105d do Rzymu. Zmar\u0142 w wieku 18 lat, &#8211; jest patronem Polski, ale tak\u017ce patronem m\u0142odzie\u017cy. <\/font><font size=\"2\">Hymn do \u015aw. St. Kostki, muz. Marcin Nierubiec, solista Jaros\u0142aw Weber.<\/font><\/p>\n<p style=\"font-family: Verdana\" class=\"MsoNormal\"><font size=\"2\">\u015aw. Andrzej Bobola &#8211; jezuita &#8211; uko\u0144czy\u0142 teologi\u0119 na Uwiwersytecie Wile\u0144skim. Um\u0119czony przez prawos\u0142awnych Kozak\u00f3w w Janowie Podlaskim. <\/font><font size=\"2\">Hymn do \u015aw. Andrzeja Boboli. Muz. Stanis\u0142aw Sojka, solista: Sambor Dudzi\u0144ski.<\/font><\/p>\n<p style=\"font-family: Verdana\" class=\"MsoNormal\"><font size=\"2\">\u015aw. Edyta Stein by\u0142a 7-ym dzieckiem pobo\u017cnych \u017byd\u00f3w wroc\u0142awskich. Studiowa\u0142a filozofi\u0119 na uniwersytecie w Getyndze. W wieku 31 lat przyj\u0119\u0142a chrzest katolicki i wst\u0105pi\u0142a do Karmelu. Nied\u0142ugo potem aresztowana przez Gestapo, 9 sierpnia, 1942 wraz ze swoj\u0105 siostr\u0105 R\u00f3\u017c\u0105 zgin\u0119\u0142a w komorze gazowej w Aushwitz. Jej \u015bmier\u0107 jest symbolem dramat\u00f3w Europy naszego stulecia. <\/font><font size=\"2\">Hymn do \u015aw. Edyty Stein; muz. Bartosz Chajdecki, solista Marek Ba\u0142ata.<\/font><\/p>\n<p style=\"font-family: Verdana\" class=\"MsoNormal\"><font size=\"2\">Poczet \u015bwi\u0119tych patron\u00f3w Europy zamkn\u0119\u0142a Naj\u015bwi\u0119tsza Maria Panna, Kr\u00f3lowa Polski. Po raz pierwszy nazwa\u0142 ja tak kr\u00f3l Jan Kazimierz, modl\u0105c si\u0119 1 kwietnia 1656 roku w Katedrze Lwowskiej, po cudownej obronie Jasnej G\u00f3ry. <\/font><font size=\"2\">Hymn do Naj\u015bwi\u0119tszej Marii Panny, Kr\u00f3lowej\u00a0 Polski,\u00a0 <\/font><font size=\"2\">Muzyka: Zbigniew Ma\u0142kowicz, solistki: Patrycja Gola i Anna Serafi\u0144ska<\/font><\/p>\n<p style=\"font-family: Verdana\" class=\"MsoNormal\"><font size=\"2\">Koncert zako\u0144czy\u0142 Hymn do Jana Paw\u0142a II: \u201eHymn wdzi\u0119czno\u015bci o Janie Pawle II&#8221;. <\/font><font size=\"2\">Muz: Bartosz Chajdecki, soli\u015bci: Agnieszka Kiermasz, Adam Rymarz, Janusz Szrom<\/font><\/p>\n<p style=\"font-family: Verdana\" class=\"MsoNormal\"><font size=\"2\">Solistom towarzyszy\u0142 ch\u00f3r Ch\u00f3r \u201eCappella Godanensis&#8221;, oraz Orkiestra Symfoniczna im. K. Namys\u0142owskiego w Zamo\u015bciu, pod dyr. Tadeusza Wicherka.<\/font><\/p>\n<p style=\"font-family: Verdana\" class=\"MsoNormal\"><font size=\"2\">Pi\u0119kny, pe\u0142en refleksji wiecz\u00f3r. Hymny dope\u0142nia\u0142y wyst\u0105pienia dwojga narrator\u00f3w, kt\u00f3rzy po przedstawieniu przez prowadzac\u0105 kolejnego \u015bwi\u0119tego na zmian\u0119 odczytywali kr\u00f3tkie cytaty z notatek Jana Paw\u0142a II, kt\u00f3ry, jak si\u0119 okazuje, o ka\u017cdym z nich co\u015b napisa\u0142, a kilkoro z nich by\u0142o dla\u0144 najczystszym wzorcem, za kt\u00f3rym pod\u0105\u017ca\u0142. By\u0142o to niezwykle sugestywne.<br \/>\n<\/font><\/p>\n<p style=\"font-family: Verdana\" class=\"MsoNormal\"><font size=\"2\">Zachowajmy GO w naszych sercach i naszej pami\u0119ci. Zreszt\u0105, czy jest mo\u017cliwe zapomnienie o NIM? \u015awiat nie czci jednak Jego pami\u0119ci, tak, jak przej\u0105\u0142 si\u0119 Jego \u015bmierci\u0105. Wielcy i mo\u017cni tego \u015bwiata nie wspomnieli o Nim na spotkaniu G20. S\u0105 zaj\u0119ci kolejnym wyci\u0105ganiem pieni\u0119dzy z kieszeni podatnika. Bo przecie\u017c to, co wymy\u015blili, to kolejna bzdura, -tego samego kalibru, jak\u0105 by\u0142o wpompowanie miliard\u00f3w dolar\u00f3w w ameryka\u0144skie banki; niekt\u00f3re z nich nawet nie wiedz\u0105, jak zosta\u0142y zaksi\u0119gowane, ale premie szefowie dostali. Teraz &#8222;wielcy&#8221; b\u0119d\u0105 w Pary\u017cu kombinowa\u0107, jak ulepsza\u0107 maszynki do zabijania. Od zako\u0144czenia II Wojny \u015awiatowej na \u015bwiecie nie by\u0142o ani jednego dnia bez wojny&#8230;Czasem si\u0119 zastanawiam: na co nam by\u0142o to&#8230; Jak to, na co? &#8211; NA-TO.<\/font><\/p>\n<p style=\"font-family: Verdana\" class=\"MsoNormal\"><font size=\"2\">Zatem bez wzgl\u0119du na to, co ON nam m\u00f3wi\u0142, czego nas uczy\u0142, co teraz sobie przypominamy&#8230;bijmy si\u0119, obrzucajmy si\u0119 inwektywami, zazdro\u015b\u0107my jeden drugiemu wszystkiego, w\u0142a\u017amy w butach w \u017cycie naszych bli\u017anich, bo to nam jednak najbardziej odpowiada. Tu si\u0119 ralizujemy. Najlepiej pod pseudonimami.<br \/>\n<\/font><font size=\"2\">Ojcze \u015awi\u0119ty, je\u015bli patrzysz na nas, gdzie\u015b tam spod boskiego tronu, zr\u00f3b co\u015b. <\/font><\/p>\n<p style=\"font-family: Verdana\" class=\"MsoNormal\"><font size=\"2\">Za dusz\u0119 \u015bp. Jana Paw\u0142a II zm\u00f3w Drogi Czytelniku trzy razy Wieczne odpoczywanie racz Mu da\u0107 Panie&#8230;.<br \/>\n<\/font><\/p>\n<p class=\"MsoNormal\"><span style=\"font-family: Verdana\"><\/span><\/p>\n<p><\/span><\/p>\n","protected":false},"excerpt":{"rendered":"<p>czyli Smutnej Pami\u0119ci ci\u0105g dalszy. Koncert, o kt\u00f3rym wspomnia\u0142em wczoraj odby\u0142 si\u0119 w Katedrze Zamojskiej, p. w. Zmartwychwstania Pa\u0144skiego i \u015aw. Tomasza Aposto\u0142a. Jego tytu\u0142 brzmia\u0142: Patroni Europy i Polski.<\/p>\n","protected":false},"author":2,"featured_media":0,"comment_status":"open","ping_status":"open","sticky":false,"template":"","format":"standard","meta":[],"categories":[1],"tags":[],"_links":{"self":[{"href":"https:\/\/sporek.com\/blog\/index.php?rest_route=\/wp\/v2\/posts\/157"}],"collection":[{"href":"https:\/\/sporek.com\/blog\/index.php?rest_route=\/wp\/v2\/posts"}],"about":[{"href":"https:\/\/sporek.com\/blog\/index.php?rest_route=\/wp\/v2\/types\/post"}],"author":[{"embeddable":true,"href":"https:\/\/sporek.com\/blog\/index.php?rest_route=\/wp\/v2\/users\/2"}],"replies":[{"embeddable":true,"href":"https:\/\/sporek.com\/blog\/index.php?rest_route=%2Fwp%2Fv2%2Fcomments&post=157"}],"version-history":[{"count":0,"href":"https:\/\/sporek.com\/blog\/index.php?rest_route=\/wp\/v2\/posts\/157\/revisions"}],"wp:attachment":[{"href":"https:\/\/sporek.com\/blog\/index.php?rest_route=%2Fwp%2Fv2%2Fmedia&parent=157"}],"wp:term":[{"taxonomy":"category","embeddable":true,"href":"https:\/\/sporek.com\/blog\/index.php?rest_route=%2Fwp%2Fv2%2Fcategories&post=157"},{"taxonomy":"post_tag","embeddable":true,"href":"https:\/\/sporek.com\/blog\/index.php?rest_route=%2Fwp%2Fv2%2Ftags&post=157"}],"curies":[{"name":"wp","href":"https:\/\/api.w.org\/{rel}","templated":true}]}}