{"id":158,"date":"2009-04-05T14:01:46","date_gmt":"2009-04-05T18:01:46","guid":{"rendered":"http:\/\/sporek.com\/blog\/?p=158"},"modified":"2009-04-05T14:04:25","modified_gmt":"2009-04-05T18:04:25","slug":"tuskobluda","status":"publish","type":"post","link":"https:\/\/sporek.com\/blog\/?p=158","title":{"rendered":"Tuskob\u0142uda."},"content":{"rendered":"<p><font size=\"2\">Ob\u0142uda jest jedynym s\u0142owem, jakie ci\u015bnie mi si\u0119 pod palce, gdy przychodzi pisa\u0107 o polskiej ekipie rz\u0105dz\u0105cej. Ja ju\u017c pomijam kompletne niespe\u0142nienie przedwyborczych obietnic. Pami\u0119tam jednak, gdy premier wyst\u0105pi\u0142 w ub. roku, w jakim\u015b plenerze, przy cudownie s\u0142onecznej pogodzie i deklarowa\u0142: <strong>komputer dla ka\u017cdego ucznia; \u017cadne dziecko w Polsce nie b\u0119dzie g\u0142odne.<\/strong> <!--more-->To, oczywi\u015bcie znaczy\u0142o, \u017ce opracuje si\u0119 jaki\u015b konkretny program rz\u0105dowy zabezpieczaj\u0105cy ka\u017cdemu uczniowi komputer i ka\u017cdemu dziecku posi\u0142ek. Czy jest taki program&#8230;?<br \/>\nPremierowi brak\u0142o ju\u017c energii do zralizowania swoich s\u0142\u00f3w czynem. Trzy dni temu grzmia\u0142 na IPN, cho\u0107 ten nie ma nic wsp\u00f3lnego z najnowsz\u0105 ksi\u0105\u017ck\u0105\u00a0 o Wa\u0142\u0119sie, wr\u0119cz odcina si\u0119 od tej publikacji. Premier z ca\u0142\u0105 energi\u0105 anga\u017cuje si\u0119 w proces wymiany kadry w Instytucie Pami\u0119ci Narodowej. I dzia\u0142a szybko. Tak szybko, \u017ce jego minister nauki zapowiada publicznie kontrol\u0119&#8230;Wydzia\u0142u Historii, na Uniwersytecie Jagiello\u0144skim. Rzecz tak niebywa\u0142a, \u017ce a\u017c przera\u017caj\u0105ca. Kto\u015b si\u0119 jednak, z tych nie\u017ale p\u0142atnych piarowc\u00f3w przebudzi\u0142 i wyt\u0142umaczy\u0142 premierowi i pani minister, \u017ce to idzie ju\u017c za daleko. Odwo\u0142ali kontrol\u0119, ale zmiany w IPN-ie musz\u0105 by\u0107 i premier stawia spraw\u0119 bardzo ostro. A uczniowie, jak nie mieli komputer\u00f3w, tak nie maj\u0105. Sprawy do\u017cywiania dzieci w szko\u0142ach te\u017c nie doczeka\u0142y si\u0119 \u017cadnego rz\u0105dowego programu. S\u0142upki spadaj\u0105. Ale po, w miar\u0119 uk\u0142adnym udziale premiera i prezydenta w szczytowaniu Unii Europejskiej trzeba by\u0142o co\u015b wymy\u015ble\u0107, \u017ceby mo\u017cna si\u0119 by\u0142o postawi\u0107 wy\u017cej, ni\u017c prezydent w\u0142asnie. I tu przysz\u0142o z pomoc\u0105 dofinansowanie z bud\u017cetu pa\u0144stwa partii politycznych. Pe\u0142ne moralnych ocen &#8222;niemoralnych&#8221; przeciwnik\u00f3w tego projektu przem\u00f3wienie premiera wyg\u0142oszone z sejmowej m\u00f3wnicy zn\u00f3w zapracowa\u0142o na s\u0142upki, ale tu niespodzianka; nawet koalicjant zag\u0142osowa\u0142 przeciwko. Natychmiast wi\u0119c uchwycono si\u0119 projektu SLD i przeg\u0142osowano&#8230;ograniczenie. Istnienie partii politycznych jest przejawem demokracji. Istnienie jednej, finansowanej pa\u0144stwowymi pieni\u0119dzmi by\u0142o komunizmem. Czy a\u017c tak wiele oszcz\u0119dno\u015bci przyniesie ta uchwa\u0142a? Podejrzewam, \u017ce wi\u0119cej zosta\u0142oby w kasie pa\u0144stwowej, gdyby zlikwidowano etaty w biurze &#8222;public relation&#8221; szefa rz\u0105du. Jako\u017c nie ma te\u017c i reakcji ze strony rz\u0105du na astronomiczn\u0105 kwot\u0119 przeznaczon\u0105 na bonusy w warszawskim Magistracie, przez pani\u0105 prezydent dwojga nazwisk. Maciej P\u0142a\u017cy\u0144ski, jeden z trzech za\u0142o\u017cycieli Platformy Obywatelskiej, obok Tuska i Olechowskiego, by\u0142y marsza\u0142ek sejmu powiedzia\u0142 w wywiadzie dla &#8222;Rzeczpospolitej&#8221;, \u017ce &#8222;<em>propozycja Tuska dotycz\u0105ca finansowania partii politycznych by\u0142a jedynie spektaklem, kt\u00f3ry mia\u0142 by<\/em><em>\u0107 podporz\u0105dkowany kampanii prezydenckiej i budowania frontu przeciwko PiS&#8221;<\/em>. Mam jednak jakie\u015b dziwne przekonanie, \u017ce spo\u0142ecze\u0144stwo znowu postawi Tuska na o\u0142tarzu prawdom\u00f3wnych, a nie ob\u0142udnych.<br \/>\nConajmniej dziwne wydaje si\u0119 stanowisko premiera w sprawie poparcia dla premiera Danii udzielonego przez Lecha Kaczy\u0144skiego na szczycie NATO. Przecie\u017c wiadomo by\u0142o, \u017ce Sikorski nie ma \u017cadnych szans. Czy by\u0142oby wi\u0119c sensem stawianie si\u0119 w totalnej opozycji na r\u00f3wni z&#8230;Turcj\u0105? Teraz jest tak, \u017ce Kaczy\u0144ski jest &#8222;be&#8221; w oczach premiera;- gdyby si\u0119 postawi\u0142 na szczycie, by\u0142by &#8222;be&#8221; dla cz\u0142onk\u00f3w sojuszu i dopiero zrobiono by afer\u0119 mi\u0119dzynarodow\u0105 pt: Kompromitacja Polski na forum NATO w wykonaniu samego prezydenta RP; jak nie sraczka, to przemarsz wojska&#8230; Sikorski liczy\u0142 na cud w postaci jakiego\u015b wp\u0142ywu jego ma\u0142\u017conki poprzez ameryka\u0144skie \u015brodowiska, ale nic z tego nie wysz\u0142o. Tak naprawd\u0119 to przedstawiciele zachodnich pa\u0144stw nigdy nie traktowali naszego ministra, jako faworyta. Ma\u0142o tego, nie kto inny, a w\u0142a\u015bnie premier Tusk publicznie oceni\u0142 szanse Sikorskiego na 20-30 procent &#8211; powiedzia\u0142 to w Gda\u0144sku na konferencji prasowej. Od pocz\u0105tku silnym kandydatem by\u0142 Fogh Rasmussen, a kandydatura Sikorskiego nadymana by\u0142a przez eikp\u0119 Tuska do przesadnych rozmiar\u00f3w i to g\u0142\u00f3wnie dla s\u0142upk\u00f3w. Politycy Platformy maj\u0105 tak\u0105 dziwn\u0105 dolegliwo\u015b\u0107 polegaj\u0105c\u0105 na tym, \u017ce ci\u0105gle im si\u0119 wydaje, i\u017c Polska le\u017cy na oddalonej od \u015bwiata wyspie i to oni przregrali bitw\u0119 o Sikorskiego. Najpier premier czaruje, \u017ce nasz kraj jest &#8222;oaz\u0105 spokoju i bezpiecze\u0144stwa na burzliwym oceanie kryzysu finansowego&#8221; (wypowied\u017a w Davos), teraz z kolei zachowuje si\u0119 tak, jakby rzeczywi\u015bcie w t\u0119 oaz\u0119 wierzy\u0142, \u017ce zach\u00f3d nie obserwuje i nie widzia\u0142, \u017ce Sikorski najpierw w PiS i to minister d\/s wojny i pokoju, potem w PO &#8211; minister d\/s poza krajem. S\u0105 materia\u0142y z czas\u00f3w, gdy PiS wygra\u0142o z PO; euforystyczne wypowiedzi na temat PiS-u pana Rados\u0142awa, ale s\u0105 i wypowiedzi po wygranej PO przeciwko PiS-owi, gdy Rados\u0142aw zmieni\u0142 ju\u017c sk\u00f3r\u0119; s\u0105 wypowiedzi przeciw-rosyjskie i jest zaskakuj\u0105ca wypowied\u017a pro-rosyjska na uniwersytecie w Toruniu; jest wreszcie wspomniana wypowied\u017a premiera w Gda\u0144sku. Czy kto\u015b mia\u0142by tak\u0105 wielk\u0105 ochot\u0119 pracowa\u0107 pod rz\u0105dami kameleona? Ja si\u0119 Kaczy\u0144skiemu nie dziwi\u0119, \u017ce nie ryzykowa\u0142. Odium niesubordynowanego prezydenta &#8222;jakiej\u015b tam Polski&#8221; spad\u0142oby na niego tak, jak spad\u0142o po wypowiedziach n.t. Traktatu Lizbo\u0144skiego &#8211; jestem tego pewien. Personalnie znielubi\u0142by go nowy Sekretarz Generalny Paktu P-Atlantyckiego i zn\u00f3w byliy\u015bmy na cenzurowanym. S\u0105 jeszcze dwie bitwy o presti\u017c: Rada Europy i Parlament Europejski. No, ale skoro Polska\u00a0 do tych wysokich pozycji wystawia takich kandydat\u00f3w, jak Cimoszewicz, to ja ju\u017c przestaj\u0119 si\u0119 podnieca\u0107 tymi wyborami. Wyg\u0142upiamy si\u0119 nieprawdopodobnie. Przez dwadzie\u015bcia lat \u017cadne ugrupowanie nie zdo\u0142a\u0142o wychowa\u0107, ani wypromowa\u0107 jakiejkolwiek nowej twarzy. Niewiarygodne. Nie czarujmy si\u0119 Unia Europejska, to \u017ar\u00f3d\u0142o fantastycznych dochod\u00f3w. Danuta Hubner za swojej kadencji zarobi\u0142a &#8211; jak podaj\u0105 polskie media &#8211; 6 milion\u00f3w z\u0142otych i jej emerytura wyniesie wi\u0119cej, ni\u017c pensja prezydenta. Nie warto si\u0119 bi\u0107 o sto\u0142ki w Unii? Trudno si\u0119 dziwi\u0107, \u017ce &#8222;powsta\u0142y&#8221; z zapomnienia takie dinozaury, jak Krzaklewski. To ju\u017c jest kompromitacja iedologiczna PO. Zderzenie D. Hubner z M. Krzaklewskim na jednej li\u015bcie kandydat\u00f3w tej partii do Europy to ju\u017c nie shizofrenia, to po prostu czysta g\u0142upota. Politycy robi\u0105 sobie co chc\u0105, a nar\u00f3d jeszcze nieco za\u0107miony, ale co\u015b mi si\u0119 wydaje, \u017ce \u015bwiadomo\u015b\u0107 powoli si\u0119 budzi&#8230;<br \/>\n<\/font><\/p>\n","protected":false},"excerpt":{"rendered":"<p>Ob\u0142uda jest jedynym s\u0142owem, jakie ci\u015bnie mi si\u0119 pod palce, gdy przychodzi pisa\u0107 o polskiej ekipie rz\u0105dz\u0105cej. Ja ju\u017c pomijam kompletne niespe\u0142nienie przedwyborczych obietnic. Pami\u0119tam jednak, gdy premier wyst\u0105pi\u0142 w ub. roku, w jakim\u015b plenerze, przy cudownie s\u0142onecznej pogodzie i deklarowa\u0142: komputer dla ka\u017cdego ucznia; \u017cadne dziecko w Polsce nie b\u0119dzie g\u0142odne.<\/p>\n","protected":false},"author":2,"featured_media":0,"comment_status":"open","ping_status":"open","sticky":false,"template":"","format":"standard","meta":[],"categories":[4],"tags":[],"_links":{"self":[{"href":"https:\/\/sporek.com\/blog\/index.php?rest_route=\/wp\/v2\/posts\/158"}],"collection":[{"href":"https:\/\/sporek.com\/blog\/index.php?rest_route=\/wp\/v2\/posts"}],"about":[{"href":"https:\/\/sporek.com\/blog\/index.php?rest_route=\/wp\/v2\/types\/post"}],"author":[{"embeddable":true,"href":"https:\/\/sporek.com\/blog\/index.php?rest_route=\/wp\/v2\/users\/2"}],"replies":[{"embeddable":true,"href":"https:\/\/sporek.com\/blog\/index.php?rest_route=%2Fwp%2Fv2%2Fcomments&post=158"}],"version-history":[{"count":0,"href":"https:\/\/sporek.com\/blog\/index.php?rest_route=\/wp\/v2\/posts\/158\/revisions"}],"wp:attachment":[{"href":"https:\/\/sporek.com\/blog\/index.php?rest_route=%2Fwp%2Fv2%2Fmedia&parent=158"}],"wp:term":[{"taxonomy":"category","embeddable":true,"href":"https:\/\/sporek.com\/blog\/index.php?rest_route=%2Fwp%2Fv2%2Fcategories&post=158"},{"taxonomy":"post_tag","embeddable":true,"href":"https:\/\/sporek.com\/blog\/index.php?rest_route=%2Fwp%2Fv2%2Ftags&post=158"}],"curies":[{"name":"wp","href":"https:\/\/api.w.org\/{rel}","templated":true}]}}