{"id":159,"date":"2009-04-06T20:03:18","date_gmt":"2009-04-07T00:03:18","guid":{"rendered":"http:\/\/sporek.com\/blog\/?p=159"},"modified":"2009-04-17T17:35:56","modified_gmt":"2009-04-17T21:35:56","slug":"bohaterowie-ibohaterowie","status":"publish","type":"post","link":"https:\/\/sporek.com\/blog\/?p=159","title":{"rendered":"Bohaterowie i&#8230;bohaterowie&#8230;"},"content":{"rendered":"<p><font size=\"2\"><span style=\"font-family: Verdana\">Jan Pospieszalski &#8211; kiedy\u015b cz\u0142onek zespo\u0142u Czerowne Gitary -, dzi\u015b tw\u00f3rca \u015bwietnego programu tv &#8222;Warto rozmawi<\/span><font style=\"font-family: Verdana\">a<\/font><font style=\"font-family: Verdana\">\u0107&#8221;, osobi\u015bcie ten program prowadz\u0105cy. <\/font><span style=\"font-family: Verdana\">Tematem ostatniego programu (z minionego tygodnia) by\u0142 wyrok \u015bmier<\/span><font style=\"font-family: Verdana\">ci, przez powieszenie, wydany i wykonany na Generale Augu\u015bcie Emilu\u00a0Fieldorfie, ps. &#8222;Nil&#8221;, o kt\u00f3rym film wejdzie na ekrany polskich kin 17 kwietnia br. <!--more-->Posta<\/font><font style=\"font-family: Verdana\">\u0107 to niezwyk\u0142a; legendarny przyw\u00f3dca podziemia, emisariusz Rz\u0105du Polskiego na uchod\u017actwie, dow\u00f3dca oddzia\u0142u, kt\u00f3ry dokona\u0142 zamachu na kata Warszawy, Kutcher\u0119. Rz\u0105d Polski skaza\u0142 go na smier<\/font><font style=\"font-family: Verdana\">\u0107 za&#8230;wsp\u00f3\u0142prac\u0119<\/font><\/font><font size=\"2\"><font style=\"font-family: Verdana\"> Niemcami. To oficjalnie. Faktycznie skazany zosta\u0142 za odmow\u0119 wsp\u00f3\u0142pracy z komunistami. Torturowany i powieszony przez s\u0142u\u017cby bezpiecze\u0144stwa. Pytanie przewodnie programu J. Pospieszalskiego brzmia\u0142o: <strong>&#8222;jak to si\u0119 sta\u0142o, \u017ce sprawcy tej i innych, okrutnych zbrodni komunistycznych \u017cyj\u0105 w \u015bwi\u0119tym spokoju i nigdy nie zostali poci\u0105gni\u0119ci do odpowiedzialno\u015bci.?&#8221;<\/strong> W programie udzia\u0142 wzi\u0119\u0142a c\u00f3rka Genera\u0142a Fieldorfa, Maria Fieldorf-Czarska. Wspominaj\u0105c powiedzia\u0142a: <em>ojciec o\u015bwiadczy\u0142 matce podczas ostatniego widzenia<\/em> &#8211; <strong>&#8222;odm\u00f3wi\u0142em wsp\u00f3\u0142pracy i powiedziano mi, \u017ce b\u0119d\u0119 wisia\u0142&#8221;. \u00a0 <\/strong><br \/>\nOna sama &#8211; c\u00f3rka &#8211; przysz\u0142a do Prokuratury Generalnej 24 lutego, 1953 roku, by dowiedzie<\/font><font style=\"font-family: Verdana\">\u0107 si\u0119, czy \u00f3wczesny prezydent Polski, Boles\u0142aw Bierut odpowiedzia\u0142 na podanie-pro\u015bb\u0119 o udzielenie \u0142aski<\/font><font style=\"font-family: Verdana\">; powiedziano jej, \u017ce jeszcze nic nie wiadomo. Tymczasem tego samego dnia, o godzinie 15-ej wykonano wyrok przez powieszenie. Gdy przyjecha\u0142a w marcu powiedziano jej, \u017ce wyrok zosta\u0142 wykonany. Zapyta\u0142a: <em>jakie by\u0142y ostatnie s\u0142owa ojca?<\/em> &#8211; Odpowied\u017a brzmia\u0142a: <em>Prosi\u0142, aby powiadomi<\/em><\/font><font style=\"font-family: Verdana\"><em>\u0107 rodzin\u0119, co niniejszym czynimy.<\/em> <\/font><font style=\"font-family: Verdana\">Przez miesi\u0105c rodzina nie by\u0142a powiadomiona, a poniewa\u017c s\u0105d pozbawi\u0142 Genera\u0142a praw publicznych rodzina do dzi\u015b nie wie, gdzie Genera\u0142 &#8222;Nil&#8221; zosta\u0142 pochowany. Maria Czarska nadal nie znosi przyje\u017cd\u017ca<\/font><font style=\"font-family: Verdana\">\u0107 do Warszawy, a ju\u017c szczeg\u00f3lnie znale\u017a<\/font><\/font><font size=\"2\"><font style=\"font-family: Verdana\">\u0107 si\u0119 na Krakowskim Przedmie\u015bciu, lub w tamtych rejonach &#8211; siedziby Prokuratury Generalnej.<br \/>\nBy\u0142y prezydent Polski, Aleksander Kwa\u015bniewski prawdopodobnie nie ogl\u0105da takich program\u00f3w, skoro sta<\/font><font style=\"font-family: Verdana\">\u0107 go na to, by nazywa<\/font><font style=\"font-family: Verdana\">\u0107 IPN &#8222;instytucj\u0105 \u015bmierci polskiej historii&#8221;. Wszystko, co zwi\u0105zane z opini\u0105 nt. IPN opiera si\u0119 na pracach dotycz\u0105cych Lecha Wa\u0142\u0119sy. Ten chodz\u0105cy bo\u017cek wsp\u00f3\u0142czesnego bohaterstwa, kt\u00f3ry nie ma poj\u0119cia, czym by\u0142o po\u015bwi\u0119cenie \u017cycia dla Ojczyzny, czym by\u0142 b\u00f3l z powodu utraty ojca, czym by\u0142a \u015bwiadomo\u015b<\/font><font style=\"font-family: Verdana\">\u0107, \u017ce najbli\u017cszy cz\u0142onek rodziny jest okrutnie torturowany, dzi\u015b pyszni si\u0119 swoim bohaterstwem, do kt\u00f3rego wynios\u0142y go ramiona wsp\u00f3\u0142dzia\u0142aczy i robotnik\u00f3w. Bohaterstwa, do kt\u00f3rego nigdy nie szed\u0142 samotnie: sta\u0142 za nim Nar\u00f3d, stali przyjaciele, stali najbli\u017csi wsp\u00f3\u0142pracownicy. Genera\u0142 Fieldorf by\u0142 w komunistycznym wi\u0119zieniu kompletnie osamotniony, potwornie torturowany -spo\u0142ecze\u0144stwo nie mia\u0142o poj\u0119cia, ani o nim, ani o jego losie. Wiedzieli najbli\u017csi krewni i przyjaciele. To nie internowanie w Bieszczadach z wizytami kurtuazyjnymi szefostwa SB. Genera\u0142 Fieldorf m\u00f3g\u0142 wyjecha<\/font><font style=\"font-family: Verdana\">\u0107 za granic\u0119, jak Miko\u0142ajczyk, ale nie &#8211; on zosta\u0142 w kraju, gdzie jego \u017co\u0142nierze byli \u015bcigani, i cierpieli z r\u0105k bandyt\u00f3w firmowanych przez Polsk\u0119 Ludow\u0105. IPN ma przesta<\/font><font style=\"font-family: Verdana\">\u0107 istnie<\/font><font style=\"font-family: Verdana\">\u0107, bo, bo\u017cek si\u0119 obrazi\u0142. A bo\u017cek mia\u0142 jeszcze wyj\u015bcie; powiedzie<\/font><font style=\"font-family: Verdana\">\u0107: <em>tak, mia\u0142em chmurn\u0105, durn\u0105 i wyskokow\u0105 m\u0142odo\u015b<\/em><\/font><font style=\"font-family: Verdana\"><em>\u0107; tak, zmajstrowa\u0142em Wandzie syna i za to przeprosi\u0142em i jako\u015b jej pomaga\u0142em i jest mi przykro i przyjecha\u0142em na pogrzeb Grzesia, gdy uton\u0105\u0142 w stawie. I bardzo tych czyn\u00f3w \u017ca\u0142uj\u0119.<\/em> Nie. Na szal\u0119 walki o swoj\u0105 kryszta\u0142ow\u0105 pozycj\u0119 rzuci\u0142 Instytut Pami\u0119ci Narodowej. By\u0142 odwa\u017cny, gdy wok\u00f3\u0142 tysi\u0105ce protestuj\u0105cych, gdy 10 milion\u00f3w wspiera\u0142o Solidarno\u015b<\/font><font style=\"font-family: Verdana\">\u0107, gdy ju\u017c wiadomo by\u0142o, \u017ce \u015bwiat o wszystkim wie i w\u0142a\u015bciwie jemu ju\u017c nic nie grozi. Czasem wi\u0119ksz\u0105 odwag\u0119 mie<\/font><font style=\"font-family: Verdana\">\u0107 trzeba, by przyzna<\/font><font style=\"font-family: Verdana\">\u0107 si\u0119 do b\u0142\u0119d\u00f3w, ni\u017c gdy przeskoczy<\/font><\/font><font size=\"2\"><font style=\"font-family: Verdana\">\u0107 p\u0142ot, gdy tysi\u0105ce innych nas wspieraj\u0105. Brak\u0142o tej odwagi. Wysz\u0142a tylko agresja. Polska Gazeta w Nowym Jorku wys\u0142a\u0142a do owej wsi dziennikarzy: jest gr\u00f3b Grzesia Wa\u0142\u0119sy, s\u0105 wspomnienia o przyje\u017adzie Lecha na pogrzeb, jest relacja ksi\u0119dza, kt\u00f3ry m\u00f3wi, \u017ce w\u0142a\u015bciwie, to Wa\u0142\u0119sowie nie chodzili do ko\u015bcio\u0142a, a ludzie we wsi m\u00f3wi\u0105: &#8222;Lechu, nie k\u0142am&#8221;.<br \/>\nTemu, co dzieje si\u0119 w Polsce teraz, najbardziej winny jest sam Lech Wa\u0142\u0119sa i pierwszy, niekomunistyczny premier Mazowiecki, kt\u00f3rzy podali r\u0119k\u0119 komunistom, kt\u00f3rzy zacz\u0119li si\u0119 z komunistami uk\u0142ada<\/font><font style=\"font-family: Verdana\">\u0107. Jeden z niemieckich (by\u0142ej NDR) dzia\u0142aczy antykomunistycznych powiedzia\u0142 niedawno w &#8222;Misji Specjalnej&#8221;, kt\u00f3ra zosta\u0142a, niestety zdj\u0119ta z anteny, \u017ce najwi\u0119kszym rozczarowaniem dla nich, tam w NRD walcz\u0105cych z komunizmem by\u0142 polski &#8222;okr\u0105g\u0142y st\u00f3\u0142&#8221;. Przewidywania by\u0142y proste i do b\u00f3lu realne: kilka miesi\u0119cy i komuna sama zdechnie. Ale nie. M\u0105dro\u015b<\/font><span style=\"font-family: Verdana\">\u0107, intuicja, &#8222;do\u015bwiadczenie&#8221; podpowiada\u0142y Wa\u0142\u0119sie zupe\u0142nie co innego i dzi\u015b mamy efekty. Dziwne, \u017ce nie ma takich problem\u00f3w w innych, wyswobodzonych spod komunistycznego buta kraj\u00f3w. I teraz jest tylko opluwanie i totalna walka z prawd\u0105.<\/span><br style=\"font-family: Verdana\" \/><span style=\"font-family: Verdana\">Cdn.<\/span><br style=\"font-family: Verdana\" \/><\/font><\/p>\n","protected":false},"excerpt":{"rendered":"<p>Jan Pospieszalski &#8211; kiedy\u015b cz\u0142onek zespo\u0142u Czerowne Gitary -, dzi\u015b tw\u00f3rca \u015bwietnego programu tv &#8222;Warto rozmawia\u0107&#8221;, osobi\u015bcie ten program prowadz\u0105cy. Tematem ostatniego programu (z minionego tygodnia) by\u0142 wyrok \u015bmierci, przez powieszenie, wydany i wykonany na Generale Augu\u015bcie Emilu\u00a0Fieldorfie, ps. &#8222;Nil&#8221;, o kt\u00f3rym film wejdzie na ekrany polskich kin 17 kwietnia br.<\/p>\n","protected":false},"author":2,"featured_media":0,"comment_status":"open","ping_status":"open","sticky":false,"template":"","format":"standard","meta":[],"categories":[4],"tags":[],"_links":{"self":[{"href":"https:\/\/sporek.com\/blog\/index.php?rest_route=\/wp\/v2\/posts\/159"}],"collection":[{"href":"https:\/\/sporek.com\/blog\/index.php?rest_route=\/wp\/v2\/posts"}],"about":[{"href":"https:\/\/sporek.com\/blog\/index.php?rest_route=\/wp\/v2\/types\/post"}],"author":[{"embeddable":true,"href":"https:\/\/sporek.com\/blog\/index.php?rest_route=\/wp\/v2\/users\/2"}],"replies":[{"embeddable":true,"href":"https:\/\/sporek.com\/blog\/index.php?rest_route=%2Fwp%2Fv2%2Fcomments&post=159"}],"version-history":[{"count":0,"href":"https:\/\/sporek.com\/blog\/index.php?rest_route=\/wp\/v2\/posts\/159\/revisions"}],"wp:attachment":[{"href":"https:\/\/sporek.com\/blog\/index.php?rest_route=%2Fwp%2Fv2%2Fmedia&parent=159"}],"wp:term":[{"taxonomy":"category","embeddable":true,"href":"https:\/\/sporek.com\/blog\/index.php?rest_route=%2Fwp%2Fv2%2Fcategories&post=159"},{"taxonomy":"post_tag","embeddable":true,"href":"https:\/\/sporek.com\/blog\/index.php?rest_route=%2Fwp%2Fv2%2Ftags&post=159"}],"curies":[{"name":"wp","href":"https:\/\/api.w.org\/{rel}","templated":true}]}}