{"id":16,"date":"2007-05-05T07:44:02","date_gmt":"2007-05-05T11:44:02","guid":{"rendered":"http:\/\/sporek.com\/blog\/?p=16"},"modified":"2007-09-22T11:20:43","modified_gmt":"2007-09-22T15:20:43","slug":"wybory%e2%80%a6-chwyty-ponizej-pasa","status":"publish","type":"post","link":"https:\/\/sporek.com\/blog\/?p=16","title":{"rendered":"Wybory\u2026 chwyty poni\u017cej pasa"},"content":{"rendered":"<p><span goog_ds_charIndex=\"29\" style=\"font-family: Arial\" lang=\"PL\"><span goog_ds_charIndex=\"31\" style=\"font-family: Arial\" lang=\"PL\"><\/span><\/span><span goog_ds_charIndex=\"29\" style=\"font-family: Arial\" lang=\"PL\"><span goog_ds_charIndex=\"31\" style=\"font-family: Arial\" lang=\"PL\"><\/span><\/span><span goog_ds_charIndex=\"29\" style=\"font-family: Arial\" lang=\"PL\"><span goog_ds_charIndex=\"31\" style=\"font-family: Arial\" lang=\"PL\"><\/span><\/span><span goog_ds_charIndex=\"29\" style=\"font-family: Arial\" lang=\"PL\"><span goog_ds_charIndex=\"31\" style=\"font-family: Arial\" lang=\"PL\"><\/span><\/span><span goog_ds_charIndex=\"29\" style=\"font-family: Arial\" lang=\"PL\"><span goog_ds_charIndex=\"31\" style=\"font-family: Arial\" lang=\"PL\"><font goog_ds_charIndex=\"32\"><font size=\"2\"><font face=\"Arial\"><span style=\"font-size: 10pt; font-family: Arial\">Obrzydliwo\u015b\u0107. Nie mog\u0119 inaczej nazwa\u0107 ulotki, kt\u00f3r\u0105 oblepiono r\u00f3\u017cne punkty spo\u0142ecznej u\u017cyteczno\u015bci na Greenpoincie i w jego okolicach. Notatka jest paszkwilem na tych, kt\u00f3rzy odwa\u017cyli si\u0119 kandydowa\u0107 do Rady Dyrektor\u00f3w Polsko-S\u0142owia\u0144skiej Unii Kredytowej. Oczywi\u015bcie nie jest podpisana. Nie b\u0119d\u0119 nawet pr\u00f3bowa\u0142 sugerowa\u0107, kto jest jej autorem, bo dla kazdego my\u015bl\u0105cego jest to do\u015b\u0107 oczywiste. Kogo\u015b by\u0142o sta\u0107 na setki kolorowych kopii, aby wybroni\u0107 zasiadaj\u0105cych obecnie w Radzie Dyrektor\u00f3w i zaszkodzi\u0107 tym, kt\u00f3rzy chcieliby wej\u015b\u0107 do tej\u017ce Rady. Sam fakt, \u017ce jest to paszkwil nie maj\u0105cy podpisu autora dyskwalifikuje t\u0119 ulotk\u0119, ale kto\u015b, kto j\u0105 kolportuje bardzo liczy na to, \u017ce &#8222;narodek&#8221; da si\u0119 nabra\u0107. Najbardziej w tej ulotce \u015bmieszy mnie zdj\u0119cie Pana Janusza J\u00f3\u017awiaka, na szklanym ekranie.<!--more--><\/span><\/font><\/font><\/font><\/span><\/span><\/p>\n<p><span goog_ds_charIndex=\"29\" style=\"font-family: Arial\" lang=\"PL\"><span goog_ds_charIndex=\"31\" style=\"font-family: Arial\" lang=\"PL\"><font goog_ds_charIndex=\"32\"><font size=\"2\"><font face=\"Arial\"><span style=\"font-size: 10pt; font-family: Arial\"><\/span><span style=\"font-size: 10pt; font-family: Arial\">Tylko na tym jednym przyk\u0142adzie mo\u017cna dostrzec, jak\u0105 nienawi\u015bci\u0105 pa\u0142aj\u0105 do tego cz\u0142owieka autorzy ulotki, a jednocze\u015bnie, jak nie potrafi\u0105 oni udowodni\u0107 tego, co przez tyle lat &#8222;obci\u0105\u017ca\u0142o&#8221;\u00a0 Janusza J\u00f3\u017awiaka: Pisz\u0105, \u017ce ma &#8222;&#8230;kilka dom\u00f3w na Florydzie&#8230;&#8221; O ile ja wiem, Janusz J\u00f3\u017awiak ma tam jeden dom.\u00a0 Przez wiele lat wmawiano Polonii, \u017ce J. J\u00f3\u017awiak wyst\u0119powa\u0142 w telewizji polskiej w mundurze&#8230;\u00a0 Autorom ulotki uda\u0142o si\u0119 dotrze\u0107 do zdj\u0119cia z Dziennika Telewizyjnego, na kt\u00f3rym ofiara tych oskar\u017ce\u0144 jest w eleganckim&#8230; garniturze. A zatem kompromitacja autor\u00f3w ulotki.\u00a0 Janusz J\u00f3\u017awiak o\u015bwiadczy\u0142 niedawno i to bardzo publicznie, \u017ce nawet nie nale\u017ca\u0142 do PZPR. Autorom ulotki takie o\u015bwiadczenie nie wystarcza. Uparcie twierdz\u0105, \u017ce by\u0142 ubekiem.\u00a0 Za\u015bwiadczenie o tym, \u017ce nie \u201ewsp\u00f3\u0142pracowa\u0142\u201d wyda\u0142 J\u00f3\u017awiakowi IPN. Ale to te\u017c nie jest istotne dla autor\u00f3w ulotki.\u00a0 Drodzy Czytelnicy, powiedzcie mi, jak to jest? Praca cz\u0142onka rady dyrektor\u00f3w to podobno ca\u0142kowicie spo\u0142eczna robota. W takim razie, dlaczego ci, kt\u00f3rzy ju\u017c s\u0105 w Radzie tak strasznie nie chc\u0105, aby ktokolwiek inny tam si\u0119 dosta\u0142?Najbardziej jednak, jako cz\u0142onka polonijnego spo\u0142ecze\u0144stwa boli mnie chamstwo, prymitywizm, kompletny brak klasy. Oto znana z porad prawnych pani Baumgartner rozsy\u0142a do wszystkich ludzi, kt\u00f3rych adresy internetowe posiada w swoim komputerze &#8222;wznios\u0142y&#8221; tekst pt ; &#8222;Unia Kredytowa potrzebuje Twojej pomocy!!!&#8221;\u00a0\u00a0 Pami\u0119tam, \u017ce niegdy\u015b by\u0142em na li\u015bcie adresowej pani El\u017cbiety i nie s\u0105dz\u0119, abym stamt\u0105d wyparowa\u0142. Ale, do mnie pani \u201edoradczyni prawna\u201d takiego e-maila nie wys\u0142a\u0142a. Paj\u0119czyna \u00a0internetowa sprawi\u0142a jednak, \u017ce dosta\u0142em ten tekst od zupe\u0142nie innych ludzi. Moje oburzenie budzi w tych (zaznaczam kilku przypadkach) to, \u017ce owo rozpaczliwe wo\u0142anie o \u201epomoc dla Unii Kredytowej\u201d by\u0142o wysy\u0142ane do ludzi, kt\u00f3rzy, &#8211; uwaga! &#8211; nie s\u0105 cz\u0142onkami naszego banku. Dzia\u0142anie polonijnej \u201eradczyni prawnej\u201d uwa\u017cam w tym przypadku za pozbawione etyki i zwyk\u0142ej, ludzkiej twarzy.\u00a0 Zdziwisz si\u0119, Drogi Czytelniku, ale znale\u017ali si\u0119 ludzie, kt\u00f3rzy przes\u0142ali te e-maile w\u0142a\u015bnie do mnie, stad wiem, jak dzia\u0142a\u0142a pani Baumgartner, w dodatku kilku z nich dopisa\u0142o swoj, pe\u0142en ironii komentarz typu:\u00a0\u00a0<\/span><span style=\"font-size: 10pt; font-family: Arial\">\u201eCzy Ty jeszcze walczysz o prawd\u0119 w Unii? To sobie poczytaj, bo nas to nie interesuje\u201d\u00a0 <\/span><\/font><\/font><\/font><\/span><\/span><\/p>\n<p><span goog_ds_charIndex=\"29\" style=\"font-family: Arial\" lang=\"PL\"><span goog_ds_charIndex=\"31\" style=\"font-family: Arial\" lang=\"PL\"><font goog_ds_charIndex=\"32\"><font size=\"2\"><font face=\"Arial\"><span style=\"font-size: 10pt; font-family: Arial\">Oto przyk\u0142ad: Przeczytaj, glosuj i poslij dalej. \u00a0To w tytule poczty, a potem tresc maila pani Elzbiety:\u00a0 &#8222;Panie&#8230;. tu imi\u0119&#8230;..\u00a0 Wysylam ten e-mail do wszystkich w swojej skrzynce i prosz\u00ea o to samo. Pozdrawiam serdecznie El\u00bfbieta Baumgartner&#8221;<\/span><span style=\"font-size: 10pt; font-family: Arial\">No i nast\u0119powa\u0142 w\u0142a\u015bciwy, ten do \u201cprzesy\u0142ania dalej\u201d \u201ekomunikat\u201d. Warte zapami\u0119tania, bo wyszed\u0142 spod pi\u00f3ra kogo\u015b, kto m\u00f3wi o prawie:\u00a0<\/span><span style=\"font-size: 10pt; font-family: Arial\">Podaj\u0119 w oryginalnym \u201ewygl\u0105dzie\u201d tekstu bez polskich czcionek, kt\u00f3rych nie zaakceptowa\u0142 Internet.&#8221;<\/span><span style=\"font-size: 10pt; font-family: Arial\">&#8222;Unia Kredytowa potrzebuje twojej pomocy! Je\u00bfeli nale\u00bfysz do Polsko-S\u00b3owia\u00f1skiej Unii Kredytowej, to g\u00b3osuj na nast\u00eapuj\u00b1cych niezale\u00bfnych kandydat\u00f3w do Rady Dyrektor\u00f3w:<br \/>\n1.\u00a0\u00a0\u00a0 Krzysztof Matyszczyk, ksi\u00eagowy, obecnie prezes Rady Dyrektor\u00f3w PSFCU<br \/>\n2.\u00a0\u00a0\u00a0 Fryderyk Czulada, inwestor, obecnie skarbnik Rady Dyrektor\u00f3w PSFCU<br \/>\n3.\u00a0\u00a0\u00a0 John Sza\u00b3yga, lekarz<br \/>\n4.\u00a0\u00a0\u00a0 Lech Poradowski, in\u00bfynier.\u00a0<br \/>\nCzy wiesz, \u00bfe Bo\u00bfena Kami\u00f1ska, przewodnicz\u00b1ca Centrum Polsko-S\u00b3owia\u00f1skiego, domaga si\u00ea w s\u00b1dzie od Unii Kredytowej 80 milion\u00f3w dolar\u00f3w?\u00a0 Rada Dyrektor\u00f3w Unii Kredytowej jest w mocy p\u00f3j\u00b6\u00e6 na ugod\u00ea z p. Kami\u00f1sk\u00b1 i sprezentowa\u00e6 jej kilka milion\u00f3w dolar\u00f3w w zamian za zaniechanie pozwu. Je\u00bfeli w Radzie s\u00b1 rozs\u00b1dni ludzie pilnuj\u00b1cy interes\u00f3w cz\u00b3onk\u00f3w, to si\u00ea nigdy nie stanie.\u00a0 UWAGA!\u00a0 W bie\u00bf\u00b1cych wyborach, gdzie s\u00b1 4 wolne miejsca, do Rady Dyrektor\u00f3w startuj\u00b1 4 osoby z Centrum:<br \/>\n1.\u00a0\u00a0\u00a0 Andrzej Kami\u00f1ski, m\u00b1\u00bf Bo\u00bfeny Kami\u00f1skiej,<br \/>\n2.\u00a0\u00a0\u00a0 Kaja Sawczuk, dyrektor wykonawczy Centrum,<br \/>\n3.\u00a0\u00a0\u00a0 Janusz J\u00f3\u00bcwiak, Vice-Przewodnicz\u00b1cy Centrum Polsko-S\u00b3owia\u00f1skiego oraz<br \/>\n4.\u00a0\u00a0\u00a0 Marzena Wierzbowska-Buccino, pracownik Centrum Polsko-S\u00b3owia\u00f1skiego.<br \/>\nWarto zada\u00e6 sobie pytanie. Je\u00bfeli do Rady Dyrektor\u00f3w Unii dostan\u00b1 si\u00ea pracownicy Centrum, to czy b\u00ead\u00b1 pilnowa\u00e6 interes\u00f3w cz\u00b3onk\u00f3w Unii Kredytowej, czy interes\u00f3w Centrum i p. Kami\u00f1skiej? G\u00b3osuj na niezale\u00bfnych kandydat\u00f3w! Prze\u00b6lij ten e-mail do wszystkich znajomych w swojej ksi\u00b1\u00bfeczce adresowej.&#8221;<\/span><\/font><\/font><\/font><\/span><\/span><\/p>\n<p><span goog_ds_charIndex=\"29\" style=\"font-family: Arial\" lang=\"PL\"><span goog_ds_charIndex=\"31\" style=\"font-family: Arial\" lang=\"PL\"><font goog_ds_charIndex=\"32\"><font size=\"2\"><font face=\"Arial\"><span style=\"font-size: 10pt; font-family: Arial\">I to s\u0105 wypociny cz\u0142onkini naszej Rady Dyrektor\u00f3w. Przy okazji mo\u017cna si\u0119 dowiedzie\u0107, \u017ce dyrektorzy bardzo swobodnie decyduj\u0105, bez opinii s\u0105du, ale te\u017c i bez wiedzy Cz\u0142onk\u00f3w, i\u017c s\u0105 w mocy\u201e sprezentowa\u0107 kilka milion\u00f3w dolar\u00f3w\u201d, byle tylko Kami\u0144ska odst\u0105pi\u0142a od sprawy. Rada Dyrektor\u00f3w nie jest w mocy da\u0107 znacz\u0105cych kwot na polskie szko\u0142y, na polsk\u0105 kultur\u0119, cho\u0107by w\u0142a\u015bnie t\u0119, pokazywan\u0105 przeze mnie w najwspanialszej sali \u015bwiata, Carnegie Hall, ale jest w mocy da\u0107 w prezencie kilka milion\u00f3w dolar\u00f3w. Dzi\u0119ki wypowiedziom pana Storo\u017cy\u0144skiego w og\u00f3lno-ameryka\u0144skiej gazecie Unii Kredytowych Ameryka dowiedzia\u0142a si\u0119 o brudach polonijnych. I na to s\u0105 pieni\u0105dze. Arty\u015bci mog\u0105 jedynie przynie\u015b\u0107 nam chlub\u0119 i sta\u0107 si\u0119 powodem do dumy, ale na to nie ma pieni\u0119dzy. A co oznacza sformu\u0142owanie \u201eNiezale\u017cni kandydaci\u201d?\u00a0 Dwaj z nich ju\u017c s\u0105 cz\u0142onkami Rady, wi\u0119c o jakiej niezale\u017cno\u015bci m\u00f3wi pani Baumgartner? <\/span><span style=\"font-size: 10pt; font-family: Arial\">Zawsze mi si\u0119 wydawa\u0142o, \u017ce ta pani ma jak\u0105\u015b klas\u0119. Ale chyba tylko mi si\u0119 wydawa\u0142o.<\/span><\/font><\/font><\/font><\/span><\/span><span goog_ds_charIndex=\"29\" style=\"font-family: Arial\" lang=\"PL\"><span goog_ds_charIndex=\"31\" style=\"font-family: Arial\" lang=\"PL\"><font goog_ds_charIndex=\"32\"><\/font><\/span><\/span><\/p>\n","protected":false},"excerpt":{"rendered":"<p>Obrzydliwo\u015b\u0107. Nie mog\u0119 inaczej nazwa\u0107 ulotki, kt\u00f3r\u0105 oblepiono r\u00f3\u017cne punkty spo\u0142ecznej u\u017cyteczno\u015bci na Greenpoincie i w jego okolicach. Notatka jest paszkwilem na tych, kt\u00f3rzy odwa\u017cyli si\u0119 kandydowa\u0107 do Rady Dyrektor\u00f3w Polsko-S\u0142owia\u0144skiej Unii Kredytowej. Oczywi\u015bcie nie jest podpisana. Nie b\u0119d\u0119 nawet pr\u00f3bowa\u0142 sugerowa\u0107, kto jest jej autorem, bo dla kazdego my\u015bl\u0105cego jest to do\u015b\u0107 oczywiste. Kogo\u015b [&hellip;]<\/p>\n","protected":false},"author":2,"featured_media":0,"comment_status":"open","ping_status":"open","sticky":false,"template":"","format":"standard","meta":[],"categories":[3],"tags":[],"_links":{"self":[{"href":"https:\/\/sporek.com\/blog\/index.php?rest_route=\/wp\/v2\/posts\/16"}],"collection":[{"href":"https:\/\/sporek.com\/blog\/index.php?rest_route=\/wp\/v2\/posts"}],"about":[{"href":"https:\/\/sporek.com\/blog\/index.php?rest_route=\/wp\/v2\/types\/post"}],"author":[{"embeddable":true,"href":"https:\/\/sporek.com\/blog\/index.php?rest_route=\/wp\/v2\/users\/2"}],"replies":[{"embeddable":true,"href":"https:\/\/sporek.com\/blog\/index.php?rest_route=%2Fwp%2Fv2%2Fcomments&post=16"}],"version-history":[{"count":0,"href":"https:\/\/sporek.com\/blog\/index.php?rest_route=\/wp\/v2\/posts\/16\/revisions"}],"wp:attachment":[{"href":"https:\/\/sporek.com\/blog\/index.php?rest_route=%2Fwp%2Fv2%2Fmedia&parent=16"}],"wp:term":[{"taxonomy":"category","embeddable":true,"href":"https:\/\/sporek.com\/blog\/index.php?rest_route=%2Fwp%2Fv2%2Fcategories&post=16"},{"taxonomy":"post_tag","embeddable":true,"href":"https:\/\/sporek.com\/blog\/index.php?rest_route=%2Fwp%2Fv2%2Ftags&post=16"}],"curies":[{"name":"wp","href":"https:\/\/api.w.org\/{rel}","templated":true}]}}