{"id":162,"date":"2009-04-16T22:55:42","date_gmt":"2009-04-17T02:55:42","guid":{"rendered":"http:\/\/sporek.com\/blog\/?p=162"},"modified":"2009-04-16T23:06:14","modified_gmt":"2009-04-17T03:06:14","slug":"europoslowieczy-polscy","status":"publish","type":"post","link":"https:\/\/sporek.com\/blog\/?p=162","title":{"rendered":"Europos\u0142owie&#8230;czy polscy?"},"content":{"rendered":"<p>Czyli drugi wyrok na rotmistrza Pileckiego.<br \/>\nKilka dni tmu, w Parlamencie Europejskim odby\u0142o si\u0119 g\u0142osowanie nad poprawkami do rezolucji <strong>&#8222;\u015awiadomo\u015b\u0107 europejska, a totalitaryzm&#8221;.<\/strong> Poprawki zg\u0142osi\u0142a Hanna Fo\u0142tyn-Kubicka, a ich tre\u015bci\u0105 i celem by\u0142o wpisanie do tekstu rezolucji nazwiska rotmistrza Witolda Pileckiego, oraz ustanowienie dnia 25 maja (data \u015bmierci Rotmistrza z wyroku polskiego rz\u0105du komunistycznego) Dniem Bohater\u00f3w Walki z Totalitaryzmem.<!--more--><br \/>\nI co? Dosz\u0142o chyba do najbardziej antypolskiego, skandalicznego aktu polskich &#8222;eutodeputowanych&#8221;. Dzwudziestu dw\u00f3ch polskich (?) pos\u0142\u00f3w do Euro Parlamentu zag\u0142osowa\u0142o&#8230;PRZECIW.<\/p>\n<p>25 maja, 1948 roku z polecenia komunistycznych w\u0142adz Polski Ludowej wykonano wyrok \u015bmierci na jednym z najwi\u0119kszych bohater\u00f3w II Wojny \u015awiatowej.<br \/>\n<strong>Wojna:<\/strong> W 1940 roku, Pilecki przedstawi\u0142 swoim prze\u0142o\u017conym plan przedostania si\u0119 do niemieckiego obozu Auschwitz, w celu zebrania od wewn\u0105trz informacji wywiadowczych na temat jego funkcjonowania i zorganizowania ruchu oporu. W tym czasie niewiele by\u0142o wiadomo o warunkach panuj\u0105cych w obozie. <a href=\"http:\/\/docs.google.com\/wiki\/19_wrze%C5%9Bnia\" title=\"19 wrze\u015bnia\"><span style=\"color: windowtext\">19 wrze\u015bnia<\/span><\/a> <a href=\"http:\/\/docs.google.com\/wiki\/1940\" title=\"1940\"><span style=\"color: windowtext\">1940<\/span><\/a> podczas <a href=\"http:\/\/docs.google.com\/wiki\/%C5%81apanka\" title=\"\u0141apanka\"><span style=\"color: windowtext\">\u0142apanki<\/span><\/a> pozwoli\u0142 aresztowa\u0107 si\u0119 Niemcom (w bloku przy al. Wojska Polskiego 40), by dosta\u0107 si\u0119 do obozu <a href=\"http:\/\/docs.google.com\/wiki\/Auschwitz-Birkenau\" title=\"Auschwitz-Birkenau\"><span style=\"color: windowtext\">Auschwitz<\/span><\/a> (w <a href=\"http:\/\/docs.google.com\/wiki\/O%C5%9Bwi%C4%99cim\" title=\"O\u015bwi\u0119cim\"><span style=\"color: windowtext\">O\u015bwi\u0119cimiu<\/span><\/a>) i zdoby\u0107 informacje o panuj\u0105cych w nim warunkach. Do obozu trafi\u0142 w nocy z 21 na <a href=\"http:\/\/docs.google.com\/wiki\/22_wrze%C5%9Bnia\" title=\"22 wrze\u015bnia\"><span style=\"color: windowtext\">22 wrze\u015bnia<\/span><\/a> <a href=\"http:\/\/docs.google.com\/wiki\/1940\" title=\"1940\"><span style=\"color: windowtext\">1940<\/span><\/a> roku wraz z tzw. drugim transportem warszawskim.Jako <em>Tomasz Serafi\u0144ski<\/em> (wi\u0119zie\u0144 nr <strong>4859<\/strong>) by\u0142 g\u0142\u00f3wnym organizatorem <a href=\"http:\/\/docs.google.com\/wiki\/Ruch_oporu_w_Auschwitz\" title=\"Ruch oporu w Auschwitz\"><span style=\"color: windowtext\">konspiracji w obozie<\/span><\/a>. W zorganizowanej przez niego siatce nazwanej przez Pileckiego &#8211; <a href=\"http:\/\/docs.google.com\/wiki\/Zwi%C4%85zek_Organizacji_Wojskowej\" title=\"Zwi\u0105zek Organizacji Wojskowej\"><span style=\"color: windowtext\">ZOW<\/span><\/a> (Zwi\u0105zek Organizacji Wojskowej) byli mi\u0119dzy innymi: <a href=\"http:\/\/docs.google.com\/wiki\/Ksawery_Dunikowski\" title=\"Ksawery Dunikowski\"><span style=\"color: windowtext\">Ksawery Dunikowski<\/span><\/a> i <a href=\"http:\/\/docs.google.com\/wiki\/Bronis%C5%82aw_Czech\" title=\"Bronis\u0142aw Czech\"><span style=\"color: windowtext\">Bronis\u0142aw Czech<\/span><\/a>.<\/p>\n<p><strong>Po wojnie:<\/strong> Jesieni\u0105 <a href=\"http:\/\/docs.google.com\/wiki\/1945\" title=\"1945\"><span style=\"color: windowtext\">1945<\/span><\/a> roku zorganizowa\u0142 siatk\u0119 wywiadowcz\u0105 i rozpocz\u0105\u0142 zbieranie informacji wywiadowczych o sytuacji w Polsce, w tym o \u017co\u0142nierzach <a href=\"http:\/\/docs.google.com\/wiki\/Armia_Krajowa\" title=\"Armia Krajowa\"><span style=\"color: windowtext\">AK<\/span><\/a> i <a href=\"http:\/\/docs.google.com\/wiki\/2_Korpus_Polski\" title=\"2 Korpus Polski\"><span style=\"color: windowtext\">2 Korpusu<\/span><\/a>, kt\u00f3rzy byli wi\u0119zieni w obozach <a href=\"http:\/\/docs.google.com\/wiki\/NKWD\" title=\"NKWD\"><span style=\"color: windowtext\">NKWD<\/span><\/a> i deportowani przez <a href=\"http:\/\/docs.google.com\/wiki\/Zwi%C4%85zek_Socjalistycznych_Republik_Radzieckich\" title=\"Zwi\u0105zek Socjalistycznych Republik Radzieckich\"><span style=\"color: windowtext\">Sowiet\u00f3w<\/span><\/a> na <a href=\"http:\/\/docs.google.com\/wiki\/Syberia\" title=\"Syberia\"><span style=\"color: windowtext\">Syberi\u0119<\/span><\/a>. W p\u00f3\u017aniejszym \u015bledztwie wskaza\u0142 te\u017c zorganizowane w Warszawie trzy magazyny broni. Prowadzi\u0142 r\u00f3wnie\u017c wywiad w <a href=\"http:\/\/docs.google.com\/wiki\/Ministerstwo_Bezpiecze%C5%84stwa_Publicznego\" title=\"Ministerstwo Bezpiecze\u0144stwa Publicznego\"><span style=\"color: windowtext\">MBP<\/span><\/a>, <a href=\"http:\/\/docs.google.com\/wiki\/Ministerstwo_Obrony_Narodowej\" title=\"Ministerstwo Obrony Narodowej\"><span style=\"color: windowtext\">MON<\/span><\/a> i <a href=\"http:\/\/docs.google.com\/wiki\/Ministerstwo_Spraw_Zagranicznych\" title=\"Ministerstwo Spraw Zagranicznych\"><span style=\"color: windowtext\">MSZ<\/span><\/a>.<\/p>\n<p>Nie zareagowa\u0142 na rozkaz <a href=\"http:\/\/docs.google.com\/wiki\/W%C5%82adys%C5%82aw_Anders\" title=\"W\u0142adys\u0142aw Anders\"><span style=\"color: windowtext\">Andersa<\/span><\/a> polecaj\u0105cy mu opuszczenie Polski, w zwi\u0105zku z zagro\u017ceniem aresztowaniem. Rozwa\u017ca\u0142 skorzystanie z amnestii w <a href=\"http:\/\/docs.google.com\/wiki\/1947\" title=\"1947\"><span style=\"color: windowtext\">1947<\/span><\/a> ostatecznie postanowi\u0142 jednak nie ujawnia\u0107 si\u0119.<\/p>\n<p><a href=\"http:\/\/docs.google.com\/wiki\/8_maja\" title=\"8 maja\"><span style=\"color: windowtext\">8 maja<\/span><\/a> <a href=\"http:\/\/docs.google.com\/wiki\/1947\" title=\"1947\"><span style=\"color: windowtext\">1947<\/span><\/a> zosta\u0142 aresztowany. W areszcie by\u0142 torturowany przez funkcjonariuszy <a href=\"http:\/\/docs.google.com\/wiki\/Ministerstwo_Bezpiecze%C5%84stwa_Publicznego\" title=\"Ministerstwo Bezpiecze\u0144stwa Publicznego\"><span style=\"color: windowtext\">Urz\u0119du Bezpiecze\u0144stwa<\/span><\/a>. W trakcie ostatniego, jak si\u0119 p\u00f3\u017aniej okaza\u0142o, widzenia z \u017con\u0105, wyzna\u0142 jej w tym kontek\u015bcie: <em>O\u015bwi\u0119cim to by\u0142a igraszka<\/em> <sup id=\"cite_ref-Rz_nr_249_2-0\"><a href=\"http:\/\/docs.google.com\/Edit?id=ddxgtrsx_70c9s8qpf5#cite_note-Rz_nr_249-2\"><span style=\"color: windowtext\">[3]<\/span><\/a><\/sup>. Ostatecznie zosta\u0142 oskar\u017cony o dzia\u0142alno\u015b\u0107 wywiadowcz\u0105 na rzecz <a href=\"http:\/\/docs.google.com\/wiki\/Rz%C4%85d_RP_na_uchod%C5%BAstwie\" title=\"Rz\u0105d RP na uchod\u017astwie\"><span style=\"color: windowtext\">rz\u0105du RP na emigracji<\/span><\/a>.<\/p>\n<p><a href=\"http:\/\/docs.google.com\/wiki\/3_marca\" title=\"3 marca\"><span style=\"color: windowtext\">3 marca<\/span><\/a> <a href=\"http:\/\/docs.google.com\/wiki\/1948\" title=\"1948\"><span style=\"color: windowtext\">1948<\/span><\/a> przed Rejonowym S\u0105dem Wojskowym w Warszawie rozpocz\u0105\u0142 si\u0119 proces tzw. &#8222;<a href=\"http:\/\/docs.google.com\/w\/index.php?title=Grupa_Witolda&amp;action=edit&amp;redlink=1\" title=\"Grupa Witolda (jeszcze nie napisano)\"><span style=\"color: windowtext\">grupy Witolda<\/span><\/a>&#8222;. Rotmistrz Pilecki zosta\u0142 oskar\u017cony o:<\/p>\n<ul type=\"disc\">\n<li class=\"MsoNormal\">nielegalne przekroczenie      granicy<\/li>\n<li class=\"MsoNormal\">pos\u0142ugiwanie si\u0119 fa\u0142szywymi      dokumentami<\/li>\n<li class=\"MsoNormal\">brak rejestracji w <a href=\"http:\/\/docs.google.com\/wiki\/WKU\" title=\"WKU\"><span style=\"color: windowtext\">Rejonowej Komendzie      Uzupe\u0142nie\u0144<\/span><\/a><\/li>\n<li class=\"MsoNormal\">nielegalne posiadanie broni      palnej<\/li>\n<li class=\"MsoNormal\">prowadzenie dzia\u0142alno\u015bci szpiegowskiej na      rzecz <a href=\"http:\/\/docs.google.com\/wiki\/W%C5%82adys%C5%82aw_Anders\" title=\"W\u0142adys\u0142aw Anders\"><span style=\"color: windowtext\">Andersa<\/span><\/a><\/li>\n<li class=\"MsoNormal\">przygotowywanie zamachu na grup\u0119 dygnitarzy <a href=\"http:\/\/docs.google.com\/wiki\/Ministerstwo_Bezpiecze%C5%84stwa_Publicznego\" title=\"Ministerstwo Bezpiecze\u0144stwa Publicznego\"><span style=\"color: windowtext\">MBP<\/span><\/a><\/li>\n<\/ul>\n<p>Zarzut o przygotowywanie zamachu na procesie stanowczo odrzuci\u0142, a co do dzia\u0142alno\u015bci wywiadowczej, to uwa\u017ca\u0142 j\u0105 za dzia\u0142alno\u015b\u0107 informacyjn\u0105 na rzecz II Korpusu, za kt\u00f3rego oficera nadal si\u0119 uwa\u017ca\u0142. Do pozosta\u0142ych zarzut\u00f3w na procesie przyzna\u0142 si\u0119.<\/p>\n<p class=\"MsoNormal\">Prokuratorem oskar\u017caj\u0105cym Pileckiego by\u0142 major <a href=\"http:\/\/docs.google.com\/wiki\/Czes%C5%82aw_%C5%81api%C5%84ski\" title=\"Czes\u0142aw \u0141api\u0144ski\"><span style=\"color: windowtext\">Czes\u0142aw \u0141api\u0144ski<\/span><\/a>, przewodnicz\u0105cym sk\u0142adu s\u0119dziowskiego podpu\u0142kownik <a href=\"http:\/\/docs.google.com\/wiki\/Jan_Hryckowian\" title=\"Jan Hryckowian\"><span style=\"color: windowtext\">Jan Hryckowian<\/span><\/a> (obaj byli dawnymi oficerami <a href=\"http:\/\/docs.google.com\/wiki\/Armia_Krajowa\" title=\"Armia Krajowa\"><span style=\"color: windowtext\">AK<\/span><\/a>), s\u0119dzi\u0105 kapitan <a href=\"http:\/\/docs.google.com\/w\/index.php?title=J%C3%B3zef_Badecki&amp;action=edit&amp;redlink=1\" title=\"J\u00f3zef Badecki (jeszcze nie napisano)\"><span style=\"color: windowtext\">J\u00f3zef Badecki<\/span><\/a>. Sk\u0142ad s\u0119dziowski (jeden s\u0119dzia i jeden \u0142awnik) by\u0142 niezgodny z \u00f3wczesnym prawem.<\/p>\n<p><a title=\"Proces\" name=\"Proces\" id=\"Proces\"><\/a><a href=\"http:\/\/docs.google.com\/wiki\/15_maja\" title=\"15 maja\"><span style=\"color: windowtext\">15 maja<\/span><\/a> <a href=\"http:\/\/docs.google.com\/wiki\/1948\" title=\"1948\"><span style=\"color: windowtext\">1948<\/span><\/a> roku rotmistrz zosta\u0142 skazany na kar\u0119 \u015bmierci i wkr\u00f3tce stracony. Wyrok wykonano w <a href=\"http:\/\/docs.google.com\/wiki\/Wi%C4%99zienie_mokotowskie\" title=\"Wi\u0119zienie mokotowskie\"><span style=\"color: windowtext\">wi\u0119zieniu mokotowskim<\/span><\/a> na Rakowieckiej, poprzez strza\u0142 w ty\u0142 g\u0142owy.<\/p>\n<p>Witold Pilecki pozostawi\u0142 \u017con\u0119, c\u00f3rk\u0119 i syna. Jego miejsce poch\u00f3wku jest nieznane, prawdopodobnie zw\u0142oki zakopano na wysypisku \u015bmieci ko\u0142o <a href=\"http:\/\/docs.google.com\/wiki\/Cmentarz_Wojskowy_na_Pow%C4%85zkach_w_Warszawie\" title=\"Cmentarz Wojskowy na Pow\u0105zkach w Warszawie\"><span style=\"color: windowtext\">Cmentarza Wojskowego na Pow\u0105zkach w Warszawie<\/span><\/a>. Gr\u00f3b symboliczny znajduje si\u0119 w <a href=\"http:\/\/docs.google.com\/wiki\/Kwatera_na_%C5%81%C4%85czce\" title=\"Kwatera na \u0141\u0105czce\"><span style=\"color: windowtext\">Kwaterze &#8222;Na \u0141\u0105czce&#8221;<\/span><\/a>. Wszelkie informacje o dokonaniach i losie Pileckiego podlega\u0142y w PRL-u cenzurze.<\/p>\n<p>Naczelna Prokuratura Wojskowa w <a href=\"http:\/\/docs.google.com\/wiki\/1990\" title=\"1990\"><span style=\"color: windowtext\">1990<\/span><\/a> r. podj\u0119\u0142a rewizj\u0119 procesu grupy rotmistrza Pileckiego. Pierwotnie wniosek przewidywa\u0142 rehabilitacj\u0119 jednak <a href=\"http:\/\/docs.google.com\/wiki\/Tadeusz_P%C5%82u%C5%BCa%C5%84ski\" title=\"Tadeusz P\u0142u\u017ca\u0144ski\"><span style=\"color: windowtext\">Tadeusz P\u0142u\u017ca\u0144ski<\/span><\/a> wywalczy\u0142 anulowanie wyrok\u00f3w. Uniewa\u017cnienie wyroku w sprawie Witolda Pileckiego nast\u0105pi\u0142o <a href=\"http:\/\/docs.google.com\/wiki\/1_pa%C5%BAdziernika\" title=\"1 pa\u017adziernika\"><span style=\"color: windowtext\">1 pa\u017adziernika<\/span><\/a> <a href=\"http:\/\/docs.google.com\/wiki\/1990\" title=\"1990\"><span style=\"color: windowtext\">1990<\/span><\/a>.<\/p>\n<p>Witold Pilecki odznaczony zosta\u0142 po\u015bmiertnie Krzy\u017cem Komandorskim <a href=\"http:\/\/docs.google.com\/wiki\/Order_Odrodzenia_Polski\" title=\"Order Odrodzenia Polski\"><span style=\"color: windowtext\">Orderu Odrodzenia Polski<\/span><\/a> (<a href=\"http:\/\/docs.google.com\/wiki\/1995\" title=\"1995\"><span style=\"color: windowtext\">1995<\/span><\/a>). W roku <a href=\"http:\/\/docs.google.com\/wiki\/2002\" title=\"2002\"><span style=\"color: windowtext\">2002<\/span><\/a> przeciwko prokuratorowi <a href=\"http:\/\/docs.google.com\/wiki\/Czes%C5%82aw_%C5%81api%C5%84ski\" title=\"Czes\u0142aw \u0141api\u0144ski\"><span style=\"color: windowtext\">Czes\u0142awowi \u0141api\u0144skiemu<\/span><\/a> oskar\u017caj\u0105cemu w procesie rotmistrza prokurator <a href=\"http:\/\/docs.google.com\/wiki\/Instytut_Pami%C4%99ci_Narodowej_-_Komisja_%C5%9Acigania_Zbrodni_przeciwko_Narodowi_Polskiemu\" title=\"Instytut Pami\u0119ci Narodowej - Komisja \u015acigania Zbrodni przeciwko Narodowi Polskiemu\"><span style=\"color: windowtext\">IPN<\/span><\/a> wni\u00f3s\u0142 akt oskar\u017cenia. Do wydania wyroku nie dosz\u0142o wobec \u015bmierci oskar\u017conego w r. <a href=\"http:\/\/docs.google.com\/wiki\/2004\" title=\"2004\"><span style=\"color: windowtext\">2004<\/span><\/a>.<\/p>\n<p>27 stycznia 2005 r., podczas uroczysto\u015bci 60. rocznicy wyzwolenia obozu KL Auschwitz, <a href=\"http:\/\/docs.google.com\/wiki\/Aleksander_Kwa%C5%9Bniewski\" title=\"Aleksander Kwa\u015bniewski\"><span style=\"color: windowtext\">Aleksander Kwa\u015bniewski<\/span><\/a> wymieni\u0142 zas\u0142u\u017conych wi\u0119\u017ani\u00f3w obozu, do kt\u00f3rych zaliczy\u0142 takie nazwiska, jak m.in.<a href=\"http:\/\/docs.google.com\/wiki\/J%C3%B3zef_Cyrankiewicz\" title=\"J\u00f3zef Cyrankiewicz\"><span style=\"color: windowtext\"> J\u00f3zef Cyrankiewicz<\/span><\/a>, <a href=\"http:\/\/docs.google.com\/wiki\/Tadeusz_Borowski_%28poeta%29\" title=\"Tadeusz Borowski (poeta)\"><span style=\"color: windowtext\">Tadeusz Borowski<\/span><\/a>, <a href=\"http:\/\/docs.google.com\/wiki\/Seweryna_Szmaglewska\" title=\"Seweryna Szmaglewska\"><span style=\"color: windowtext\">Seweryna Szmaglewska<\/span><\/a>, <a href=\"http:\/\/docs.google.com\/wiki\/Bronis%C5%82aw_Czech\" title=\"Bronis\u0142aw Czech\"><span style=\"color: windowtext\">Bronis\u0142aw Czech<\/span><\/a>, <a href=\"http:\/\/docs.google.com\/wiki\/Xawery_Dunikowski\" title=\"Xawery Dunikowski\"><span style=\"color: windowtext\">Xawery Dunikowski<\/span><\/a>. <a href=\"http:\/\/docs.google.com\/wiki\/W%C5%82adys%C5%82aw_Bartoszewski\" title=\"W\u0142adys\u0142aw Bartoszewski\"><span style=\"color: windowtext\">W\u0142adys\u0142aw Bartoszewski<\/span><\/a> i innych. <strong>Pomin\u0105\u0142 m.in. Witolda Pileckiego i \u015bw. <\/strong><strong><a href=\"http:\/\/docs.google.com\/wiki\/Maksymilian_Kolbe\" title=\"Maksymilian Kolbe\"><span style=\"color: windowtext\">Maksymiliana Kolbego<\/span><\/a><\/strong>.<\/p>\n<p><strong><a href=\"http:\/\/docs.google.com\/wiki\/30_lipca\" title=\"30 lipca\"><span style=\"color: windowtext\">30 lipca<\/span><\/a><\/strong> <strong><a href=\"http:\/\/docs.google.com\/wiki\/2006\" title=\"2006\"><span style=\"color: windowtext\">2006<\/span><\/a><\/strong><strong> r., przy okazji obchod\u00f3w 62. rocznicy wybuchu Powstania Warszawskiego, prezydent Polski <a href=\"http:\/\/docs.google.com\/wiki\/Lech_Kaczy%C5%84ski\" title=\"Lech Kaczy\u0144ski\"><span style=\"color: windowtext\">Lech Kaczy\u0144ski<\/span><\/a><\/strong><strong> przyzna\u0142 Witoldowi Pileckiemu po\u015bmiertnie <a href=\"http:\/\/docs.google.com\/wiki\/Order_Or%C5%82a_Bia%C5%82ego\" title=\"Order Or\u0142a Bia\u0142ego\"><span style=\"color: windowtext\">Order Or\u0142a Bia\u0142ego<\/span><\/a><\/strong><strong>.<\/strong><\/p>\n<p>Kwa\u015bniewski pomin\u0105\u0142 rotmistrza Pileckiego. Wymienieni ni\u017cej euro-pos\u0142owie pomin\u0119li go po raz drugi, tym razem wytarli go z pami\u0119ci polskiej i europejskiej. Najwi\u0119kszymi &#8222;bohaterami&#8221; Polski s\u0105, jak wida\u0107 z dzia\u0142a\u0144 rz\u0105du i deputowanych W\u0142adys\u0142aw Bartoszewski i wiecznie przed wszystkim uciekaj\u0105cy Wa\u0142\u0119sa; uciek\u0142 po zrobieniu dziecka, ucieka\u0142 z ko\u015bcio\u0142a \u015aw. Stanis\u0142awa Kostki na Greenpoincie przed czekajacym na niego t\u0142umem rozczarowanych jego prezydentur\u0105, a i teraz zagrozi\u0142, \u017ce ucieknie, odda Nobla i tyle go b\u0119dziemy widzie\u0107. To si\u0119 nazywa mie\u0107 charakter&#8230;W zestawieniu z BOHATERAMI &#8211; niewielka strata.<\/p>\n<p>Poni\u017cej lista &#8222;patriot\u00f3w polskich&#8221; (?) z Euro-Parlamentu &#8211; mo\u017cna do nich pisa\u0107 i zada\u0107 pytania. Np. jaki te\u017c pow\u00f3d mieli, aby g\u0142osowa\u0107 przeciwko?<\/p>\n<p>1. Marek Aleksander CZARNECKI <a href=\"mailto:marekaleksander.czarnecki@europarl.europa.eu\">marekaleksander.czarnecki@europarl.europa.eu<\/a><\/p>\n<p>2. Janusz ONYSZKIEWICZ<br \/>\n<a href=\"mailto:pawelbartlomiej.piskorski@europarl.europa.eu\">pawelbartlomiej.piskorski@europarl.europa.eu<\/a><\/p>\n<p>3. Pawe\u0142 Bart\u0142omiej PISKORSKI<br \/>\n<a href=\"mailto:pawelbartlomiej.piskorski@europarl.europa.eu\">pawelbartlomiej.piskorski@europarl.europa.eu<\/a><\/p>\n<p>4. Gra\u017cyna STANISZEWSKA<a href=\"mailto:grazyna.staniszewska-assistant@europarl.europa.eu\"> <\/a><br \/>\n<a href=\"mailto:grazyna.staniszewska-assistant@europarl.europa.eu\">grazyna.staniszewska-assistant@europarl.europa.eu<\/a><\/p>\n<p>5. AndrzeJ WIELOWIEYSKI<\/p>\n<p>6. Jerzy BUZEK<br \/>\n<a href=\"mailto:jerzy.buzek@europarl.europa.eu\">jerzy.buzek@europarl.europa.eu<\/a><\/p>\n<p>7. Zdzis\u0142aw Kazimierz CHMIELEWSKI<\/p>\n<p>8. Urszula GACEK<br \/>\n<a href=\"mailto:biuro@urszulagacek.pl\">biuro@urszulagacek.pl<\/a><\/p>\n<p>9. Stanis\u0142aw JA\u0141OWIECKI<br \/>\n<a href=\"mailto:biuro@jalowiecki.pl\">biuro@jalowiecki.pl<\/a><\/p>\n<p>10. Janusz LEWANDOWSKI<br \/>\n<a href=\"mailto:biuro@januszlewandowski.pl\">biuro@januszlewandowski.pl<\/a><br \/>\n<a href=\"mailto:janusz.lewandowski@europarl.europa.eu\">janusz.lewandowski@europarl.europa.eu<\/a><\/p>\n<p>11. Jan OLBRYCHT <a href=\"mailto:poczta@janolbrycht.pl\">poczta@janolbrycht.pl<\/a><a href=\"mailto:jan.olbrycht@europarl.europa.eu\">\u00a0\u00a0\u00a0 <\/a><br \/>\n<a href=\"mailto:jan.olbrycht@europarl.europa.eu\">jan.olbrycht@europarl.europa.eu<\/a><\/p>\n<p>12. Jacek PROTASIEWICZ<br \/>\n<a href=\"mailto:jacek.protasiewicz@europarl.europa.eu\">jacek.protasiewicz@europarl.europa.eu<\/a><\/p>\n<p>13. Jacek SARYUSZ-WOLSKI<br \/>\n<a href=\"mailto:jacek.saryusz-wolski@europarl.europa.eu\">jacek.saryusz-wolski@europarl.europa.eu<\/a><\/p>\n<p>14. Czes\u0142aw Adam SIEKIERSKI<br \/>\n<a href=\"mailto:czeslaw.siekierski@europarl.europa.eu\">czeslaw.siekierski@europarl.europa.eu<\/a><\/p>\n<p>15. Zbigniew ZALESKI<br \/>\n<a href=\"mailto:zbigniew.zaleski@europarl.europa.eu\">zbigniew.zaleski@europarl.europa.eu<\/a><\/p>\n<p>16. Tadeusz ZWIEFKA<br \/>\n<a href=\"mailto:boguslaw.sonik@europarl.europa.eu\">boguslaw.sonik@europarl.europa.eu<\/a><\/p>\n<p>17. Bogus\u0142aw SONIK<br \/>\n<a href=\"mailto:boguslaw.sonik@europarl.europa.eu\">boguslaw.sonik@europarl.europa.eu<\/a><\/p>\n<p>18. Lidia Joanna GERINGER de OEDENBERG<br \/>\n<a href=\"mailto:lidiajoanna.geringerdeoedenberg@europarl.europa.eu\">lidiajoanna.geringerdeoedenberg@europarl.europa.eu<\/a><\/p>\n<p>19. Genowefa GRABOWSKA<\/p>\n<p>20. Bogus\u0142aw LIBERADZKI<br \/>\n<a href=\"mailto:boguslaw.liberadzki@europarl.europa.eu\">boguslaw.liberadzki@europarl.europa.eu<\/a><\/p>\n<p>21. Adam GIEREK<\/p>\n<p>22. Jan Tadeusz MASIEL<br \/>\n<a href=\"mailto:jantadeusz.masiel@europarl.europa.eu\">jantadeusz.masiel@europarl.europa.eu<\/a><\/p>\n<p>Pami\u0119tajmy o tym podczas zbli\u017caj\u0105cych si\u0119 wybor\u00f3w do &#8222;Europy&#8221;. To s\u0105 znakomite posadki, ale, jak wida\u0107 wykr\u0119caj\u0105 charaktery.<\/p>\n","protected":false},"excerpt":{"rendered":"<p>Czyli drugi wyrok na rotmistrza Pileckiego. Kilka dni tmu, w Parlamencie Europejskim odby\u0142o si\u0119 g\u0142osowanie nad poprawkami do rezolucji &#8222;\u015awiadomo\u015b\u0107 europejska, a totalitaryzm&#8221;. Poprawki zg\u0142osi\u0142a Hanna Fo\u0142tyn-Kubicka, a ich tre\u015bci\u0105 i celem by\u0142o wpisanie do tekstu rezolucji nazwiska rotmistrza Witolda Pileckiego, oraz ustanowienie dnia 25 maja (data \u015bmierci Rotmistrza z wyroku polskiego rz\u0105du komunistycznego) Dniem [&hellip;]<\/p>\n","protected":false},"author":2,"featured_media":0,"comment_status":"open","ping_status":"open","sticky":false,"template":"","format":"standard","meta":[],"categories":[4],"tags":[],"_links":{"self":[{"href":"https:\/\/sporek.com\/blog\/index.php?rest_route=\/wp\/v2\/posts\/162"}],"collection":[{"href":"https:\/\/sporek.com\/blog\/index.php?rest_route=\/wp\/v2\/posts"}],"about":[{"href":"https:\/\/sporek.com\/blog\/index.php?rest_route=\/wp\/v2\/types\/post"}],"author":[{"embeddable":true,"href":"https:\/\/sporek.com\/blog\/index.php?rest_route=\/wp\/v2\/users\/2"}],"replies":[{"embeddable":true,"href":"https:\/\/sporek.com\/blog\/index.php?rest_route=%2Fwp%2Fv2%2Fcomments&post=162"}],"version-history":[{"count":0,"href":"https:\/\/sporek.com\/blog\/index.php?rest_route=\/wp\/v2\/posts\/162\/revisions"}],"wp:attachment":[{"href":"https:\/\/sporek.com\/blog\/index.php?rest_route=%2Fwp%2Fv2%2Fmedia&parent=162"}],"wp:term":[{"taxonomy":"category","embeddable":true,"href":"https:\/\/sporek.com\/blog\/index.php?rest_route=%2Fwp%2Fv2%2Fcategories&post=162"},{"taxonomy":"post_tag","embeddable":true,"href":"https:\/\/sporek.com\/blog\/index.php?rest_route=%2Fwp%2Fv2%2Ftags&post=162"}],"curies":[{"name":"wp","href":"https:\/\/api.w.org\/{rel}","templated":true}]}}