{"id":163,"date":"2009-04-21T11:49:53","date_gmt":"2009-04-21T15:49:53","guid":{"rendered":"http:\/\/sporek.com\/blog\/?p=163"},"modified":"2009-04-21T12:03:01","modified_gmt":"2009-04-21T16:03:01","slug":"europoslowie2","status":"publish","type":"post","link":"https:\/\/sporek.com\/blog\/?p=163","title":{"rendered":"Europos\u0142owie&#8230;2"},"content":{"rendered":"<p>Nie wiem, czy kto\u015b z Pa\u0144stwa Czytelnik\u00f3w pofatygowa\u0142 si\u0119, by napisa\u0107 do pos\u0142\u00f3w. Ja napisa\u0142em. Do wszystkich, kt\u00f3rych adresy by\u0142y dost\u0119pne: <!--more--><font size=\"2\" face=\"Tahoma\"><strong>From:<\/strong> Janusz [mailto:<a target=\"_blank\" href=\"mailto:jan.sporek@verizon.net\" class=\"parsedEmail\">jan.sporek@verizon.net<\/a>]<br \/>\n<strong>Sent:<\/strong> 18 April 2009 19:29<br \/>\n<strong>To:<\/strong> CZARNECKI Marek Aleksander; PISKORSKI Pawel Bartlomiej; PISKORSKI Pawel Bartlomiej;BUZEK Jerzy; LEWANDOWSKI Janusz; OLBRYCHT Jan; PROTASIEWICZ Jacek; SARYUSZ-WOLSKI Jacek; SIEKIERSKI Czeslaw; ZALESKI Zbigniew; SONIK Boguslaw;\u00a0GERINGER DE OEDENBERG Lidia Joanna; LIBERADZKI Boguslaw; MASIEL Jan Tadeusz<br \/>\n<strong>Subject:<\/strong> Rotmistrz Pilecki<br \/>\n<\/font><\/p>\n<p class=\"MsoNormal\"><font size=\"2\" face=\"Arial\"><span style=\"font-family: Arial\"><font size=\"2\">DLACZEGO PANSTWO GLOSOWALISCI PRZECIWKO? <\/font><\/span><\/font><font size=\"2\" face=\"Arial\"><span style=\"font-family: Arial\"><font size=\"2\">CZY BYLOBY WAS STAC NA TAKIE BOHATERSTWO, JAKIE WYKAZAL ROTMISTRZ PILECKI? <\/font><\/span><\/font><font size=\"2\" face=\"Arial\"><span style=\"font-family: Arial\"><font size=\"2\">MAM NADZIEJE, ZE STAC PANSTWA NA ODPOWIEDZ. CHCE TYLKO WIEDZIEC, CZY TO PRAWDA. <\/font><\/span><\/font><font size=\"2\" face=\"Arial\"><span style=\"font-family: Arial\"><font size=\"2\">Janusz Sporek<\/font><\/span><\/font><\/p>\n<p>Otrzyma\u0142em odpowied\u017a tylko od pos\u0142a Sariusza-Wolskiego:<\/p>\n<table border=\"0\" width=\"100%\" cellPadding=\"0\" cellSpacing=\"0\" id=\"msgViewerHeaders\" class=\"zeroBorder\">\n<tr>\n<th class=\"mvFrom\">From:<\/th>\n<td id=\"msgViewerFrom\" class=\"mvFrom\">SARYUSZ-WOLSKI Jacek &lt;jacek.saryusz-wolski@europarl.europa.eu&gt;<\/td>\n<td align=\"right\" class=\"mvFrom\"><\/td>\n<\/tr>\n<tr>\n<th id=\"msgViewerLabelAttach\" class=\"mvAttach\">Attachments :<\/th>\n<td id=\"msgViewerAttachments\" class=\"mvAttach\"><a href=\"http:\/\/netmail.verizon.net\/webmail\/driver?nimlet=degdownload&amp;uid=jan.sporek%40verizon.net&amp;fn=INBOX&amp;mid=164&amp;partIndex=1&amp;disposition=attachment&amp;rn=40645\">Microsoft Word &#8211; 2009.04.16_DzP_Polskie Westerplatte w Parlamencie Europejskim.pdf <\/a><\/td>\n<\/tr>\n<\/table>\n<p><span class=\"014474811-19042009\"><\/span><span class=\"014474811-19042009\"><\/span><span class=\"014474811-19042009\"><\/span><span class=\"014474811-19042009\"><\/p>\n<p align=\"left\" style=\"margin: 0cm 0cm 0pt; text-align: left\" class=\"MsoNormal\"><font size=\"2\" color=\"#0000ff\" face=\"Arial\"><font size=\"3\">Parlament Europejski, Bruksela<\/font><\/font><\/p>\n<p align=\"left\" style=\"margin: 0cm 0cm 0pt; text-align: left\" class=\"MsoNormal\"><font size=\"2\" color=\"#0000ff\" face=\"Arial\"><font size=\"3\">15 kwietnia 2009<\/font><\/font><\/p>\n<p align=\"center\" style=\"margin: 0cm 0cm 0pt; text-align: center\" class=\"MsoNormal\"><font size=\"2\" color=\"#0000ff\" face=\"Arial\"><strong><font size=\"4\">Komunikat<\/font><\/strong><\/font><\/p>\n<p align=\"center\" style=\"margin: 0cm 0cm 0pt; text-align: center\" class=\"MsoNormal\"><font size=\"2\" color=\"#0000ff\" face=\"Arial\"><em><font size=\"3\">Pos\u0142owie Polskiej Delegacji EPL-ED w Parlamencie Europejskim<\/font><\/em><\/font><\/p>\n<p style=\"margin: 0cm 0cm 0pt\" class=\"MsoNormal\"><font size=\"2\" color=\"#0000ff\" face=\"Arial\"><font size=\"3\">Oczywist\u0105 intencj\u0105 wszystkich pos\u0142\u00f3w Platformy Obywatelskiej i Polskiego Stronnictwa Ludowego w Parlamencie Europejskim by\u0142o i jest uczczenie pami\u0119ci rotmistrza Witolda Pileckiego.<\/font><\/font><\/p>\n<p style=\"margin: 0cm 0cm 0pt\" class=\"MsoNormal\"><font size=\"2\" color=\"#0000ff\" face=\"Arial\"><font size=\"3\">W zwi\u0105zku z b\u0142\u0119dem technicznym, jaki mia\u0142 miejsce podczas g\u0142osowania na ostatniej sesji plenarnej PE (2 kwietnia br.), pos\u0142owie polskiej delegacji EPL-ED dokonali korekty g\u0142osowania, opowiadaj\u0105c si\u0119 za ustanowieniem 25 maja, dzie\u0144 \u015bmierci rotmistrza, dniem Bohater\u00f3w Walki z Totalitaryzmami oraz za podtrzymaniem \u017cywej pami\u0119ci o ludziach takich jak Witold Pilecki.<\/font><\/font><\/p>\n<p>Poni\u017cej &#8222;za\u0142\u0105cznik -Attachment&#8221;:<br \/>\nAktualno\u015bci | \u015awiat\u00a0\u00a0 2009.04.16 \u00a0<br \/>\nPolskie Westerplatte w Parlamencie Europejskim<br \/>\nG\u0141OSOWANIE.<br \/>\nEuropos\u0142owie Platformy Europejskiej zag\u0142osowali przeciwko rezolucji honoruj\u0105cej<br \/>\nrotmistrza Witolda Pileckiego przez pomy\u0142k\u0119. Skorygowali b\u0142\u0105d, ale Porozumienie Organizacji<br \/>\nKombatanckich z Krakowa i tak wzywa, by z\u0142o\u017cyli swe mandaty. W Parlamencie Europejskim przepad\u0142 pomys\u0142, by polski bohater, rotmistrz Pilecki zosta\u0142 patronem Mi\u0119dzynarodowego Dnia Bohater\u00f3w Walki z Totalitaryzmem. O to, by takie \u015bwi\u0119to obchodzono 25 maja, w rocznic\u0119 egzekucji oficera, zabiegali europos\u0142owie PiS, m.in. Hanna Foltyn-Kubicka. Polscy eurodeputowani z innych frakcji zapowiadali, \u017ce &#8211; cho\u0107 wi\u0119kszo\u015b\u0107 przedstawicieli innych kraj\u00f3w nie chce wpisania czyjegokolwiek nazwiska do rezolucji &#8211; popr\u0105 ten wniosek. Ostatecznie jednak kilkudziesi\u0119ciu z nich &#8211; w tym Bogus\u0142aw Sonik, Jerzy Buzek, Janusz Lewandowski czy Jacek Saryusz-Wolski podnie\u015bli r\u0119k\u0119 przeciwko rezolucji.<br \/>\n-Pomyli\u0142em si\u0119. Tego dnia by\u0142y dziesi\u0105tki g\u0142osowa\u0144 &#8211; t\u0142umaczy Janusz Lewandowski. &#8211; Ju\u017c z\u0142o\u017cy\u0142em korekt\u0119 techniczn\u0105 w parlamencie, bo to jest mo\u017cliwe. Pose\u0142 PO zapewnia, \u017ce reprezentanci Platform zamierzali w tym wypadku g\u0142osowa\u0107 wbrew swojej frakcji. &#8211; To mia\u0142o by\u0107 takie polskie Westerplatte, bez nadziei na wygrana &#8211; t\u0142umaczy.<br \/>\nO tym, \u017ce by\u0142a to pomy\u0142ka, zapewni\u0142 nas tak\u017ce Bogus\u0142aw Sonik, kt\u00f3ry w specjalnym wyst\u0105pieniu<br \/>\nprzekonywa\u0142 zreszt\u0105 w Strasburgu do poparcia tej rezolucji. Dlatego wyst\u0105pienie Porozumienia<br \/>\nOrganizacji Kombatanckich i Niepodleg\u0142osciowych w Krakowie oraz dotkliw\u0105 krytyk\u0119 pos\u0142anki Foltyn-Kubickiej uwa\u017ca za niesprawiedliw\u0105. Zw\u0142aszcza \u017ce o pomy\u0142ce j\u0105 poinformowano i o korekt\u0119 g\u0142osowania ju\u017c zadbano.<br \/>\nKompromisowa rezolucja, kt\u00f3ra w Parlamencie Europejskim ostatecznie przesz\u0142a za dzie\u0144 pami\u0119ci ofiar totalitaryzmu uznaje 23 sierpnia, czyli dat\u0119 zawarcia paktu Ribbentrop-Mo\u0142otow. Mimo to pose\u0142 Bogus\u0142aw Sonik zapewnia, \u017ce praca edukacyjna dotycz\u0105ca informowania o rotmistrzu Pileckim nie posz\u0142a na marne. Jego grupa (Europejska Partia Ludowa) za kilka dni wydaje za\u015b ksia\u017ck\u0119 o tym, jak powstawa\u0142 i upada\u0142 komunizm w naszej cz\u0119\u015bci Europy.<br \/>\nWitold Pilecki w latach 1918-1921 s\u0142u\u017cy\u0142 w Wojsku Polskim, walczy\u0142 podczas wojny z bolszewikami, bra\u0142 udzia\u0142 w kampanii wrze\u015bniowej, dzia\u0142a\u0142 w konspiracji. We wrze\u015bniu 1940 r. pozwoli\u0142 aresztowa\u0107 si\u0119 Niemcom, aby dosta\u0107 si\u0119 do Auschwitz i zdoby\u0107 informacje o warunkach panuj\u0105cych w obozie koncentracyjnym. Organizowa\u0142 tam ruch konspiracyjny. W kwietniu 1943 r. uciek\u0142 z obozu wraz z dwoma wsp\u00f3\u0142wi\u0119\u017aniami. Aresztowany w 1947 r. przez komunist\u00f3w, rok p\u00f3\u017aniej skazany na kar\u0119 \u015bmierci i stracony.<br \/>\nEwa \u0141osi\u0144ska\u00a0<\/p>\n<p>Zatem moje pytanie: To co w sumie zmieni\u0142y te &#8222;korekty&#8221;?<\/p>\n<p><\/span><\/p>\n","protected":false},"excerpt":{"rendered":"<p>Nie wiem, czy kto\u015b z Pa\u0144stwa Czytelnik\u00f3w pofatygowa\u0142 si\u0119, by napisa\u0107 do pos\u0142\u00f3w. Ja napisa\u0142em. Do wszystkich, kt\u00f3rych adresy by\u0142y dost\u0119pne:<\/p>\n","protected":false},"author":2,"featured_media":0,"comment_status":"open","ping_status":"open","sticky":false,"template":"","format":"standard","meta":[],"categories":[4],"tags":[],"_links":{"self":[{"href":"https:\/\/sporek.com\/blog\/index.php?rest_route=\/wp\/v2\/posts\/163"}],"collection":[{"href":"https:\/\/sporek.com\/blog\/index.php?rest_route=\/wp\/v2\/posts"}],"about":[{"href":"https:\/\/sporek.com\/blog\/index.php?rest_route=\/wp\/v2\/types\/post"}],"author":[{"embeddable":true,"href":"https:\/\/sporek.com\/blog\/index.php?rest_route=\/wp\/v2\/users\/2"}],"replies":[{"embeddable":true,"href":"https:\/\/sporek.com\/blog\/index.php?rest_route=%2Fwp%2Fv2%2Fcomments&post=163"}],"version-history":[{"count":0,"href":"https:\/\/sporek.com\/blog\/index.php?rest_route=\/wp\/v2\/posts\/163\/revisions"}],"wp:attachment":[{"href":"https:\/\/sporek.com\/blog\/index.php?rest_route=%2Fwp%2Fv2%2Fmedia&parent=163"}],"wp:term":[{"taxonomy":"category","embeddable":true,"href":"https:\/\/sporek.com\/blog\/index.php?rest_route=%2Fwp%2Fv2%2Fcategories&post=163"},{"taxonomy":"post_tag","embeddable":true,"href":"https:\/\/sporek.com\/blog\/index.php?rest_route=%2Fwp%2Fv2%2Ftags&post=163"}],"curies":[{"name":"wp","href":"https:\/\/api.w.org\/{rel}","templated":true}]}}