{"id":164,"date":"2009-04-28T00:28:16","date_gmt":"2009-04-28T04:28:16","guid":{"rendered":"http:\/\/sporek.com\/blog\/?p=164"},"modified":"2009-04-28T00:32:41","modified_gmt":"2009-04-28T04:32:41","slug":"dziwne-przesylki","status":"publish","type":"post","link":"https:\/\/sporek.com\/blog\/?p=164","title":{"rendered":"Dziwne przesy\u0142ki"},"content":{"rendered":"<p>Wygl\u0105da na to, \u017ce kto\u015b znudzi\u0142 si\u0119 &#8222;cisz\u0105 w eterze&#8221;, czy raczej na moim blogu. Wygl\u0105da te\u017c na to, \u017ce kto\u015b du\u017co wie na temat tego, co dzieje si\u0119 i dzia\u0142o w Unii w latach 1999, 2002, 2004, 2005. Oto listonosz przyni\u00f3s\u0142 mi dzisiaj du\u017c\u0105, \u017c\u00f3\u0142t\u0105 kopert\u0119. Adres (m\u00f3j) dok\u0142adnie napisany; adresu Nadawcy brak. <!--more-->\u017badnego listu przewodniego, tylko kopie pism; pewnego prawnika do prezesa Matyszczyka; pewnego, by\u0142ego dyrektora do Rady Dyrektor\u00f3w o pieni\u0105dze; rozliczenia pewnego prawnika za us\u0142ugi po $250 dolar\u00f3w za godzin\u0119 itp. Niezwykle ciekawe materia\u0142y. Tymczasem trwa dziwna polityka obecnej Rady Dyrektor\u00f3w. Otwiera si\u0119 jakie\u015b &#8222;us\u0142ugi&#8221; dla spo\u0142ecze\u0144stwa w Clark obstawiaj\u0105c tam bezrobotn\u0105 cz\u0142onkini\u0119 Rady Dyrektor\u00f3w na stanowisko p\u0142atne (pewnie z pieni\u0119dzy kt\u00f3re przelano, jako &#8222;sk\u0142adki cz\u0142onkowskie&#8221;). M\u00f3wi si\u0119 o jakich\u015b &#8222;us\u0142ugach&#8221; przy Polskim Domu Narodowym, organizowane jest dziwne spotkanie w\u0142a\u015bnie w Domu Narodowym; trwaj\u0105 jakie\u015b kombinacje na temat &#8222;proxy&#8221;, remontuje si\u0119 pomieszczenia przy 126 Greenpoint Avenue&#8230;kto te\u017c tam b\u0119dzie mia\u0142 biura? Co\u015b si\u0119 dzieje&#8230;<br \/>\nA z drugiej strony nie dzieje si\u0119 nic: sk\u0142adki, jak by\u0142y wstrzymane przez prezesa Matyszczyka, tak wstrzymane s\u0105 nadal. Z wywiadu, jaki przeprowadzi\u0142em z V-ce Prezesem Centrum Januszem J\u00f3\u017awiakiem wynika, \u017ce programy dzia\u0142aj\u0105. Teraz musz\u0119 tylko ten wywiad przepisa\u0107, zredagowa\u0107, da\u0107 do autoryzacji i opublikowa\u0107 na blogu. Jest ciekawy. My\u015bl\u0119, \u017ce wielu ludziom otworzy oczy na pewne nieuczciwo\u015bci, kt\u00f3re w kontek\u015bcie &#8222;\u015bwi\u0119tych kr\u00f3w&#8221; polonijnych s\u0105 dramatycznie bolesne z czysto ludzkiego punktu widzenia. My\u015bl\u0119, \u017ce czasem jeste\u015bmy zbiorem ludzkiej z\u0142o\u015bliwo\u015bci, nienawi\u015bci i jednostronnej kampanii, kt\u00f3rej celem jest obsypanie jednego cz\u0142owieka stekiem oszczerstw, k\u0142amstw i i innych pod\u0142o\u015bci. A\u017c si\u0119 dziwi\u0119, \u017ce Janusz J\u00f3\u017awiak, maj\u0105c tyle dokument\u00f3w zadaj\u0105cych k\u0142am owym kalumniom, nie odda\u0142 jeszcze nikogo do s\u0105du. Dziwi mnie te\u017c, \u017ce ci, kt\u00f3rzy tak g\u0142o\u015bno apelowali niegdy\u015b o samolustracj\u0119 Polonii, nawet og\u0142aszali, \u017ce mieli osobiste spotkania w Warszawie, nawo\u0142ywali, by pisa\u0107 wnioski o autolustracj\u0119, krytykowali Kongres Polonii Ameryka\u0144skiej o niezatwierdzenie rezolucji o lustracji Polonii &#8211; dzi\u015b jakby nabrali wody w usta; ani nie m\u00f3wi\u0105, czy z\u0142o\u017cyli takie wnioski, ani, czy otrzymali opini\u0119 z IPN. Nic, &#8211; cisza. Nie mo\u017cemy przecie\u017c przeszkadza\u0107 sobie w balach, nie mo\u017cemy sobie psu\u0107 nastroju. Du\u017co lepiej i \u0142atwiej znale\u017a\u0107 jednego, na kt\u00f3rego mo\u017cna zrzuci\u0107 odium ca\u0142ej naszej przesz\u0142o\u015bci, naszych brud\u00f3w, naszych \u015bwi\u0144stw.<br \/>\nStare, chi\u0144skie powiedzenie m\u00f3wi, \u017ce: &#8222;najcz\u0119\u015bciej krytykujemy innych za te b\u0142\u0119dy, kt\u00f3re my sami pope\u0142niamy&#8221;.<br \/>\nWywiad z Januszem J\u00f3\u017awiakiem chcia\u0142bym opublikowa\u0107 w \u015brod\u0119. Dowiedzia\u0142em si\u0119 o &#8222;mundurze&#8221;, dowiedzia\u0142em si\u0119, jak to z t\u0105 &#8222;sprywatyzowan\u0105&#8221; telewizj\u0105 by\u0142o i jest. Dowiedzia\u0142em si\u0119 te\u017c, co na temat tego cz\u0142owieka mia\u0142 do napisania IPN, zobaczy\u0142em kilka wstrz\u0105saj\u0105cych dokument\u00f3w z austriackiego Czerwonego Krzy\u017ca na temat wi\u0119\u017ania oboz\u00f3w koncentracyjnych o nazwisku Stefan J\u00f3\u017awiak, kt\u00f3remu komuni\u015bci zatruwali \u017cycie po powrocie do kraju. To o ojcu Janusza J\u00f3\u017awiaka. Wywiad z\u00a0 nim, to jeden z najbardziej bulwersuj\u0105cych tekst\u00f3w, jakie kiedykolwiek napisa\u0142em. Bulwersuj\u0105cych w zestawieniu z tym, co rozg\u0142aszano na temat tego cz\u0142owieka.\u00a0 Jestem, by\u0142em i pozostan\u0119 przeciwny kopaniu bli\u017aniego bez konkretnych dowod\u00f3w. Przeciwko kopaniu jestem w og\u00f3le, z za\u0142o\u017cenia, z nienawi\u015bci do przemocy. Nawet je\u015bli by\u0142by to uliczny &#8222;bum&#8221;. Zreszt\u0105, co do &#8222;bum\u00f3w&#8221;, to jest ich conajmniej kilku, kt\u00f3rym prawie codziennie kupuj\u0119 kanapki i kaw\u0119, kt\u00f3rym daj\u0119 ubrania i tak, jak Janusz J\u00f3\u017awiak nie krzycz\u0119 o tym. Zastanawia mnie tylko jedno i to chc\u0119 napisa\u0107 ju\u017c teraz: dlaczego \u017cadne z polonijnych medi\u00f3w nie opublikowa\u0142o za\u015bwiadczenia z IPN, jakie otrzyma\u0142 on po z\u0142o\u017ceniu wniosku o samolustracj\u0119? Wys\u0142a\u0142 ten dokumnet do wszystkich polonijnych gazet. Opublikowa\u0142 tylko \u00f3wczesny miesi\u0119cznik &#8222;Centrum&#8221;.<br \/>\nNa jutro mam jednak zaplanowany inny &#8222;rarytas&#8221;. Ot\u00f3\u017c po moich dw\u00f3ch zaledwie &#8222;monologach&#8221; w US Polsat &#8222;posypa\u0142o&#8221; si\u0119 mn\u00f3stwo telefon\u00f3w. Z rozm\u00f3w z telewidzami powsta\u0142a spora lista pyta\u0144 pod adresem Unii Kredytowej. Okazuje si\u0119, \u017ce ludzie s\u0105 jednak, i to bardzo, zainteresowani losem swoich pieni\u0119dzy i wyciagaj\u0105 prosty wniosek: na &#8222;korzy\u015b\u0107&#8221; Centrum straci\u0107 mog\u0105 zaledwie 10 dolar\u00f3w rocznie, jako sk\u0142adk\u0119; generalna suma wynosi oko\u0142o p\u00f3\u0142 miliona dolar\u00f3w; w Unii mog\u0105 straci\u0107 wi\u0119cej. I to jest cholernie logiczne. Przecie\u017c i tak, cho\u0107by o tzw. d y w i d e n d a c h kolejne rady dyrektor\u00f3w milcz\u0105, jak niemowy, a &#8222;g\u00f3rka&#8221; ro\u015bnie. Wynosi ju\u017c ponad 130 milion\u00f3w dolar\u00f3w. To s\u0105 pieni\u0105dze CZ\u0141ONK\u00d3W, nie Rady Dyrektor\u00f3w.<br \/>\nPS: Prezes Unii Kredytowej, Pan Krzysztof Matyszczyk nie zgodzi\u0142 si\u0119 na rozmow\u0119\u00a0 ze mn\u0105&#8230;cho\u0107 powiedzia\u0142 co\u015b nies\u0142ychanie oryginalnego: <em><strong>&#8222;ka\u017cdy cz\u0142onek Unii Kredytowej mo\u017ce do mnie przyj\u015b\u0107 i zada\u0107 swoje pytania&#8221;.<br \/>\n<\/strong><\/em>Jaka\u015b dziwna sra g\u0142\u00f3w, przepraszam &#8211; gra s\u0142\u00f3w; &#8211; przecie\u017c ja jestem cz\u0142onkiem Unii Kredytowej i to od 1986 roku, &#8211; 23 lata!-Hallo&#8230;?<\/p>\n","protected":false},"excerpt":{"rendered":"<p>Wygl\u0105da na to, \u017ce kto\u015b znudzi\u0142 si\u0119 &#8222;cisz\u0105 w eterze&#8221;, czy raczej na moim blogu. Wygl\u0105da te\u017c na to, \u017ce kto\u015b du\u017co wie na temat tego, co dzieje si\u0119 i dzia\u0142o w Unii w latach 1999, 2002, 2004, 2005. Oto listonosz przyni\u00f3s\u0142 mi dzisiaj du\u017c\u0105, \u017c\u00f3\u0142t\u0105 kopert\u0119. Adres (m\u00f3j) dok\u0142adnie napisany; adresu Nadawcy brak.<\/p>\n","protected":false},"author":2,"featured_media":0,"comment_status":"open","ping_status":"open","sticky":false,"template":"","format":"standard","meta":[],"categories":[3],"tags":[],"_links":{"self":[{"href":"https:\/\/sporek.com\/blog\/index.php?rest_route=\/wp\/v2\/posts\/164"}],"collection":[{"href":"https:\/\/sporek.com\/blog\/index.php?rest_route=\/wp\/v2\/posts"}],"about":[{"href":"https:\/\/sporek.com\/blog\/index.php?rest_route=\/wp\/v2\/types\/post"}],"author":[{"embeddable":true,"href":"https:\/\/sporek.com\/blog\/index.php?rest_route=\/wp\/v2\/users\/2"}],"replies":[{"embeddable":true,"href":"https:\/\/sporek.com\/blog\/index.php?rest_route=%2Fwp%2Fv2%2Fcomments&post=164"}],"version-history":[{"count":0,"href":"https:\/\/sporek.com\/blog\/index.php?rest_route=\/wp\/v2\/posts\/164\/revisions"}],"wp:attachment":[{"href":"https:\/\/sporek.com\/blog\/index.php?rest_route=%2Fwp%2Fv2%2Fmedia&parent=164"}],"wp:term":[{"taxonomy":"category","embeddable":true,"href":"https:\/\/sporek.com\/blog\/index.php?rest_route=%2Fwp%2Fv2%2Fcategories&post=164"},{"taxonomy":"post_tag","embeddable":true,"href":"https:\/\/sporek.com\/blog\/index.php?rest_route=%2Fwp%2Fv2%2Ftags&post=164"}],"curies":[{"name":"wp","href":"https:\/\/api.w.org\/{rel}","templated":true}]}}