{"id":165,"date":"2009-04-29T02:04:39","date_gmt":"2009-04-29T06:04:39","guid":{"rendered":"http:\/\/sporek.com\/blog\/?p=165"},"modified":"2009-04-29T02:28:18","modified_gmt":"2009-04-29T06:28:18","slug":"pytania-czlonkow","status":"publish","type":"post","link":"https:\/\/sporek.com\/blog\/?p=165","title":{"rendered":"Pytania Cz\u0142onk\u00f3w"},"content":{"rendered":"<p style=\"text-align: left\" class=\"MsoNormal\">Jutro wywiad z Januszem J\u00f3\u017awiakiem, &#8211; dzi\u015b to, o co prosili Cz\u0142onkowie w rozmowach telefonicznych. Jest to jednocze\u015bnie apel o rozwi\u0105zanie impasu pomi\u0119dzy dwoma wiod\u0105cymi organizacjami polonijnymi w Nowym Jorku. Pytania Cz\u0142onk\u00f3w po pierwsze wskazuj\u0105 na ogromne zainteresowanie problemem, po drugie daj\u0105 \u015bwiadectwo, \u017ce nie zapomnieli oni ani &#8222;konserwy&#8221;, ani obietnic P. Matyszczyka o &#8222;otwarto\u015bci&#8221;, &#8222;lojalno\u015bci&#8221; etc.<\/p>\n<p style=\"text-align: left\" class=\"MsoNormal\">Przy okazji: bardzo prosz\u0119 wszystkich, kt\u00f3rzy do mnie dzwoni\u0105, aby nie z\u0142o\u015bcili si\u0119 na mnie, \u017ce prosz\u0119 o jak najtre\u015bciwsz\u0105 wypowied\u017a. Moim podstawowym zaj\u0119ciem jest jednak praca dydaktyczna z m\u0142odzie\u017c\u0105. Teraz dochodzi do tego organizacja koncertu jubileuszowego, pr\u00f3by ch\u00f3ru, pr\u00f3by z orkiestr\u0105 w Maryland, pr\u00f3by z ch\u00f3rem Katedry \u015aw. Patryka, no i najtrudniejsza rzecz: zbieranie funduszy. Dlatego b\u0119d\u0119 wdzi\u0119czny za zrozumienie mojej pro\u015bby o minimalizowanie czasu, jaki musz\u0119 sp\u0119dzi\u0107 przy telefonie. Wprawdzie doba ma 24, ale od czasu, do czasu chcia\u0142bym si\u0119 wyspa\u0107.<!--more--><\/p>\n<p style=\"text-align: left\" class=\"MsoNormal\"><strong>Pytania Cz\u0142onk\u00f3w Polsko \u2013 S\u0142owia\u0144skiej Federalnej Unii Kredytowej do zarz\u0105du P-SFUK i przewodnicz\u0105cego Rady Dyrektor\u00f3w pana <\/strong><strong>Krzysztofa Matyszczyka<\/strong><\/p>\n<p style=\"text-align: left\" class=\"MsoNormal\">1. Dlaczego pan Matyszczyk i pi\u0119ciu innych dyrektor\u00f3w Unii (Szalyga, Kajewska-Pielarz, Baumgartner, Sawczuk, W\u0105do\u0142owska) s\u0105 przeciwni wyp\u0142aceniu sk\u0142adek cz\u0142onkowskich na rzecz Centrum Polsko &#8211; S\u0142owia\u0144skiego?<\/p>\n<p style=\"text-align: left\" class=\"MsoNormal\">2. Czy w\u0142adze Unii Kredytowej maj\u0105 \u015bwiadomo\u015b\u0107, \u017ce bez wyp\u0142acenia sk\u0142adek Cz\u0142onkowskich Centrum Polsko \u2013 S\u0142owia\u0144skie nie mo\u017ce normalnie funkcjonowa\u0107?<\/p>\n<p style=\"text-align: left\" class=\"MsoNormal\">3. Je\u015bli Unia Kredytowa zerwa\u0142a kontrakt z Centrum Polsko \u2013 S\u0142owia\u0144skim w roku 2003 to dlaczego do dnia dzisiejszego nie przedstawiono Cz\u0142onkom dokumentu informuj\u0105cego Centrum o zerwaniu kontraktu? Skoro kontrakt zosta\u0142 zerwany w roku 2003 to na jakiej zasadzie wyp\u0142acano sk\u0142adki cz\u0142onkowskie na rzecz Centrum za rok 2004, 2005, 2006 i 2007?<\/p>\n<p style=\"text-align: left\" class=\"MsoNormal\">4. Ile kosztowa\u0142y\u00a0 Cz\u0142onk\u00f3w Unii procesy s\u0105dowe\u00a0 wytoczone panu Krzysztofowi Matyszczykowi i pani Kajewskiej &#8211; Pielarz przez Roberta Wi\u015bniewskiego. Czy prawd\u0105 jest, \u017ce Unia Kredytowa zap\u0142aci\u0142a kilkaset tysi\u0119cy dolar\u00f3w?<\/p>\n<p style=\"text-align: left\" class=\"MsoNormal\">5. Jakie by\u0142y podstawy zwolnienia z funkcji dyrektora Unii Kredytowej pani Krystyny Myssury? Dlaczego Unia nie poinformowa\u0142a o tym Cz\u0142onk\u00f3w Unii? Jak pan Matyszczyk komentuje fakt, \u017ce w\u0142adze federalne (NCUA) uzna\u0142y zwolnienie Krystyny Myssury z zajmowanego stanowiska za nielegalne? Jaki ma sens wyrzucanie tysi\u0119cy dolar\u00f3w na procesowanie si\u0119 z Krystyn\u0105 Myssur\u0105 w sytuacji gdy jej wyrzucenie jest nielegalne?<\/p>\n<p style=\"text-align: left\" class=\"MsoNormal\">6. Czy przyj\u0119cie w grono sponsor\u00f3w Unii Centrali Szk\u00f3\u0142 Dokszta\u0142caj\u0105cych ma jakikolwiek sens skoro zrzesza ona tylko szko\u0142y a nie indywidualnych cz\u0142onk\u00f3w?<\/p>\n<p style=\"text-align: left\" class=\"MsoNormal\">7. W roku 1999 pan Matyszczyk pod pozorem zbierania funduszy na proces s\u0105dowy wytoczony w\u0142adzom federalnym przez wyrzuconych przez NCUA dyrektor\u00f3w Unii zebra\u0142 od kilkunastu os\u00f3b \u2013 Cz\u0142onk\u00f3w Unii &#8211; w sumie ponad 60 tysi\u0119cy dolar\u00f3w wp\u0142aconych na jego prywatne konto. Kiedy pan Matyszczyk zgodnie z dawan\u0105 w\u00f3wczas obietnic\u0105 odda powierzone mu w\u00f3wczas pieni\u0105dze? Jest to pytanie o tyle wa\u017cne, \u017ce kwoty \u201epo\u017cyczone\u201d panu Matyszczykowi wynosi\u0142y w indywidualnych przypadkach nawet od 5 do 10 tysi\u0119cy dolar\u00f3w.<\/p>\n<p style=\"text-align: left\" class=\"MsoNormal\">8. Czy prawd\u0105 jest, \u017ce obecny adwokat Unii Kredytowej Pan Sosnowski jest dobrym koleg\u0105 Pana Krzysztofa Matyszczyka i mimo braku licencji upowa\u017cniaj\u0105cej go do praktykowania prawa na terenie stanu Nowy Jork i New Jersey kieruje sprawami prawnymi Unii?<\/p>\n<p style=\"text-align: left\" class=\"MsoNormal\">9. W zwi\u0105zku z licznymi procesami, w kt\u00f3re uwik\u0142ana jest Unia Kredytowa do ka\u017cdej sprawy s\u0105dowej wynajmowany jest adwokat, kt\u00f3remu p\u0142aci si\u0119 dziesi\u0105tki tysi\u0119cy dolar\u00f3w, bo pan Sosnowski nie posiadaj\u0105c licencji nie mo\u017ce wyst\u0119powa\u0107 w s\u0105dzie? Ile konretnie zap\u0142aci\u0142a dotychczas Unia za zast\u0119powanie pana Sosnowskiego w s\u0105dach specjalnie wynajmowanymi adwokatami?<\/p>\n<p style=\"text-align: left\" class=\"MsoNormal\">10. Czy przyjmuj\u0105c do pracy pana Sosnowskiego rozwa\u017cano tak\u017ce kandydatury innych adwokat\u00f3w maj\u0105cych odpowiednie kwalifikacje i posiadaj\u0105cych odpowiednie licencje potrzebne do wykonywania tego zawodu na terenie Nowego Jorku? Je\u017celi byli inni kandydaci to dlaczego ich nie zatrudniono?<\/p>\n<p style=\"text-align: left\" class=\"MsoNormal\">11. Ile Unia Kredytowa ka\u017cdorazowo p\u0142aci pani Bo\u017cenie Kajewskiej-Pielarz za przylot z Florydy, gdzie mieszka, na zebrania do Nowego Jorku? Czy Pani Kajewskiej-Pielarz jako przewodnicz\u0105cej komisji stypendialnej tak\u017ce b\u0119d\u0105 zwracane koszty zwi\u0105zane z przylotami do Nowego Jorku i wynajmowaniem tutaj taks\u00f3wek? Czy nie pro\u015bciej i taniej by\u0142oby powo\u0142a\u0107 na przewodnicz\u0105cego komisji stypendialnej kt\u00f3rego\u015b z dyrektor\u00f3w, mieszkaj\u0105cych w Nowym Jorku?<\/p>\n<p style=\"text-align: left\" class=\"MsoNormal\">12.<span style=\"font-weight: normal; font-style: normal; font-family: 'Times New Roman'\"><font size=\"1\">\u00a0 <\/font><\/span>Dlaczego cz\u0119\u015b\u0107 medi\u00f3w jest ca\u0142kowicie wy\u0142\u0105czona z zamieszczania reklam Unii Kredytowej? Czy tylko media \u201epokorne\u201d Wobec Unii mog\u0105 liczy\u0107 na jej reklamy?<\/p>\n<p style=\"text-align: left\" class=\"MsoNormal\">13. Czy \u201ewyka\u0144czanie\u201d Centrum i pr\u00f3ba wprowadzenia tam w\u0142asnych wiernych, biernych ale miernych koleg\u00f3w i kole\u017canek nie jest pierwszym krokiem prowadz\u0105cym do prywatyzacji Unii?\u00a0 Kto mo\u017ce powstrzyma\u0107 prywatyzacj\u0119 Unii gdy Centrum zostanie obsadzone w\u0142asnymi kolegami pana Matyszczyka, kt\u00f3rzy od lat kr\u0119c\u0105 si\u0119 wok\u00f3\u0142 obu tych organizacji i w dodatku ka\u017cdy z nich w przesz\u0142o\u015bci zasiada\u0142 lub obecnie zasiada we w\u0142adzach Unii Kredytowej?<\/p>\n<p style=\"text-align: left\" class=\"MsoNormal\">14.<span style=\"font-weight: normal; font-style: normal; font-family: 'Times New Roman'\"><font size=\"1\">\u00a0 <\/font><\/span>Ile zarabia pan Chmielewski? Skoro znamy zarobki dyrektora wykonawczego Centrum, to mamy pe\u0142ne prawo wiedzie\u0107 ile zarabia dyrektor wykonawczy Unii op\u0142acany z pieni\u0119dzy cz\u0142onkowskich.<\/p>\n<p style=\"text-align: left\" class=\"MsoNormal\">15.<span style=\"font-weight: normal; font-style: normal; font-family: 'Times New Roman'\"><font size=\"1\">\u00a0 <\/font><\/span>Dlaczego w tym roku nie ma jeszcze \u017cadnych informacji dotycz\u0105cych zwo\u0142ania zebrania rocznego? Czy chodzi o to, aby dyrektorzy startuj\u0105cy do wybor\u00f3w w tym roku i lojalni wobec p. Matyszczyka: John Szalyga, El\u017cbieta Baumgartner, Bo\u017cena Kajewska \u2013 Pielarz \u2013 mogli sobie maksymalnie d\u0142ugo porz\u0105dzi\u0107 zapewniaj\u0105c p. Matyszczykowi wi\u0119kszo\u015b\u0107 w trakcie g\u0142osowa\u0144? \u00a0A mo\u017ce Unia prze\u017cywa problemy organizacyjne lub finansowe? Czy tego typu \u201eprzed\u0142u\u017canie kadencji\u201d nie jest zwi\u0105zane z przygotowaniami do sprywatyzowania Unii i zamienienia jej w prywatny bank typu \u201eLoan and Saving\u201d.<\/p>\n<p style=\"text-align: left\" class=\"MsoNormal\">Polonia oczekuje szczeg\u00f3\u0142owych odpowiedzi na powy\u017csze pytania, jak r\u00f3wnie\u017c \u017c\u0105da przedstawienia szczeg\u00f3\u0142owego rozliczenia dochod\u00f3w i wydatk\u00f3w Unii Kredytowej za rok 2008 i 2009.<\/p>\n<p style=\"text-align: left\" class=\"MsoNormal\">&nbsp;<\/p>\n<p style=\"text-align: left\" class=\"MsoNormal\">&nbsp;<\/p>\n<p style=\"text-align: left\">&nbsp;<\/p>\n","protected":false},"excerpt":{"rendered":"<p>Jutro wywiad z Januszem J\u00f3\u017awiakiem, &#8211; dzi\u015b to, o co prosili Cz\u0142onkowie w rozmowach telefonicznych. Jest to jednocze\u015bnie apel o rozwi\u0105zanie impasu pomi\u0119dzy dwoma wiod\u0105cymi organizacjami polonijnymi w Nowym Jorku. Pytania Cz\u0142onk\u00f3w po pierwsze wskazuj\u0105 na ogromne zainteresowanie problemem, po drugie daj\u0105 \u015bwiadectwo, \u017ce nie zapomnieli oni ani &#8222;konserwy&#8221;, ani obietnic P. Matyszczyka o &#8222;otwarto\u015bci&#8221;, [&hellip;]<\/p>\n","protected":false},"author":2,"featured_media":0,"comment_status":"open","ping_status":"open","sticky":false,"template":"","format":"standard","meta":[],"categories":[3],"tags":[],"_links":{"self":[{"href":"https:\/\/sporek.com\/blog\/index.php?rest_route=\/wp\/v2\/posts\/165"}],"collection":[{"href":"https:\/\/sporek.com\/blog\/index.php?rest_route=\/wp\/v2\/posts"}],"about":[{"href":"https:\/\/sporek.com\/blog\/index.php?rest_route=\/wp\/v2\/types\/post"}],"author":[{"embeddable":true,"href":"https:\/\/sporek.com\/blog\/index.php?rest_route=\/wp\/v2\/users\/2"}],"replies":[{"embeddable":true,"href":"https:\/\/sporek.com\/blog\/index.php?rest_route=%2Fwp%2Fv2%2Fcomments&post=165"}],"version-history":[{"count":0,"href":"https:\/\/sporek.com\/blog\/index.php?rest_route=\/wp\/v2\/posts\/165\/revisions"}],"wp:attachment":[{"href":"https:\/\/sporek.com\/blog\/index.php?rest_route=%2Fwp%2Fv2%2Fmedia&parent=165"}],"wp:term":[{"taxonomy":"category","embeddable":true,"href":"https:\/\/sporek.com\/blog\/index.php?rest_route=%2Fwp%2Fv2%2Fcategories&post=165"},{"taxonomy":"post_tag","embeddable":true,"href":"https:\/\/sporek.com\/blog\/index.php?rest_route=%2Fwp%2Fv2%2Ftags&post=165"}],"curies":[{"name":"wp","href":"https:\/\/api.w.org\/{rel}","templated":true}]}}