{"id":176,"date":"2009-06-05T07:00:15","date_gmt":"2009-06-05T11:00:15","guid":{"rendered":"http:\/\/sporek.com\/blog\/?p=176"},"modified":"2009-06-19T16:33:04","modified_gmt":"2009-06-19T20:33:04","slug":"pranie-mozgow","status":"publish","type":"post","link":"https:\/\/sporek.com\/blog\/?p=176","title":{"rendered":"Pranie m\u00f3zg\u00f3w"},"content":{"rendered":"<p>Nie wiem, komu to by\u0142o potrzebne i czemu to mia\u0142o s\u0142u\u017cy\u0107. Oto dyrektorom bior\u0105cym udzia\u0142 w zje\u017adzie dyrektor\u00f3w Kongresu Polonii Ameryka\u0144skiej w Chicago, pracownik Polsko-S\u0142owia\u0144skiej Federalnej Unii Kredytowej z Nowego Jorku rozdaje pieczo\u0142owicie przygotowane foldery. A co w tych pieczo\u0142owicie przygotowanych folderach?<!--more--><br \/>\n1-Protok\u00f3\u0142 ze s\u0142ynnego zebrania lider\u00f3w Polonii, z dnia 6 lutego br.<br \/>\n2-Wykaz 19-tu spraw s\u0105dowych, &#8222;z udzia\u0142em, albo B. Kami\u0144skiej, A. Kami\u0144skiego, J. J\u00f3\u017awiaka, W. Mleczko, albo Centum Polsko-S\u0142owia\u0144skiego&#8221;.<br \/>\n3-Lista os\u00f3b, kt\u00f3re by\u0142y s\u0105dzone, lub pokrzywdzone na skutek dzia\u0142a\u0144 CP-S.<br \/>\n4-Formularz &#8222;Skarg&#8221; Biura Prawnego stanu Nowy Jork.<br \/>\n5-Kopia strony Internetowej &#8222;Youtube.com&#8221; na kt\u00f3rej (podobno s\u0105 fragmenty zebrania Centrum Polsko-S\u0142owia\u0144skiego z dnia 8 marca br. Pomijam fakt, \u017ce trzeba by\u0142o prawdopodobnie zatrudni\u0107 kogo\u015b na d\u0142ugie godziny, aby te foldery przygotowa\u0107 (23 strony; kopiowanie, uk\u0142adanie, skladanie, a wreszcie kompletowanie w foli\u0119, oprawk\u0119 itp.) \u017cadn\u0105 miar\u0105 nie potrafi\u0119 sobie wyt\u0142umaczy\u0107 po co kolportowano te &#8222;broszury&#8221; po\u015br\u00f3d dyrektor\u00f3w, kt\u00f3rzy przyjechali z ca\u0142ych Stan\u00f3w. Czy dyrektorzy KPA b\u0119d\u0105 proszeni o jak\u0105\u015b interwencj\u0119, czy b\u0119d\u0105 namawiani do jakiej\u015b akcji? Czy ta polsko-polska nagonka ma jakie\u015b racjonalne wyt\u0142umaczenie?<br \/>\nPrzejrza\u0142em wszystkie 19 spraw s\u0105dowych. Nie ma tam ani jednej sprawy, kt\u00f3r\u0105 komukolwiek wytoczy\u0142o Centrum Polsko-S\u0142owia\u0144skie. Je\u015bli Rada Dyrektor\u00f3w postanowi\u0142a walczy\u0107 z Bo\u017cen\u0105 Kami\u0144sk\u0105 kosztem cz\u0142onkowskich pieni\u0119dzy, kosztem w\u0142asnego autorytetu, kosztem og\u00f3lno-ameryka\u0144skiego wyg\u0142upu, to chyba przede wszystkim trzeba co\u015b zrobi\u0107 z t\u0105 w\u0142a\u015bnie rad\u0105.<br \/>\nO ile zebranie lider\u00f3w 6 lutego by\u0142o zebraniem zamkni\u0119tym, na kt\u00f3re dyrektorzy Centrum nie mieli prawa wst\u0119pu (nie zostali zaproszeni) &#8211; ni\u017cej podpisanemu cofni\u0119to &#8222;wej\u015bci\u00f3wk\u0119&#8221; w postaci nic niewartego s\u0142owa prezesa Matyszczyka w ostatniej chwili, po prostu przed drzwiami, o tyle zebranie Centrum, 8 marca by\u0142o otwarte, og\u0142oszone w prasie, radiu i telewizji a rada dyrektor\u00f3w Unii Kredytowej zaproszona by\u0142a w komplecie, cho\u0107 nie w komplecie by\u0142a obecna. &#8222;Autor&#8221; broszury bardzo chce, aby wszyscy sobie obejrzeli otwarto\u015b\u0107 dyskusji w Centrum, co w kontek\u015bcie tajemniczego, zamkni\u0119tego zebrania &#8222;lider\u00f3w&#8221; stawia demokracj\u0119 w Centrum na wysoko\u015bci wie\u017cy telewizyjnej na Empire State Building, za\u015b demokracj\u0119 w Unii sprowadza do poziomu basementu. Dyrektorzy Kongresu maj\u0105 jednak olej w g\u0142owie i&#8230;kt\u00f3ry\u015b z nich wys\u0142a\u0142 mi folder.<br \/>\nPranie m\u00f3zg\u00f3w dyrektor\u00f3w KPA osi\u0105ga swoje apogeum w &#8222;skromnym&#8221;, ostatnim zdaniu dopisanym pod &#8222;protoko\u0142em z 6 lutego&#8221;. Dopisane chyba w chwili &#8222;tworzenia&#8221; tego foldera.<br \/>\nZdanie to brzmi: &#8222;Currently PSC has closed its door to the majority of its programs, we can not allow another prospect hall to happen, and we must unite and help save the center&#8221;<br \/>\nCo w lu\u017anym t\u0142umaczeniu znaczy: &#8222;W chwili obecnej CPS zamkn\u0119\u0142o swoje drzwi dla wi\u0119kszo\u015bci program\u00f3w, nie mo\u017cemy pozwoli\u0107, aby wydarzy\u0142 si\u0119 kolejny prospect hall i musimy si\u0119 zjednoczy\u0107, by pom\u00f3c ocali\u0107 Centrum&#8221; (chyba powinno by\u0107 z du\u017cej litery).<br \/>\nZdaje si\u0119, \u017ce chodzi o Prospect Hall, przy Prospect Parkway, na Brooklynie, kt\u00f3ry niegdy\u015b by\u0142 w\u0142asno\u015bci\u0105 Polonii, ale ju\u017c nie jest &#8211; pisa\u0142em o tym.<br \/>\nAle to zdanie jest kompletnym k\u0142amstwem &#8211; przecie\u017c, wszystkie programy wr\u00f3ci\u0142y i dzia\u0142aj\u0105. Nie dzia\u0142aj\u0105 jedynie te, kt\u00f3rym lokale odebra\u0142a Unia Kredytowa, czyli na Ridgewood i w New Jersey.<br \/>\nPodobnie jest z informacj\u0105, \u017ce panowie Matrejek i Brzozowski z\u0142ozyli swoje podpisy pod jak\u0105\u015b tam deklaracj\u0105. Przecie\u017c oni te podpisy uniewa\u017cnili, o\u015bwiadczaj\u0105c, \u017ce byli do ich z\u0142o\u017cenia przymuszeni. Pan Brzozowski nadal piastuje t\u0119 sam\u0105 funkcj\u0119, a pan Matrejek zrezygnowa\u0142, ale sam, nikt go do tego nie zmusza\u0142.<br \/>\nNo, i prosz\u0119 &#8211; tym razem rada dyrektor\u00f3w zwraca si\u0119 do dyrektor\u00f3w Kongresu Polonii Ameryka\u0144skiej. Ciekaw jestem, czy dyrektor np. z San Francisco, albo Detroit wie, co to jest CPS, Prospect Hall i za\u0142\u00f3\u017cmy &#8222;komisja koordynacji dzia\u0142alno\u015bci Centrum&#8221;?, (o kt\u00f3rej mowa w protokole z 6 lutego).<br \/>\nA propos: Czy owa &#8222;komisja&#8221; zrobi\u0142a co\u015b, aby &#8222;ocali\u0107&#8221; Centrum? O ile wiem, \u017caden z jej cz\u0142onk\u00f3w nie zjawi\u0142 si\u0119 tam nawet. A czy kt\u00f3ry\u015b z lider\u00f3w udost\u0119pni\u0142 jakie\u015b pomieszczenia na &#8222;ratowanie&#8221; zawieszonych program\u00f3w &#8211; co tak szumnie og\u0142oszone jest w &#8222;protokole z 6 lutego&#8221;? Te\u017c nie. To co to za liderzy? Tylko na spotkania przy kawce, kanapeczkach i sodach?<br \/>\nAle jest nadzieja, \u017ce przyleci kto\u015b z Florydy, Ohio, albo innego Michigan&#8230;<br \/>\nA po co ten &#8222;formularz skarg&#8221;? Czy\u017cby pro\u015bba o donosy? Porowokacja do sk\u0142adania za\u017cale\u0144 w biurze stanowym? Jak szeroko ma si\u0119 rozci\u0105gn\u0105\u0107 konflikt polsko-polski?<br \/>\nDziwna ta &#8222;serdeczna troska&#8221; rady dyrektor\u00f3w Unii o losy Centrum, tym dziwniejsza, \u017ce w kompletnej stoi sprzeczno\u015bci z decyzj\u0105 o wstrzymaniu sk\u0142adek c\u017c\u0142onkowskich.<br \/>\nOt, taka \u015bmieszna konkluzja. Jak\u017ce pasuje do opinii wielkiego Gustawa Holoubka na temat polskiej polityki. (odsy\u0142am do artyku\u0142u &#8222;Debat-tratatata&#8221; &#8211; poni\u017cej). Zapyta\u0142em Pana Krzysztofa, czy wie co\u015b o akcji w Chicago? O\u015bwiadczy\u0142, \u017ce nic mu nie wiadomo o \u017cadnych materia\u0142ach kolportowanych przez kogo\u015b z Unii. No, c\u00f3\u017c, miesi\u0105c temu jego pierwsza odpowied\u017a na moje pytanie, czy to prawda, \u017ce walne zebranie odb\u0119dzie si\u0119 w dzie\u0144 mojego koncertu jubileuszowego by\u0142a taka\u017c sama: &#8222;nic mi o tym nie wiadomo&#8221; &#8211; okaza\u0142o si\u0119, \u017ce tak dok\u0142adnie jest (pozostawiam bez komentarza). A ja akurat znam nawet nazwisko owego jegomo\u015bcia; bardzo podw\u0142adny prezesowi. Czy\u017cby jaka\u015b niesubordynacja i dzia\u0142anie poza plecami? Nie wie lewica, co robi prawica? A mo\u017ce \u00f3w jegomo\u015b\u0107 chcia\u0142 po prostu zrobi\u0107 prezesowi &#8222;ku-ku&#8221;?<br \/>\nBy\u0142o \u017ale, jest \u017cle. Poza tym zrobi\u0142o si\u0119 \u015aMIESZNIE.<br \/>\nNa koniec bardzo powa\u017cne pytanie do Prezesa Rady Dyrektor\u00f3w Unii Kredytowej: Prosz\u0119 ujawni\u0107 ile pieni\u0119dzy przelano do Fundacji Kulturalnej w Clark i dlaczego tak du\u017co i na jakiej podstawie, je\u015bli chodzi o liczb\u0119 cz\u0142onk\u00f3w?<\/p>\n","protected":false},"excerpt":{"rendered":"<p>Nie wiem, komu to by\u0142o potrzebne i czemu to mia\u0142o s\u0142u\u017cy\u0107. Oto dyrektorom bior\u0105cym udzia\u0142 w zje\u017adzie dyrektor\u00f3w Kongresu Polonii Ameryka\u0144skiej w Chicago, pracownik Polsko-S\u0142owia\u0144skiej Federalnej Unii Kredytowej z Nowego Jorku rozdaje pieczo\u0142owicie przygotowane foldery. A co w tych pieczo\u0142owicie przygotowanych folderach?<\/p>\n","protected":false},"author":2,"featured_media":0,"comment_status":"open","ping_status":"open","sticky":false,"template":"","format":"standard","meta":[],"categories":[1],"tags":[],"_links":{"self":[{"href":"https:\/\/sporek.com\/blog\/index.php?rest_route=\/wp\/v2\/posts\/176"}],"collection":[{"href":"https:\/\/sporek.com\/blog\/index.php?rest_route=\/wp\/v2\/posts"}],"about":[{"href":"https:\/\/sporek.com\/blog\/index.php?rest_route=\/wp\/v2\/types\/post"}],"author":[{"embeddable":true,"href":"https:\/\/sporek.com\/blog\/index.php?rest_route=\/wp\/v2\/users\/2"}],"replies":[{"embeddable":true,"href":"https:\/\/sporek.com\/blog\/index.php?rest_route=%2Fwp%2Fv2%2Fcomments&post=176"}],"version-history":[{"count":0,"href":"https:\/\/sporek.com\/blog\/index.php?rest_route=\/wp\/v2\/posts\/176\/revisions"}],"wp:attachment":[{"href":"https:\/\/sporek.com\/blog\/index.php?rest_route=%2Fwp%2Fv2%2Fmedia&parent=176"}],"wp:term":[{"taxonomy":"category","embeddable":true,"href":"https:\/\/sporek.com\/blog\/index.php?rest_route=%2Fwp%2Fv2%2Fcategories&post=176"},{"taxonomy":"post_tag","embeddable":true,"href":"https:\/\/sporek.com\/blog\/index.php?rest_route=%2Fwp%2Fv2%2Ftags&post=176"}],"curies":[{"name":"wp","href":"https:\/\/api.w.org\/{rel}","templated":true}]}}