{"id":177,"date":"2009-06-06T01:35:46","date_gmt":"2009-06-06T05:35:46","guid":{"rendered":"http:\/\/sporek.com\/blog\/?p=177"},"modified":"2009-06-19T16:29:12","modified_gmt":"2009-06-19T20:29:12","slug":"20-lat-wolnosci","status":"publish","type":"post","link":"https:\/\/sporek.com\/blog\/?p=177","title":{"rendered":"20 lat wolno\u015bci"},"content":{"rendered":"<p>Ka\u017cdy postronny (z innego kraju) cz\u0142owiek m\u00f3g\u0142by powiedzie\u0107: ej, Polacy, cieszcie si\u0119, \u017ce macie wolno\u015b\u0107, \u017ce wyci\u0105gn\u0119li\u015bcie siebie spod sowieckiego buta itd, itp. I oczywi\u015bcie mia\u0142by racj\u0119. Nikt nie wymaga od postronnych narod\u00f3w, aby wnika\u0142y w to, co sta\u0142o si\u0119 w Polsce w ci\u0105gu owych 20 lat wolno\u015bci, ale my, Polacy powinni\u015bmy te lata przeanalizowa\u0107 i wyci\u0105gn\u0105\u0107 wnioski.<!--more-->\u00a0Wczorajsze &#8211; 4 czerwca, 2009 &#8211; spotkanie w Konsulacie Genralnym RP, na Manhattanie pokaza\u0142o, \u017ce zar\u00f3wno przedstawiciele rz\u0105du polskiego-dyplomaci tej plac\u00f3wki z jej szefem, Krzysztofem Kasprzykiem-, jak i zebrani przedstawiciele Polonii wznie\u015bli si\u0119 wy\u017cej, ni\u017c politycy w naszej ojczy\u017anie:<strong> byli\u015bmy razem<\/strong>.<br \/>\nCzy aby na pewno? Z grupy LIDER\u00d3W spotka\u0142em tylko Franka Milewskiego, prezesa nowojorskiego oddzia\u0142u Kongresu Polonii Ameryka\u0144skiej. Chyba ani jednego z owych lider\u00f3w, przedstawionych publicznie przez Uni\u0119 Kredytow\u0105, po s\u0142awetnym zebraniu 6 lutego. Pisz\u0119 &#8222;chyba&#8221;, bo przyznam, \u017ce z owej listy nie znam conajmniej kilku i to zar\u00f3wno, jako ludzi, jak te\u017c i jako &#8222;dzia\u0142aczy&#8221;. Nie widzia\u0142em nikogo z Komitetu Parady Pu\u0142askiego, z Pu\u0142aski Association, ani z \u017cadnej innej, g\u0142o\u015bno si\u0119 reklamuj\u0105cej organizacji polonijnej, w tym Centrum Polsko-S\u0142owia\u0144skiego i Unii Kredytowej.<br \/>\nCzy\u017cby sprawy polskie nie by\u0142y w kr\u0119gu ich zainteresowa\u0144? A mo\u017ce wyszli z tego samego za\u0142o\u017cenia, co politycy w Polsce; nie b\u0119dziemy \u015bwi\u0119towa\u0107 razem?<br \/>\nJe\u015bli tak, to g\u0142upio wysz\u0142o, bo spotkanie w Konsulacie sta\u0142o si\u0119 miejscem otwartej dyskusji, w kt\u00f3rej ka\u017cdy m\u00f3g\u0142 mie\u0107 swoje 3 minuty. Realia pokaza\u0142y, \u017ce owe 3 minuty by\u0142y zwielokrotnione dla wielu, kt\u00f3rzy chcieli co\u015b powiedzie\u0107, lub dopowiedzie\u0107, uzupe\u0142ni\u0107 swoj\u0105 poprzedni\u0105 wypowied\u017a. Byli przedstawiciele \u015bwiata artystycznego; plastycy, muzycy, by\u0142o kilku dziennikarzy.<br \/>\nTak, rz\u0105d polski da\u0142 z\u0142y przyk\u0142ad, to &#8222;oczywista oczywisto\u015b\u0107&#8221;. Pokaza\u0142 jeszcze gorszy spos\u00f3b na obchodzenie tak wa\u017cnej rocznicy, to te\u017c &#8222;oczywista oczywisto\u015b\u0107&#8221;. Nie odbiera\u0142o mi to jednak nadziei, \u017ce liderzy Polonii nie zma\u0142puj\u0105 zachowa\u0144 ojczy\u017anianych polityk\u00f3w. A jednak. Zma\u0142powali. Szkoda. Krzyku jest du\u017co; rozsy\u0142ane maile, bu\u0144czuczne krzyki, ostre s\u0142owa. To jednak nie to, co spotkanie &#8222;na \u017cywo&#8221;. Wszyscy co\u015b pami\u0119tamy i wszyscy co\u015b wiemy. Konsulat zaproponowa\u0142 kilka film\u00f3w, kt\u00f3re dodatkowo &#8222;od\u015bwie\u017cy\u0142y&#8221; nam, obecnym pami\u0119\u0107. By\u0142y owe filmy ponadto znakomit\u0105 retrospektyw\u0105, pokazuj\u0105c\u0105, jak rozchodzi\u0142y si\u0119 drogi Polak\u00f3w, jak nasz kraj &#8222;rozje\u017cd\u017ca\u0142&#8221; si\u0119, niczym baletnica w szpagacie. &#8222;Nic o nas, bez nas&#8221; i dlatego szkoda, \u017ce tylko jedna sala konsulatu by\u0142a wype\u0142niona Polonusami &#8211; by\u0142o pewnie ze sto os\u00f3b. A i by\u0142 znakomity pocz\u0119stunek z restauracji &#8222;Krystyna&#8221; (Greenpoint &#8211; Manhattan Ave.)-smalec by\u0142 po prostu boski; i nasze, \u015bwietne w\u00f3deczki: &#8222;Bak&#8217;s \u017bubr\u00f3wka&#8221; i &#8222;Luksusowa&#8221;. Je\u015bli chodzi o te w\u00f3deczki, to cieszy mnie, \u017ce m\u00f3j przyjaciel &#8222;odnowi\u0142&#8221; swoje sponsorowanie imprez w konsulacie, bo kiedy\u015b zapar\u0142 si\u0119 by\u0142 okrutnie.<br \/>\nTo, co sta\u0142o si\u0119 w Polsce, cieszy tylko polityk\u00f3w, kt\u00f3rzy wykazali szczeni\u0119c\u0105 niedojrza\u0142o\u015b\u0107 i nie ma si\u0119 co dziwi\u0107, \u017ce podlizywali si\u0119 narodowi, \u017ce to w\u0142a\u015bnie nar\u00f3d by\u0142 i jest bohaterem tej rocznicy. Musieli tak powiedzie\u0107, bo w ocenie spo\u0142ecze\u0144stwa rozdzielenie uroczysto\u015bci na Krak\u00f3w i Gda\u0144sk, by\u0142o policzkiem dla narodu.<br \/>\nNie Krak\u00f3w, a Gda\u0144sk jest i pozostanie symbolem Solidarno\u015bci; \u017ar\u00f3d\u0142em, z kt\u00f3rego wytrysn\u0119\u0142a wolno\u015b\u0107; miastem, do kt\u00f3rego musieli przyjecha\u0107 przedstawiciele komunistycznego rz\u0105du, by podpisa\u0107 porozumienie z ludem pracy. I nie Krak\u00f3w, kt\u00f3ry osobi\u015bcie kocham najbardziej ze wszystkich polskich miast, -no, mo\u017ce poza stolic\u0105, za kt\u00f3r\u0105 pewnie odda\u0142bym \u017cycie-, a wy\u0142\u0105cznie Gda\u0144sk winien by\u0107 jedynym miejscem obchod\u00f3w tej rocznicy. Na tych podzielonych obchodach stracili wszyscy: politycy i spo\u0142ecze\u0144stwo. Stracili te\u017c go\u015bcie -politycy- z innych kraj\u00f3w. Przyj\u0119cie weselne na dwie sale, ale bez wsp\u00f3lnej zabawy. Demokracja nas przeros\u0142a. A to, co przygniot\u0142o nas najbardziej, to nietrze\u017awe oceny wydarze\u0144 z tamtych lat dawane spo\u0142ecze\u0144stwu w\u0142a\u015bnie w tamtych latach. Teraz wiemy, \u017ce Okr\u0105g\u0142y St\u00f3\u0142, nie by\u0142 \u017cadnym sukcesem, bo zbyt kurczowo trzymano si\u0119 jego ustale\u0144. Wiemy, \u017ce nie wykorzystano wszystkich mo\u017cliwo\u015bci i podzia\u0142 w\u0142adzy &#8222;wasz prezydent, nasz premier&#8221; by\u0142 totalnym nieporozumieniem, wr\u0119cz zaprzepaszczeniem dorobku walki strajkowej. Podobno Tadeusz Mazowiecki mia\u0142 co innego na my\u015bli, gdy oznajmi\u0142 &#8222;grub\u0105 kresk\u0119&#8221;. No, c\u00f3\u017c wysz\u0142o jednak te\u017c co innego i te zaniedbania obci\u0105\u017caj\u0105 zar\u00f3wno jego samego, jak i tych, kt\u00f3rzy dostali si\u0119 do w\u0142adzy. Po prostu nie dopilnowali, aby oczy\u015bci\u0107 polsk\u0105 polityk\u0119 z komunistycznych zasz\u0142o\u015bci. To, \u017ce oprawcy maj\u0105 si\u0119 dzisiaj lepiej, ni\u017c ofiary, k\u0142adzie si\u0119 cieniem winy w\u0142a\u015bnie na tych, kt\u00f3rzy wskoczyli na rz\u0105dz\u0105ce fotele i strasznie szybko zapomnieli o innych z pierwszych szereg\u00f3w. Dlatego na Wawelu w pierwszym rz\u0119dzie widzieli\u015bmy Kwa\u015bniewskiego, Cimoszewicza i innych z postkomuny, a z &#8222;solidarno\u015bciowc\u00f3w&#8221; jedynie Mazowieckiego i Wa\u0142\u0119s\u0119. (Ten ostatni po serii dziwnych &#8222;fuzji&#8221; zapomnia\u0142 nawet wymieni\u0107 jednego z najbli\u017cszych niegdy\u015b swoich wsp\u00f3\u0142dzia\u0142aczy &#8211; Gwiazd\u0119, tak, czy inaczej te\u017c cz\u0142owieka symbolu i t\u0119, od kt\u00f3rej wszystko si\u0119 zacz\u0119\u0142o &#8211; Walentynowicz. Transformacja Lecha Wa\u0142\u0119sy d\u0142ugo jeszcze b\u0119dzie pewnie przedmiotem bada\u0144 psycholog\u00f3w, socjolog\u00f3w i innej ma\u015bci badaczy, bo zaiste przypadek to niepo\u015bledni). Czy\u017c to nie jest postawienie sprawy na g\u0142owie? G\u0142upio to wygl\u0105da, zw\u0142aszcza, \u017ce inicjatorem podzia\u0142u uroczysto\u015bci by\u0142 premier, kt\u00f3rego kampania wyborcza bieg\u0142a pod znakiem u\u015bmiechu i mi\u0142o\u015bci. Nie by\u0142o palonych opon, nie by\u0142o awantur, nic nie zagra\u017ca\u0142o bezpiecze\u0144stwu. A i tak z &#8222;Europy&#8221; przyjecha\u0142 drugi garnitur, poza Angel\u0105 Merkel i Juli\u0105 Tymoszenko.\u00a0 Donald Tusk za\u0142o\u017cy\u0142 jednak z g\u00f3ry, \u017ce tak, jak on nie dojrza\u0142 do tych chwil, tak nie dojrzeli do nich stoczniowcy. Ale i Lech Kaczy\u0144ski ma sw\u00f3j grzech. Czy to by\u0142 problem zaprosi\u0107 premiera do pa\u0142acu i powiedzie\u0107, jak kolega, koledze: &#8222;<strong>Donek, co my, na mi\u0142o\u015b\u0107 bosk\u0105 wyprawiamy? \u015awiat powinien zobaczy\u0107 Gda\u0144sk, kolebk\u0119 Solidarno\u015bci, nasze &#8222;\u017ar\u00f3d\u0142o Artemizy&#8221;. Zapro\u015bmy tam wszystkie g\u0142owy pa\u0144stwa, zapchajmy Gda\u0144sk dziennikarzami z ca\u0142ego \u015bwiata; pras\u0105, radiem, telewizj\u0105<\/strong>&#8222;.<br \/>\nNie, dla nich wa\u017cne s\u0105 protoko\u0142y i polityczne &#8222;poprawno\u015bci&#8221;. Czy rzeczywi\u015bcie &#8222;poprawno\u015bci&#8221;?<br \/>\nCzy kto\u015b widzia\u0142 informacj\u0119 o uroczysto\u015bciach naszego 20-lecia na pierwszych stronach New York Times&#8217;a? Czy kto\u015b widzia\u0142 to w CNN, Fox, albo innej stacji telewizyjnej? Ja nie. Ale znowu mamy czcze gadanie &#8222;platformers\u00f3w&#8221;, \u017ce &#8222;\u015bwiat doceni\u0142 rol\u0119 Polski&#8221;. Nie, nieprawda; Angela Merkel, to nie &#8222;\u015bwiat&#8221;, ani tym bardziej Julia Tymoszenko, z ca\u0142ym szacunkiem dla tych dam.<\/p>\n<p>\u015amieszne, ale prawdziwe: na koncercie jubleuszowym mojego 20-lecia pracy artystycznej -18 pa\u017adziernika w Carnegie Hall &#8211; obecno\u015b\u0107 swojego przedstawiciela zapowiedzieli zar\u00f3wno gubernator, jak i burmistrz Nowego Jorku. I modl\u0119 si\u0119, aby koncert wyszed\u0142, jak najlepiej, a publiczno\u015b\u0107 dopisa\u0142a. Wtedy przedstawiciele w\u0142adz stanowych i miejskich b\u0119d\u0105 relacjonowa\u0107 swoim szefom, \u017ce s\u0105 zachwyceni zar\u00f3wno poziomem polskiej sztuki, jak i ogromem zainteresowania sztuk\u0105 polskich nowojorczyk\u00f3w, bo sala,-wierz\u0119 w to- b\u0119dzie pe\u0142na. Polskim artystom b\u0119dzie akompaniowa\u0107 ta sama orkiestra, kt\u00f3ra dwa lata temu gra\u0142a w Katedrze, i kt\u00f3ra rozsiewa informacje o polskiej muzyce i polskich artystach niezwykle szeroko. W najbli\u017csz\u0105 niedziel\u0119 jad\u0119 do Maryland, aby z t\u0105\u017c orkiestr\u0105 poprowadzi\u0107 kilka polskich utwor\u00f3w w dorocznym koncercie&#8230;muzyki polskiej. Czy kto\u015b chce, czy nie, &#8211; czuj\u0119 si\u0119 bardzo w tej kwestii zas\u0142u\u017conym, bo to w\u0142a\u015bnie moja &#8222;propaganda&#8221; dzia\u0142a tak inspiruj\u0105co w kierunku polskiej muzyki na dyrektora Susquehanna Symphony Orchestra, Sheldona Baira. Sta\u0142 mi si\u0119 on du\u017co bli\u017cszy, jako przyjaciel i kolega po fachu, ni\u017c conajmniej kilku dyrygent\u00f3w polonijnych ch\u00f3r\u00f3w, kt\u00f3rych prac\u0119 koordynowa\u0142em przez czterna\u015bcie prawie lat, a kt\u00f3rzy wywozili mnie na taczkach, bo chcia\u0142em, aby uwsp\u00f3\u0142cze\u015bnili repertuar o takich kompozytor\u00f3w, jak J\u00f3zef \u015awider, Henryk Miko\u0142aj G\u00f3recki, czy Wojciech Kilar.<br \/>\nMoj\u0105 nadziej\u0105 jest, \u017ce po obecnych politykach nast\u0119pne pokolenia b\u0119d\u0105 ju\u017c wiedzia\u0142y, co zrobi\u0107 z wywalczon\u0105 przez swoich ojc\u00f3w demokracj\u0105. I mam nadziej\u0119, \u017ce b\u0119dzie inaczej, ni\u017c zaczyna si\u0119 to dzia\u0107 w Stanach, gdzie coraz bardziej idea &#8222;ojc\u00f3w za\u0142o\u017cycieli&#8221; obracana jest podszewk\u0105 do g\u00f3ry. Podobnie zreszt\u0105 dzieje si\u0119 z pragnieniami &#8222;ojc\u00f3w za\u0142o\u017cycieli&#8221; Polsko-S\u0142owia\u0144skiej Federalnej Unii Kredytowej.<\/p>\n<p>Niech \u017cyje &#8222;Solidarno\u015b\u0107&#8221;, Niech \u017cyje wolno\u015b\u0107. Niech \u017cyje Polska i Polacy.<\/p>\n<p>Do nast\u0119pnego jubileuszu.<\/p>\n","protected":false},"excerpt":{"rendered":"<p>Ka\u017cdy postronny (z innego kraju) cz\u0142owiek m\u00f3g\u0142by powiedzie\u0107: ej, Polacy, cieszcie si\u0119, \u017ce macie wolno\u015b\u0107, \u017ce wyci\u0105gn\u0119li\u015bcie siebie spod sowieckiego buta itd, itp. I oczywi\u015bcie mia\u0142by racj\u0119. Nikt nie wymaga od postronnych narod\u00f3w, aby wnika\u0142y w to, co sta\u0142o si\u0119 w Polsce w ci\u0105gu owych 20 lat wolno\u015bci, ale my, Polacy powinni\u015bmy te lata przeanalizowa\u0107 [&hellip;]<\/p>\n","protected":false},"author":2,"featured_media":0,"comment_status":"open","ping_status":"open","sticky":false,"template":"","format":"standard","meta":[],"categories":[4],"tags":[],"_links":{"self":[{"href":"https:\/\/sporek.com\/blog\/index.php?rest_route=\/wp\/v2\/posts\/177"}],"collection":[{"href":"https:\/\/sporek.com\/blog\/index.php?rest_route=\/wp\/v2\/posts"}],"about":[{"href":"https:\/\/sporek.com\/blog\/index.php?rest_route=\/wp\/v2\/types\/post"}],"author":[{"embeddable":true,"href":"https:\/\/sporek.com\/blog\/index.php?rest_route=\/wp\/v2\/users\/2"}],"replies":[{"embeddable":true,"href":"https:\/\/sporek.com\/blog\/index.php?rest_route=%2Fwp%2Fv2%2Fcomments&post=177"}],"version-history":[{"count":0,"href":"https:\/\/sporek.com\/blog\/index.php?rest_route=\/wp\/v2\/posts\/177\/revisions"}],"wp:attachment":[{"href":"https:\/\/sporek.com\/blog\/index.php?rest_route=%2Fwp%2Fv2%2Fmedia&parent=177"}],"wp:term":[{"taxonomy":"category","embeddable":true,"href":"https:\/\/sporek.com\/blog\/index.php?rest_route=%2Fwp%2Fv2%2Fcategories&post=177"},{"taxonomy":"post_tag","embeddable":true,"href":"https:\/\/sporek.com\/blog\/index.php?rest_route=%2Fwp%2Fv2%2Ftags&post=177"}],"curies":[{"name":"wp","href":"https:\/\/api.w.org\/{rel}","templated":true}]}}