{"id":179,"date":"2009-06-12T11:46:01","date_gmt":"2009-06-12T15:46:01","guid":{"rendered":"http:\/\/sporek.com\/blog\/?p=179"},"modified":"2009-06-19T16:20:44","modified_gmt":"2009-06-19T20:20:44","slug":"pranie-mozgow-2","status":"publish","type":"post","link":"https:\/\/sporek.com\/blog\/?p=179","title":{"rendered":"Pranie m\u00f3zg\u00f3w 2"},"content":{"rendered":"<p>Co\u015b jest na rzeczy. Przypomina si\u0119 jakby rok 1999, kiedy to NCUA zainstalowa\u0142a w naszej Unii Kredytowej &#8222;zarz\u0105d komisaryczny&#8221;. Zaczynam si\u0119 obawia\u0107, \u017ce co\u015b podobnego mo\u017ce si\u0119 zdarzy\u0107 ponownie, aczkolwiek z czystej sympatii do naszej, etnicznej instytucji nie \u017cycz\u0119 jej tego.<!--more-->\u00a0Jeden z respondent\u00f3w zada\u0142 pod poprzednim artyku\u0142em &#8222;Pranie m\u00f3zg\u00f3w&#8221; pytanie, czy broszura, rozdawana w Chicago dyrektorom Kongresu Polonii Ameryka\u0144skiej mia\u0142a jakie\u015b &#8222;znamiona&#8221; wskazuj\u0105ce, \u017ce by\u0142a firmowana przez Polish &amp; Slavic Federal Credit Union. Poniewa\u017c otrzyma\u0142em j\u0105 w \u017c\u00f3\u0142tej kopercie i nie natkn\u0105\u0142em si\u0119 wewn\u0105trz na \u017cadne znaki P&amp;SFCU uczciwie odpowiedzia\u0142em, \u017ce nic takiego nie by\u0142o. I tu siurpryza: ot\u00f3\u017c kto\u015b, kto wys\u0142a\u0142 mi t\u0119 broszur\u0119 w \u017c\u00f3\u0142tej kopercie przes\u0142a\u0142 mi teraz (te\u017c w \u017c\u00f3\u0142tej kopercie) du\u017c\u0105, bia\u0142\u0105 kopert\u0119 z kolorowym logo Unii Kredytowej i nazwiskiem adresata (zachowam to nazwisko dla siebie) informuj\u0105c, \u017ce w\u0142a\u015bnie w tej bia\u0142ej kopercie otrzyma\u0142 broszur\u0119 od mec. Sosnowskiego. Wewn\u0105trz by\u0142 jeszcze list przewodni, w j\u0119zyku angielskim, na papierze firmowym Unii Kredytowej, z adresem Unii w Farfield, NJ i UWAGA: z dat\u0105 15 maja, 2009, a wi\u0119c napisanym w okresie zjazdu dyrektor\u00f3w KPA, trzy miesi\u0105ce po zebraniu &#8222;lider\u00f3w&#8221; i dwa miesi\u0105ce po zebraniu w Centrum. Od tego czasu zasz\u0142o sporo zmian -i to na dobre-, ale list o nich nie wspomina. Nie b\u0119d\u0119 analizowa\u0142 tre\u015bci listu, bo nie miejsce i czas. Nie b\u0119d\u0119 te\u017c analizowa\u0142, jaki charakter ma ten list w odniesieniu do Centrum Polsko-S\u0142owia\u0144skiego. List podpisany jest przez mec. Sosnowskiego, a o ile wiem jest on zatrudniony w Unii Kredytowej. Nie wnikam, czy mecenas Sosnowski posiada licencj\u0119 nowojorskiego Bar Association, czy nie. Istot\u0105 jest, \u017ce w tym przypadku chodzi jednak o akcj\u0119 Unii Kredytowej, a wi\u0119c stoj\u0105 za tym albo prezes Matyszczyk, albo CEO Chmielewski. Prezesa Matyszczyka ju\u017c pyta\u0142em, &#8211; powiedzia\u0142, ze&#8230;nic o tym nie wie. Za\u0142\u00f3\u017cmy, \u017ce mu wierz\u0119, a wi\u0119c&#8230;? Panie Dyrektorze Chmielewski, jaki ma sens informowanie dyrektor\u00f3w Kongresu Polonii Ameryka\u0144skiej, \u017ce tworzycie atmosfer\u0119 taniej sensacji wok\u00f3\u0142 Centrum? A na Pa\u0144skim podw\u00f3rku wszystko w porz\u0105dku&#8230;?<br \/>\nTo \u017cycz\u0119 powodzenia. Przynajmniej &#8222;Unia\u00a0 yes OK&#8221; &#8211; pami\u0119tacie? Akurat wtedy, gdy to has\u0142o kr\u00f3lowa\u0142o wszystko by\u0142o do g\u00f3ry nogami. Ju\u017c nie wystarczy, \u017ce z dw\u00f3ch najwa\u017cniejszych instytucji polonijnych jedna chce zniszczy\u0107 drug\u0105, trzeba w to wtajemniczy\u0107 &#8211; z intencj\u0105 pomocy w tym niecnym zamiarze -Kongres Polonii Ameryka\u0144skiej. I co, KPA ma przy\u0142o\u017cy\u0107 r\u0119k\u0119 do tego procederu? By\u0142by to najg\u0142upszy krok Kongresu Polonii Ameryka\u0144skiej w ca\u0142ej jego historii.<\/p>\n","protected":false},"excerpt":{"rendered":"<p>Co\u015b jest na rzeczy. Przypomina si\u0119 jakby rok 1999, kiedy to NCUA zainstalowa\u0142a w naszej Unii Kredytowej &#8222;zarz\u0105d komisaryczny&#8221;. Zaczynam si\u0119 obawia\u0107, \u017ce co\u015b podobnego mo\u017ce si\u0119 zdarzy\u0107 ponownie, aczkolwiek z czystej sympatii do naszej, etnicznej instytucji nie \u017cycz\u0119 jej tego.<\/p>\n","protected":false},"author":2,"featured_media":0,"comment_status":"open","ping_status":"open","sticky":false,"template":"","format":"standard","meta":[],"categories":[3],"tags":[],"_links":{"self":[{"href":"https:\/\/sporek.com\/blog\/index.php?rest_route=\/wp\/v2\/posts\/179"}],"collection":[{"href":"https:\/\/sporek.com\/blog\/index.php?rest_route=\/wp\/v2\/posts"}],"about":[{"href":"https:\/\/sporek.com\/blog\/index.php?rest_route=\/wp\/v2\/types\/post"}],"author":[{"embeddable":true,"href":"https:\/\/sporek.com\/blog\/index.php?rest_route=\/wp\/v2\/users\/2"}],"replies":[{"embeddable":true,"href":"https:\/\/sporek.com\/blog\/index.php?rest_route=%2Fwp%2Fv2%2Fcomments&post=179"}],"version-history":[{"count":0,"href":"https:\/\/sporek.com\/blog\/index.php?rest_route=\/wp\/v2\/posts\/179\/revisions"}],"wp:attachment":[{"href":"https:\/\/sporek.com\/blog\/index.php?rest_route=%2Fwp%2Fv2%2Fmedia&parent=179"}],"wp:term":[{"taxonomy":"category","embeddable":true,"href":"https:\/\/sporek.com\/blog\/index.php?rest_route=%2Fwp%2Fv2%2Fcategories&post=179"},{"taxonomy":"post_tag","embeddable":true,"href":"https:\/\/sporek.com\/blog\/index.php?rest_route=%2Fwp%2Fv2%2Ftags&post=179"}],"curies":[{"name":"wp","href":"https:\/\/api.w.org\/{rel}","templated":true}]}}