{"id":18,"date":"2007-06-21T19:40:46","date_gmt":"2007-06-21T23:40:46","guid":{"rendered":"http:\/\/sporek.com\/blog\/?p=18"},"modified":"2007-09-22T11:54:18","modified_gmt":"2007-09-22T15:54:18","slug":"sluzba-zdrowia","status":"publish","type":"post","link":"https:\/\/sporek.com\/blog\/?p=18","title":{"rendered":"S\u0142u\u017cba Zdrowia"},"content":{"rendered":"<p goog_ds_charIndex=\"44\"><span goog_ds_charIndex=\"4949\" class=\"postbody\"><span goog_ds_charIndex=\"4950\" style=\"font-family: Arial\" lang=\"PL\"><font goog_ds_charIndex=\"4951\" size=\"2\"><span goog_ds_charIndex=\"45\" lang=\"PL\">Protesty, strajki&#8230;i po co to? Jestem bli\u017cej nazwania tego zdrad\u0105. <\/span><span goog_ds_charIndex=\"117\" lang=\"PL\">Jak d\u0142ugo trwa\u0142 \u201edobroczynny\u201d komunizm, tak d\u0142ugo s\u0142yszeli\u015bmy, \u017ce \u201eleczenie jest darmowe\u201d. Tak samo d\u0142ugo wszyscy pracuj\u0105cy p\u0142acili sk\u0142adk\u0119 na Zak\u0142ad Ubezpiecze\u0144 Spo\u0142ecznych. Przez ca\u0142y ten okres obie strony: s\u0142u\u017cba zdrowia i pacjenci wiedzieli, \u017ce \u201etrzeba dawa<span goog_ds_charIndex=\"385\" class=\"postbody\">\u0107<\/span> w \u0142ap\u0119\u201d. Pancjenci dawali w \u0142ap\u0119, lekarze i piel\u0119gniarki brali bez \u017cenady; jak nie pieni\u0105dze, to prezenty, albo \u015bwiadczenia: przydzia\u0142y na materia\u0142y budowlane, talony na samochody, wczasy, wycieczki, etc.<!--more--><\/span><\/font><\/span><\/span><\/p>\n<p goog_ds_charIndex=\"44\"><span goog_ds_charIndex=\"4949\" class=\"postbody\"><span goog_ds_charIndex=\"4950\" style=\"font-family: Arial\" lang=\"PL\"><font goog_ds_charIndex=\"4951\" size=\"2\"><span goog_ds_charIndex=\"117\" lang=\"PL\"><\/span><span goog_ds_charIndex=\"600\" lang=\"PL\">Czy tak trudno przypomnie<span goog_ds_charIndex=\"628\" class=\"postbody\">\u0107 sobie, \u017ce aby piel\u0119gniarka opiekowa\u0142a si\u0119 w szpitalu chorym cz\u0142onkiem naszej rodziny, to musia\u0142a dosta\u0107 w kiesze\u0144? <\/span><\/span><span goog_ds_charIndex=\"748\" class=\"postbody\"><span goog_ds_charIndex=\"749\" lang=\"PL\">Czy ju\u017c zapomnieli\u015bmy, \u017ce gdy kto\u015b z naszych bliskich musia\u0142 by\u0107 hospitalizowany, to p\u0119dzi\u0142o si\u0119 prywatnie do ordynatora.. z got\u00f3wk\u0105? Nie wspomn\u0119 ju\u017c o operacjach; hirurdzy byli bogami na ziemi. W ubieg\u0142ym roku rz\u0105d przyzna\u0142 s\u0142u\u017cbie zdrowia 30-toprocentow\u0105 podwy\u017ck\u0119. Najwi\u0119ksz\u0105 w historii tej profesji. Dzisiaj ca\u0142a s\u0142uzba zdrowia strajkuje \u017c\u0105daj\u0105c wi\u0119cej.\u00a0 <\/span><\/span><span goog_ds_charIndex=\"1110\" class=\"postbody\"><span goog_ds_charIndex=\"1111\" lang=\"PL\">Nie potrafi\u0105cy zliczy\u0107 do dziesi\u0119ciu, patetyczni przyw\u00f3dcy opozycji pod\u017cegaj\u0105 strajkuj\u0105cych, \u017ce ten rz\u0105d trzyma pieni\u0105dze w skarpetce i ze sk\u0105pstwa nie chce da\u0107. Trzeba by\u0107 ciemnym nieukiem, \u017ceby nie widzie\u0107, \u017ce strajki lekarzy i piel\u0119gniarek wykorzystywane s\u0105 przez opozycj\u0119 do wygrywania swoich intetres\u00f3w, ale w tym braku logiki ze strony b\u0105d\u017a co b\u0105d\u017a polityk\u00f3w opozycyjnych (co z tego, \u017ce z opozycji, oni wszyscy mieni\u0105 si\u0119 by\u0107 politykami), wida\u0107 przede wszystkim \u015blep\u0105 nienawi\u015b\u0107 do rz\u0105dz\u0105cych, ale te\u017c i nienawi\u015b\u0107 do kraju.<\/span><\/span><\/font><\/span><\/span><\/p>\n<p goog_ds_charIndex=\"44\"><span goog_ds_charIndex=\"4949\" class=\"postbody\"><span goog_ds_charIndex=\"4950\" style=\"font-family: Arial\" lang=\"PL\"><font goog_ds_charIndex=\"4951\" size=\"2\"><span goog_ds_charIndex=\"1110\" class=\"postbody\"><span goog_ds_charIndex=\"1111\" lang=\"PL\">Gdyby Tuska, czy Olejniczaka naprawd\u0119 interesowa\u0142o dobro kraju, a nie doj\u015bcie do w\u0142adzy, to w tej konkretnej sytuacji powinni byli raczej t\u0142umaczy\u0107 strajkuj\u0105cym, \u017ce ani rz\u0105d, ani ich partie nie s\u0105 w stanie sprosta\u0107 tym \u017c\u0105daniom. Ju\u017c nie wspomn\u0119 o &#8222;pi\u0119knej Joli&#8221;, specjalistce od instrukcji, jak spo\u017cywa\u0107&#8230;bezy, kt\u00f3ra te\u017c pociesza\u0142a strajkuj\u0105cych w kompletnym zapomnieniu, \u017ce jej &#8222;pi\u0119kny&#8221; Olu\u015b nie zrobi\u0142 dla s\u0142u\u017cby zdrowia kompletnie nic i to przez dziesi\u0119\u0107 lat.<\/span><\/span><\/font><\/span><\/span><\/p>\n<p goog_ds_charIndex=\"44\"><span goog_ds_charIndex=\"4949\" class=\"postbody\"><span goog_ds_charIndex=\"4950\" style=\"font-family: Arial\" lang=\"PL\"><font goog_ds_charIndex=\"4951\" size=\"2\"><span goog_ds_charIndex=\"1110\" class=\"postbody\"><span goog_ds_charIndex=\"1111\" lang=\"PL\">Nie wspomn\u0119 o HGW, kt\u00f3rrra, jako prrrezydent Warrrszawy\u00a0nie powinna nawet zabierrra\u0107 g\u0142osu w tej sprrrawie. <\/span><\/span><\/font><\/span><\/span><\/p>\n<p goog_ds_charIndex=\"44\"><span goog_ds_charIndex=\"4949\" class=\"postbody\"><span goog_ds_charIndex=\"4950\" style=\"font-family: Arial\" lang=\"PL\"><font goog_ds_charIndex=\"4951\" size=\"2\"><span goog_ds_charIndex=\"1110\" class=\"postbody\"><span goog_ds_charIndex=\"1111\" lang=\"PL\"><\/span><\/span><span goog_ds_charIndex=\"2218\" class=\"postbody\"><span goog_ds_charIndex=\"2219\" lang=\"PL\">Jak to si\u0119 dzieje, \u017ce pacjenci zapomnieli nagle, \u017ce sk\u0142adani byli na korytarzach, \u017ce godzinami czekali na pielegniark\u0119, \u017ce nie by\u0142o szans na szpital, bo nie da\u0142o si\u0119 ordynatorowi? <\/span><\/span><span goog_ds_charIndex=\"2404\" class=\"postbody\"><span goog_ds_charIndex=\"2405\" lang=\"PL\">Co nagle robi\u0105 przy tym strajku g\u00f3rnicy \u201eSierpnia\u201d? Im te\u017c ma\u0142o, \u017ce pa\u0144stwo okrada\u0142o spo\u0142ecze\u0144stwo i inne resorty byle tylko dop\u0142aca\u0107 do g\u00f3rnictwa? <\/span><\/span><span goog_ds_charIndex=\"2558\" class=\"postbody\"><span goog_ds_charIndex=\"2559\" lang=\"PL\">A mo\u017ce by tak uczciwie powiedzie\u0107 \u201ehej, korzystali\u015bmy z tego, to teraz mo\u017ce spr\u00f3bujmy co\u015b pom\u00f3c\u201d? Tak, p o m \u00f3 c!. Temu rz\u0105dowi, kt\u00f3ry chce odkry\u0107 te wszystkie zaniedbania i ukaza\u0107 winnych, mieszkaj\u0105cych dzi\u015b w luksusowych \u201ewilan\u00f3wkach\u201d, kupionych za bezcen. <\/span><\/span><span goog_ds_charIndex=\"2823\" class=\"postbody\"><span goog_ds_charIndex=\"2824\" lang=\"PL\">Temu rz\u0105dowi, kt\u00f3ry nie chce nas \u201esprzedawa\u0107 Unii Europejskiej za psie grosze\u201d i ma odwag\u0119 pyta\u0107 o Polsk\u0119! Pyta\u0107 i twardo za dobrem Polski sta\u0107, a nie \u0142asi\u0107 si\u0119 i przymila\u0107. <\/span><\/span><span goog_ds_charIndex=\"3003\" class=\"postbody\"><span goog_ds_charIndex=\"3004\" lang=\"PL\">Czy zn\u00f3w trzeba czeka\u0107 na poranek, w kt\u00f3rym obudzimy si\u0119 z r\u0119k\u0105 w nocniku? Ale to nie b\u0119dzie nocnik, to b\u0119dzie szambo, w kt\u00f3rym Polska b\u0119dzie tkwi\u0107 po same uszy.<\/span><\/span><\/font><\/span><\/span><\/p>\n<p goog_ds_charIndex=\"44\"><span goog_ds_charIndex=\"4949\" class=\"postbody\"><span goog_ds_charIndex=\"4950\" style=\"font-family: Arial\" lang=\"PL\"><font goog_ds_charIndex=\"4951\" size=\"2\"><span goog_ds_charIndex=\"3003\" class=\"postbody\"><span goog_ds_charIndex=\"3004\" lang=\"PL\"><\/span><\/span><span goog_ds_charIndex=\"3171\" lang=\"PL\">Mam nieodparte wra\u017cenie, \u017ce strajki s\u0142u\u017cby zdrowia s\u0105 kierowane jakimi\u015b dziwnymi si\u0142ami. No, bo jakie znaczenie ma miejsce rozm\u00f3w? Je\u015bli Premier chce rozmawia<span goog_ds_charIndex=\"3332\" class=\"postbody\">\u0107, ale nie zgadza si\u0119 na rozmowy z \u201eno\u017cem na gardle\u201d, czyli pod presj\u0105 piel\u0119gniarek okupuj\u0105cych pok\u00f3j w gmachu ministerstwa i proponuje \u201eneutralny\u201d teren, to dlaczego strajkuj\u0105cy odmawiaj\u0105? <\/span><\/span><span goog_ds_charIndex=\"3525\" class=\"postbody\"><span goog_ds_charIndex=\"3526\" lang=\"PL\">I kolejna w\u0105tpliwo\u015b\u0107: dlaczego teraz? <\/span><\/span><span goog_ds_charIndex=\"3569\" class=\"postbody\"><span goog_ds_charIndex=\"3570\" lang=\"PL\">Teraz? Gdy w Parlamencie Europejskim potrzebne jest silne stanowisko polskich w\u0142adz? Gdy najbardziej wesprze\u0107 mo\u017ce pozycj\u0119 prezydenta w Euro-Unii spok\u00f3j wewn\u0119trzny w jego kraju? Gdzie ta nasza solidarno\u015b\u0107? Niemcy dobieraj\u0105 si\u0119 nam do maj\u0105tk\u00f3w dzi\u0119ki takim politykom, jak Cimoszewicz, Kwa\u015bniewski i ich sld-owscy wsp\u00f3\u0142towarzysze; Europa ci\u015bnie, by Kaczy\u0144scy poddali \u201epierwiastek\u201d, a s\u0142u\u017cba zdrowia, z jej szefem zwi\u0105zk\u00f3w zawodowych, na trybunie wbija n\u00f3\u017c w plecy i \u017c\u0105da nalania z pustego. Nagle dla nich z poparciem przychodzi ca\u0142a sld-wska lewica dzi\u0119ki kt\u00f3rej w\u0142a\u015bnie jest, jak jest. <\/span><\/span><span goog_ds_charIndex=\"4160\" class=\"postbody\"><span goog_ds_charIndex=\"4161\" lang=\"PL\">My\u015bl\u0119, \u017ce warto sobie przypomnie\u0107, i\u017c s\u0142u\u017cba zdrowia by\u0142a jedn\u0105 z najbardziej \u0142ap\u00f3wkarskich s\u0142u\u017cb<\/span><\/span><span goog_ds_charIndex=\"4263\" lang=\"PL\"> za PRL-u, a i w wolnej Polsce nie wykazywa\u0142a specjalnej ochoty na odmawianie&#8230;brania. My\u015bl\u0119, \u017ce lekarze i piel\u0119gniarki powinni si\u0119 wycofa<span goog_ds_charIndex=\"4405\" class=\"postbody\">\u0107 z tego, co robi\u0105. <\/span><\/span><span goog_ds_charIndex=\"4428\" class=\"postbody\"><span goog_ds_charIndex=\"4429\" lang=\"PL\">Po raz kolejny nale\u017cy natomiast zada\u0107 pytanie: gdzie s\u0105 pieni\u0105dze, kt\u00f3re ka\u017cdemu pracuj\u0105cemu Polakowi potr\u0105cano z pensji na ZUS? <\/span><\/span><span goog_ds_charIndex=\"4563\" class=\"postbody\"><span goog_ds_charIndex=\"4564\" lang=\"PL\">To pytanie nie mo\u017ce by\u0107 skierowane do nikogo innego, tylko do komunistycznych rz\u0105d\u00f3w, kt\u00f3rych przedstawiciele i \u201epogrobowcy\u201d teraz, z takim zaanga\u017cowaniem i przej\u0119ciem wspieraj\u0105 strajkuj\u0105c\u0105 s\u0142u\u017cb\u0119 zdrowia. Ohyda, dwulicowo\u015b\u0107, fa\u0142sz i kunktatorskie robienie sobie publicity. <\/span><\/span><span goog_ds_charIndex=\"4843\" class=\"postbody\"><span goog_ds_charIndex=\"4844\" lang=\"PL\">Lekarze i piel\u0119gniarki,- wr\u00f3\u0107cie do swoich plac\u00f3wek. Tu przecie\u017c nawet kompromis nie jest mno\u017cliwy. <\/span><\/span><span goog_ds_charIndex=\"4949\" class=\"postbody\"><span goog_ds_charIndex=\"4950\" lang=\"PL\">Czy chodzi o Polsk\u0119 na chwil\u0119, czy o Polsk\u0119 na przysz\u0142o\u015b\u0107?<\/span><\/span><\/font><\/span><\/span><\/p>\n","protected":false},"excerpt":{"rendered":"<p>Protesty, strajki&#8230;i po co to? Jestem bli\u017cej nazwania tego zdrad\u0105. Jak d\u0142ugo trwa\u0142 \u201edobroczynny\u201d komunizm, tak d\u0142ugo s\u0142yszeli\u015bmy, \u017ce \u201eleczenie jest darmowe\u201d. Tak samo d\u0142ugo wszyscy pracuj\u0105cy p\u0142acili sk\u0142adk\u0119 na Zak\u0142ad Ubezpiecze\u0144 Spo\u0142ecznych. Przez ca\u0142y ten okres obie strony: s\u0142u\u017cba zdrowia i pacjenci wiedzieli, \u017ce \u201etrzeba dawa\u0107 w \u0142ap\u0119\u201d. Pancjenci dawali w \u0142ap\u0119, lekarze i [&hellip;]<\/p>\n","protected":false},"author":2,"featured_media":0,"comment_status":"open","ping_status":"open","sticky":false,"template":"","format":"standard","meta":[],"categories":[1,4],"tags":[],"_links":{"self":[{"href":"https:\/\/sporek.com\/blog\/index.php?rest_route=\/wp\/v2\/posts\/18"}],"collection":[{"href":"https:\/\/sporek.com\/blog\/index.php?rest_route=\/wp\/v2\/posts"}],"about":[{"href":"https:\/\/sporek.com\/blog\/index.php?rest_route=\/wp\/v2\/types\/post"}],"author":[{"embeddable":true,"href":"https:\/\/sporek.com\/blog\/index.php?rest_route=\/wp\/v2\/users\/2"}],"replies":[{"embeddable":true,"href":"https:\/\/sporek.com\/blog\/index.php?rest_route=%2Fwp%2Fv2%2Fcomments&post=18"}],"version-history":[{"count":0,"href":"https:\/\/sporek.com\/blog\/index.php?rest_route=\/wp\/v2\/posts\/18\/revisions"}],"wp:attachment":[{"href":"https:\/\/sporek.com\/blog\/index.php?rest_route=%2Fwp%2Fv2%2Fmedia&parent=18"}],"wp:term":[{"taxonomy":"category","embeddable":true,"href":"https:\/\/sporek.com\/blog\/index.php?rest_route=%2Fwp%2Fv2%2Fcategories&post=18"},{"taxonomy":"post_tag","embeddable":true,"href":"https:\/\/sporek.com\/blog\/index.php?rest_route=%2Fwp%2Fv2%2Ftags&post=18"}],"curies":[{"name":"wp","href":"https:\/\/api.w.org\/{rel}","templated":true}]}}