{"id":181,"date":"2009-06-19T16:17:19","date_gmt":"2009-06-19T20:17:19","guid":{"rendered":"http:\/\/sporek.com\/blog\/?p=181"},"modified":"2009-06-19T22:57:19","modified_gmt":"2009-06-20T02:57:19","slug":"asy-w-rekawach-woda-w-mozgach","status":"publish","type":"post","link":"https:\/\/sporek.com\/blog\/?p=181","title":{"rendered":"Asy w r\u0119kawach, woda w m\u00f3zgach."},"content":{"rendered":"<p>Nie mog\u0119 uwierzy\u0107, \u017ce czytam to, co czytam: Prezydent Kaczy\u0144ski ma w r\u0119kawie asa na negocjacje w sprawie obj\u0119cia przez Jerzego Buzka funkcji przewodnicz\u0105cego Parlamentu Europejskiego. Podobno \u201eAsem\u201d ma by\u0107 podpisanie Traktatu Europejskiego. Nie mam innego pytania opr\u00f3cz: Czy my\u015bmy zwariowali, czy wariuj\u0105 nasi politycy? Ca\u0142y czas s\u0142yszeli\u015bmy, \u017ce Lech Kaczy\u0144ski nie podpisze Traktatu, bo zagra\u017ca on suwerenno\u015bci Polski. <!--more-->Ten sam argument wystosowali Niemcy i oddali spraw\u0119 do decyzji s\u0105du. My nie oddajemy sprawy s\u0105dowi; polscy politycy u\u017cywaj\u0105 Traktatu, jako karty przetargowej. Teraz ju\u017c niewa\u017cna suwerenno\u015b\u0107, byle Buzek zosta\u0142 przewodnicz\u0105cym. Stanowisko, kt\u00f3rym kupczy\u0142 premier Tusk przed wyborami, powiedzmy sobie szczerze jest w sumie naprawd\u0119 nie a\u017c tak wa\u017cne, jak to przedstawia\u0142 wyborcom. Niedawno s\u0142yszeli\u015bmy, \u017ce je\u015bli Sikorski zostanie szefem NATO, to presti\u017c Polski podniesie si\u0119 w \u015bwiecie do wysoko\u015bci Empire State Building. Teraz s\u0142yszymy, \u017ce je\u015bli Buzek b\u0119dzie szefem parlamentu, to presti\u017c Polski podniesie si\u0119 w oczach \u015bwiata niebotycznie. Mamienie narodu przekracza ju\u017c wszelkie granice rozs\u0105dku, uczciwo\u015bci i etyki.<br \/>\nKofi Annan\u00a0 by\u0142 Sekretarzem Generalnym ONZ. Czy kto\u015b rozs\u0105dny chcia\u0142by mi wm\u00f3wi\u0107, \u017ce przeci\u0119tny obywatel Ghany co\u015b na tym zyska\u0142? Czy przy okazji wymieniania nazwiska Kofi Annan dodaje si\u0119 od razu, \u017ce on by\u0142 z Ghany? Czy co\u015b specjalnego wynikn\u0119\u0142o dla pa\u0144stwa Ghany z faktu, \u017ce jej obywatel siedzia\u0142 w fotelu ONZ-etowskiego budynku przy 1-ej Alei i 42 Ulicy w Nowym Jorku? A czy zapytany na ulicy, przeci\u0119tny obywatel byle jakiego kraju b\u0119dzie w stanie powiedzie\u0107, \u017ce Generalny Sekretarz ONZ poprzedniej kadencji\u00a0 pochodzi\u0142 z Ghany? A czy wreszcie presti\u017c Ghany jako\u015b podni\u00f3s\u0142 si\u0119 w oczach \u015bwiata? Ludzie trzymajcie mnie!<br \/>\nPremier Tusk bredzi do narodu, jak do dzieci w przedszkolu. Nar\u00f3d daje poparcie. Jeszcze daje. Jak d\u0142ugo? Kiedy przejrzy na oczy, kiedy dotrze do jego \u015bwiadomo\u015bci, \u017ce z tej \u201eEuropy\u201d najlepiej maj\u0105 si\u0119 ci, kt\u00f3rzy tak nachalnie do niej nawo\u0142ywali? Co, tak naprawd\u0119 mia\u0142a Polska z tego wielkiego honoru, \u017ce Danuta H\u00fcbner by\u0142a komisarzem?\u00a0 A jak to si\u0119 sta\u0142o, \u017ce by\u0142\u0105 cz\u0142onkini\u0119 PZPR, kt\u00f3ra zapar\u0142a si\u0119 tego faktu w wywiadzie dla belgijskiej gazety Polacy wybrali do Euro Parlamentu? To zagadka naprawd\u0119 trudna do wyja\u015bnienia.<br \/>\nDonald Tusk wykona\u0142 w ostatnim czasie kilka diabolicznie fa\u0142szywych gest\u00f3w, aby utrzyma\u0107 s\u0142upki popularno\u015bci i wygra\u0107 wybory do \u201eEuropy\u201d. Jego ludzie s\u0105 ustawieni na nast\u0119pne pi\u0119\u0107 lat. To, \u017ce dla Polski nie b\u0119dzie to mia\u0142o \u017cadnych pozytywnych\u00a0 warto\u015bci jest kompletnie niewa\u017cne. Zagra\u0142 Krzaklewskim, zagra\u0142 Cimoszewiczem, H\u00fcbner i zagra\u0142 Buzkiem. Ob\u0142uda polskiego premiera znana jest od pocz\u0105tku jego rz\u0105dzenia: obiecuje, ale nie robi nic. Znowu zapytam: gdzie te komputery dla ka\u017cdego polskiego ucznia? A pytam dlatego, \u017ce granie dzie\u0107mi uwa\u017cam za najpodlejsze.<br \/>\nAle, \u017ce do tej gry chce do\u0142\u0105czy\u0107 ze swoim, ukrytym w r\u0119kawie asem Lech Kaczy\u0144ski, &#8211; tego si\u0119 nie spodziewa\u0142em. Je\u015bli podpisze Traktat, to dla mnie b\u0119dzie wart nawet nie tyle samo, co Donald Tusk, jako premier i jako cz\u0142owiek. B\u0119dzie wart du\u017co mniej.<br \/>\nJe\u015bli suwerenno\u015b\u0107 Polski mniej jest wa\u017cna, ni\u017c fotel dla by\u0142ego premiera, to prezydent Kaczy\u0144ski nie ma ju\u017c czego szuka\u0107 na mojej li\u015bcie \u201eludzi honoru\u201d<br \/>\nCzy\u017cby Lech Kaczy\u0144ski zapomnia\u0142, \u017ce w roku 1999 Pose\u0142 na Sejm, Tomasz Karwowski z\u0142o\u017cy\u0142 do S\u0105du Lustracyjnego w Warszawie \u201eWNIOSEK O WSZCZ\u0118CIE POST\u0118POWANIA LUSTRACYJNEGO WOBEC JERZEGO BUZKA\u201d?<br \/>\nSzczeg\u00f3\u0142y mo\u017cna pozna\u0107 na <a href=\"http:\/\/www.videofact.com\/polska\/buzek2.html\">http:\/\/www.videofact.com\/polska\/buzek2.html<\/a><br \/>\nPolska mia\u0142a w XX wieku kilku m\u0119\u017c\u00f3w stanu, kt\u00f3rzy podnie\u015bli jej autorytet. Wymieni\u0119 tylko trzech, w kolejno\u015bci urodzenia: Paderewski, Karol Wojty\u0142a i Lech Wa\u0142\u0119sa. Dw\u00f3m pierwszym \u015bmier\u0107 zabra\u0142a mo\u017cliwo\u015b\u0107 utrzymywania presti\u017cu naszego kraju. Trzeci za\u015b niepotrzebnie kreuje si\u0119 na proroka, m\u0119drca, specjalist\u0119 od wszystkiego, og\u00f3lnie natomiast wyg\u0142upia si\u0119 i\u015bcie kabaretowo.<br \/>\nCa\u0142a reszta, a ju\u017c na pewno stanowiska w \u201eEuropie\u201d presti\u017cu Polski definitywnie nie podnios\u0105. Kaczy\u0144ski by\u0142 blisko, ale mo\u017cliwo\u015b\u0107 ponownej kadencji PiS-u zniweczy\u0142a Platforma i zniweczy\u0142 naiwny nar\u00f3d.<br \/>\nMam nadziej\u0119, \u017ce Prezydent Polski oka\u017ce si\u0119 m\u0119\u017cem stanu, a nie pospolitym, \u017ceby nie powiedzie\u0107 przeci\u0119tnym, takim sobie politykiem.<br \/>\nA Buzek i tak nie zostanie przewodnicz\u0105cym.<\/p>\n","protected":false},"excerpt":{"rendered":"<p>Nie mog\u0119 uwierzy\u0107, \u017ce czytam to, co czytam: Prezydent Kaczy\u0144ski ma w r\u0119kawie asa na negocjacje w sprawie obj\u0119cia przez Jerzego Buzka funkcji przewodnicz\u0105cego Parlamentu Europejskiego. Podobno \u201eAsem\u201d ma by\u0107 podpisanie Traktatu Europejskiego. Nie mam innego pytania opr\u00f3cz: Czy my\u015bmy zwariowali, czy wariuj\u0105 nasi politycy? Ca\u0142y czas s\u0142yszeli\u015bmy, \u017ce Lech Kaczy\u0144ski nie podpisze Traktatu, bo [&hellip;]<\/p>\n","protected":false},"author":2,"featured_media":0,"comment_status":"open","ping_status":"open","sticky":false,"template":"","format":"standard","meta":[],"categories":[4],"tags":[],"_links":{"self":[{"href":"https:\/\/sporek.com\/blog\/index.php?rest_route=\/wp\/v2\/posts\/181"}],"collection":[{"href":"https:\/\/sporek.com\/blog\/index.php?rest_route=\/wp\/v2\/posts"}],"about":[{"href":"https:\/\/sporek.com\/blog\/index.php?rest_route=\/wp\/v2\/types\/post"}],"author":[{"embeddable":true,"href":"https:\/\/sporek.com\/blog\/index.php?rest_route=\/wp\/v2\/users\/2"}],"replies":[{"embeddable":true,"href":"https:\/\/sporek.com\/blog\/index.php?rest_route=%2Fwp%2Fv2%2Fcomments&post=181"}],"version-history":[{"count":0,"href":"https:\/\/sporek.com\/blog\/index.php?rest_route=\/wp\/v2\/posts\/181\/revisions"}],"wp:attachment":[{"href":"https:\/\/sporek.com\/blog\/index.php?rest_route=%2Fwp%2Fv2%2Fmedia&parent=181"}],"wp:term":[{"taxonomy":"category","embeddable":true,"href":"https:\/\/sporek.com\/blog\/index.php?rest_route=%2Fwp%2Fv2%2Fcategories&post=181"},{"taxonomy":"post_tag","embeddable":true,"href":"https:\/\/sporek.com\/blog\/index.php?rest_route=%2Fwp%2Fv2%2Ftags&post=181"}],"curies":[{"name":"wp","href":"https:\/\/api.w.org\/{rel}","templated":true}]}}