{"id":182,"date":"2009-06-25T07:46:53","date_gmt":"2009-06-25T11:46:53","guid":{"rendered":"http:\/\/sporek.com\/blog\/?p=182"},"modified":"2009-06-25T12:53:32","modified_gmt":"2009-06-25T16:53:32","slug":"x-lecie-w-unii-kredytowej","status":"publish","type":"post","link":"https:\/\/sporek.com\/blog\/?p=182","title":{"rendered":"X-lecie w Unii Kredytowej"},"content":{"rendered":"<p><font style=\"font-family: Verdana\" size=\"2\"><font size=\"2\">Wygl\u0105da na to, \u017ce jubileusze mog\u0105 si\u0119 tak samo zbiega<\/font><\/font><font style=\"font-family: Verdana\" size=\"2\"><font style=\"font-family: Verdana\"><font style=\"font-family: Verdana\"><font style=\"font-family: Verdana\"><font style=\"font-family: Verdana\"><font style=\"font-family: Verdana\">\u0107 z sob\u0105, jak koncerty z zebraniami. Ot\u00f3\u017c Walne Zebranie Sprawozdawczo-Wyborcze, Polsko-S\u0142owia\u0144skiej Federalnej Unii Kredytowej &#8222;przypadkowo&#8221; zbieg\u0142o si\u0119 z moim koncertem w Carnegie Hall, natomiast kroki podj\u0119te przez Centralny Zarz\u0105d Unii Kredytowych dziwnie i jako\u015b w naturalny spos\u00f3b zbiegaj\u0105 si\u0119 z moim jubileuszem 10-lecia wsp\u00f3\u0142pracy z Carnegie Hall i&#8230;10-leciem ustanowienia zarz\u0105du komisarycznego w naszej Unii. <\/font><\/font><\/font><\/font><\/font><\/font><!--more--><font style=\"font-family: Verdana\" size=\"2\"><font style=\"font-family: Verdana\"><font style=\"font-family: Verdana\"><font style=\"font-family: Verdana\"><font style=\"font-family: Verdana\"><font style=\"font-family: Verdana\">Modl\u0119 si\u0119, aby ten jubileusz nie zamieni\u0142 si\u0119 w powt\u00f3rk\u0119 z historii, ale, jak tak dalej p\u00f3jdzie, to&#8230;<br \/>\nCentralny Zarz\u0105d UK wystosowa\u0142 pismo do s\u0105du brookly\u0144skiego, w kt\u00f3rym proponuje, aby ten odst\u0105pi\u0142 od sprawy &#8222;Krystyna Myssura versus Rada Dyrektor\u00f3w PSFUK&#8221;, poniewa\u017c Centralny Zarz\u0105d, jako instytucja federalna sam chce przeprowadzi<\/font><\/font><\/font><\/font><\/font><\/font><font style=\"font-family: Verdana\" size=\"2\"><font style=\"font-family: Verdana\"><font style=\"font-family: Verdana\"><font style=\"font-family: Verdana\"><font style=\"font-family: Verdana\"><font style=\"font-family: Verdana\">\u0107 w\u0142asne dochodzenie i zastosowa<\/font><\/font><\/font><\/font><\/font><\/font><font style=\"font-family: Verdana\" size=\"2\"><font style=\"font-family: Verdana\"><font style=\"font-family: Verdana\"><font style=\"font-family: Verdana\"><font style=\"font-family: Verdana\"><font style=\"font-family: Verdana\">\u0107 w\u0142asne sankcje. Najbardziej bulwersuje zdanie:<br \/>\n<strong>&#8222;Mimo naszej <\/strong>(Centralnego Zarz\u0105du)<strong> jednoznacznej opinii na temat usuni\u0119cia<\/strong> (Krystyny Myssury -przypomn\u0119, \u017ce opinia o nieprawid\u0142owym usuni\u0119ciu KM wp\u0142yn\u0119\u0142a kilka miesi\u0119cy temu), <strong>Rada Dyrektor\u00f3w PSFUK nie podj\u0119\u0142a \u017cadnych krok\u00f3w, aby dostosowa<\/strong><\/font><\/font><\/font><\/font><\/font><\/font><font style=\"font-family: Verdana\" size=\"2\"><font style=\"font-family: Verdana\"><font style=\"font-family: Verdana\"><font style=\"font-family: Verdana\"><font style=\"font-family: Verdana\"><font style=\"font-family: Verdana\"><strong>\u0107 si\u0119 do naszych zalece\u0144, wr\u0119cz odwrotnie, kontynuuje proces s\u0105dowy&#8221;. <\/strong><br \/>\nDziesi\u0119<\/font><\/font><\/font><\/font><\/font><\/font><font style=\"font-family: Verdana\" size=\"2\"><font style=\"font-family: Verdana\"><font style=\"font-family: Verdana\"><font style=\"font-family: Verdana\"><font style=\"font-family: Verdana\"><font style=\"font-family: Verdana\">\u0107 lat temu podobne, samowolne zachowanie rady dyrektor\u00f3w zaowocowa\u0142y &#8222;konserw\u0105&#8221;. Wygl\u0105da na to, \u017ce NCUA swoje, a nasi dyrektorzy swoje. Nie przestrzeganie zalece\u0144 NCUA jest wykroczeniem przeciwko urz\u0119dowi federalnemu&#8230;<br \/>\nW Komisji Nominacyjnej, kt\u00f3ra b\u0119dzie decydowa<\/font><\/font><\/font><\/font><\/font><\/font><font style=\"font-family: Verdana\" size=\"2\"><font style=\"font-family: Verdana\"><font style=\"font-family: Verdana\"><font style=\"font-family: Verdana\"><font style=\"font-family: Verdana\"><font style=\"font-family: Verdana\">\u0107, kto si\u0119 nadaje, lub nie na cz\u0142onka rady dyrektor\u00f3w zasiadaj\u0105 ludzie, kt\u00f3rzy wiernie sekunduj\u0105 obecnemu prezesowi, a wi\u0119c \u0142ami\u0105cy przepisy i zalecenia nadrz\u0119dnej jednostki. Ci ludzie b\u0119d\u0105 poucza<\/font><\/font><\/font><\/font><\/font><\/font><font style=\"font-family: Verdana\" size=\"2\"><font style=\"font-family: Verdana\"><font style=\"font-family: Verdana\"><font style=\"font-family: Verdana\"><font style=\"font-family: Verdana\"><font style=\"font-family: Verdana\">\u0107 kandydat\u00f3w o obowi\u0105zku&#8230;przestrzegania przepis\u00f3w. Parodia i cyrk na ca\u0142ego.<br \/>\nPonawiam m\u00f3j wniosek z poprzednich artyku\u0142\u00f3w, aby prezes i jego wierne grono z rady dyrektor\u00f3w podali si\u0119 do dymisji. I ta jak najszybciej, zanim nadrz\u0119dna instytucja podejmie powa\u017cniejsze kroki, bo co\u015b mi si\u0119 wydaje, \u017ce to dopiero pocz\u0105tek. A Pan Prezes, swoim zwyczajem odpowiada na moje pytanie: &#8222;Przykro mi, ale nie b\u0119d\u0119 z panem o tym rozmawia\u0142&#8221;, czyli zgodnie z obietnicami &#8222;jawno\u015bci i otwarto\u015bci w stosunku do cz\u0142onk\u00f3w sk\u0142adaj\u0105cych pieni\u0105dze w Unii Kredytowej&#8221;, deklarowanych na ka\u017cdym walnym zebraniu. Gratuluj\u0119.<br \/>\n<\/font><\/font><\/font><\/font><\/font><\/font><font size=\"2\"><font style=\"font-family: Verdana\"><font style=\"font-family: Verdana\"><font style=\"font-family: Verdana\"><\/font><\/font><\/font><\/font><font size=\"2\"><font style=\"font-family: Verdana\"><font style=\"font-family: Verdana\"><font style=\"font-family: Verdana\"><font style=\"font-family: Verdana\"><font style=\"font-family: Verdana\"> <\/font><\/font><\/font><\/font><\/font><\/font><\/p>\n","protected":false},"excerpt":{"rendered":"<p>Wygl\u0105da na to, \u017ce jubileusze mog\u0105 si\u0119 tak samo zbiega\u0107 z sob\u0105, jak koncerty z zebraniami. Ot\u00f3\u017c Walne Zebranie Sprawozdawczo-Wyborcze, Polsko-S\u0142owia\u0144skiej Federalnej Unii Kredytowej &#8222;przypadkowo&#8221; zbieg\u0142o si\u0119 z moim koncertem w Carnegie Hall, natomiast kroki podj\u0119te przez Centralny Zarz\u0105d Unii Kredytowych dziwnie i jako\u015b w naturalny spos\u00f3b zbiegaj\u0105 si\u0119 z moim jubileuszem 10-lecia wsp\u00f3\u0142pracy z [&hellip;]<\/p>\n","protected":false},"author":2,"featured_media":0,"comment_status":"open","ping_status":"open","sticky":false,"template":"","format":"standard","meta":[],"categories":[3],"tags":[],"_links":{"self":[{"href":"https:\/\/sporek.com\/blog\/index.php?rest_route=\/wp\/v2\/posts\/182"}],"collection":[{"href":"https:\/\/sporek.com\/blog\/index.php?rest_route=\/wp\/v2\/posts"}],"about":[{"href":"https:\/\/sporek.com\/blog\/index.php?rest_route=\/wp\/v2\/types\/post"}],"author":[{"embeddable":true,"href":"https:\/\/sporek.com\/blog\/index.php?rest_route=\/wp\/v2\/users\/2"}],"replies":[{"embeddable":true,"href":"https:\/\/sporek.com\/blog\/index.php?rest_route=%2Fwp%2Fv2%2Fcomments&post=182"}],"version-history":[{"count":0,"href":"https:\/\/sporek.com\/blog\/index.php?rest_route=\/wp\/v2\/posts\/182\/revisions"}],"wp:attachment":[{"href":"https:\/\/sporek.com\/blog\/index.php?rest_route=%2Fwp%2Fv2%2Fmedia&parent=182"}],"wp:term":[{"taxonomy":"category","embeddable":true,"href":"https:\/\/sporek.com\/blog\/index.php?rest_route=%2Fwp%2Fv2%2Fcategories&post=182"},{"taxonomy":"post_tag","embeddable":true,"href":"https:\/\/sporek.com\/blog\/index.php?rest_route=%2Fwp%2Fv2%2Ftags&post=182"}],"curies":[{"name":"wp","href":"https:\/\/api.w.org\/{rel}","templated":true}]}}