{"id":183,"date":"2009-06-26T00:48:08","date_gmt":"2009-06-26T04:48:08","guid":{"rendered":"http:\/\/sporek.com\/blog\/?p=183"},"modified":"2009-06-27T09:48:27","modified_gmt":"2009-06-27T13:48:27","slug":"naiwny-czy-glupi","status":"publish","type":"post","link":"https:\/\/sporek.com\/blog\/?p=183","title":{"rendered":"Naiwny, czy g\u0142upi&#8230;?"},"content":{"rendered":"<p><span style=\"font-size: 10pt; font-family: Verdana\" lang=\"PL\"><\/span><span style=\"font-size: 10pt; font-family: Verdana\" lang=\"PL\"><\/span><span style=\"font-size: 10pt; font-family: Verdana\" lang=\"PL\"><\/span><span style=\"font-size: 10pt; font-family: Verdana\" lang=\"PL\"><\/span><span style=\"font-size: 10pt; font-family: Verdana\" lang=\"PL\"><\/span><span style=\"font-size: 10pt; font-family: Verdana\" lang=\"PL\"><\/span><span style=\"font-size: 10pt; font-family: Verdana\" lang=\"PL\"><\/span><span style=\"font-size: 10pt; font-family: Verdana\" lang=\"PL\"><\/span><\/p>\n<p class=\"MsoNormal\"><span style=\"font-family: Verdana\"><font size=\"2\">Artyku\u0142 jest d\u0142ugi, przyznaj\u0119, ale te\u017c nie mo\u017cna zamkn\u0105<\/font><span class=\"postbody\">\u0107 spraw polskich w lakonicznej notatce. <\/span><font size=\"2\">To, co mnie zawsze do cna wnerwia\u0142o u przedstawicieli w\u0142adzy, to ich zadufana pewno\u015b<\/font><span class=\"postbody\">\u0107, \u017ce tylko oni wiedz\u0105, co i jak jest politycznie poprawne. Krytykowa\u0107 ich, to ju\u017c polityczna niepoprawno\u015b\u0107. <!--more-->Tymczasem, co jaki\u015b czas ko\u0142o historii wyrzuca ich za burt\u0119, bo ich polityczna &#8222;poprawno\u015b\u0107&#8221; si\u0119gn\u0119\u0142a dna idiotyzmu, lekcewa\u017cenia spo\u0142ecze\u0144stwa, a przede wszystkim za\u015blepienia w\u0142adz\u0105.\u00a0<\/span><font size=\"2\"> Wed\u0142ug polityk\u00f3w muzyk winien zajmowa<\/font><span class=\"postbody\">\u0107 si\u0119 wy\u0142\u0105cznie muzyk\u0105, szewc robieniem but\u00f3w, lekarz opiek\u0105 nad chorymi. Wara wiara od polityki i polityk\u00f3w. My najm\u0105drzejsi. Jako muzyk chc\u0119 przypomnie\u0107, \u017ce wielki pianista, Ignacy Jan Paderewski do dzi\u015b zajmuje poczesne miejsce w hierarchii m\u0119\u017c\u00f3w stanu. Teraz nie ma ju\u017c &#8222;m\u0119\u017c\u00f3w stanu&#8221;, s\u0105 wy\u0142\u0105cznie politycy i politykierzy; od wybor\u00f3w do wybor\u00f3w, &#8211; nie od pokolenia do pokolenia; nie od my\u015blenia o przysz\u0142o\u015bci narodu. Dzi\u015b i teraz, a po nas cho\u0107by potop. <\/span><font size=\"2\">Us\u0142ysza\u0142em zarzut, \u017ce w spos\u00f3b niefrasobliwy, a przy tym krzywdz\u0105cy nar\u00f3d polski napisa\u0142em, i\u017c daj\u0105c Platformie tak wysokie poparcie w sonda\u017cach, nar\u00f3d wykazuje naiwno\u015b<\/font><span class=\"postbody\">\u0107. M\u00f3j adwersarz przeprowadzi\u0142 dow\u00f3d wprost, \u017ce naiwny znaczy tyle samo, co g\u0142upi. Tymczasem w j\u0119zyku polskim s\u0105 dwa, posiadaj\u0105ce swoje indywidualne i odr\u0119bne znaczenia s\u0142owa: naiwno\u015b\u0107 i g\u0142upota. Gdyby by\u0142y jednoznaczne, ktore\u015b z nich powinno znikn\u0105\u0107 z naszego s\u0142ownika. U\u017cywaj\u0105c tego s\u0142owa -naiwny- my\u015bla\u0142em g\u0142\u00f3wnie o tym, \u017ce ma ono koneksje z ufno\u015bci\u0105. I spotykamy si\u0119 z tym na co dzie\u0144. Ot, kto\u015b naiwnie uwierzy\u0142, \u017ce je\u015bli wype\u0142ni jak\u0105\u015b tam aplikacj\u0119 typu &#8222;sweapstake&#8221;, wy\u015ble np. 15 dolar\u00f3w, to otrzyma niebawem czek na milion zielonych. Naiwno\u015b\u0107 po\u0142\u0105czona z nieznajomo\u015bci\u0105 dzia\u0142ania tych reklam. Ale, czy g\u0142upota? Nie? Chcia\u0142 uwierzy\u0107, bo marzy o poprawieniu sobie bytu.<\/span><br \/>\n<span class=\"postbody\">Nie odwa\u017cy\u0142bym si\u0119 u\u017cy\u0107 s\u0142owa &#8222;naiwno\u015b\u0107&#8221;, jako r\u00f3wnoznacznika g\u0142upoty, tym bardziej w stosunku do narodu, z kt\u00f3rego pochodz\u0119. A teraz zastrzegam sobie prawo do u\u017cycia tego s\u0142owa, jako synonimu ufno\u015bci w co\u015b, lub w kogo\u015b, kto sprawia\u0142 wra\u017cenie, \u017ce chce dobrze. Kandydaci do przej\u0119cia rz\u0105d\u00f3w w Polsce, p\u00f3\u0142tora roku temu robili wszystko, aby sprawi\u0107 wra\u017cenie, \u017ce chc\u0105 dobrze. Nar\u00f3d ich wybra\u0142. By\u0142o p\u00f3\u0142tora roku &#8222;nic-nierobienia&#8221;, ale ufno\u015b\u0107 nie spada\u0142a. Naiwnie podtrzymywano wiar\u0119 w to, \u017ce co\u015b si\u0119 jednak zmieni i to na lepsze. Z r\u00f3wn\u0105 ufno\u015bci\u0105 owe 24 procent spo\u0142ecze\u0144stwa posz\u0142o do urn, aby wybra\u0107 euro-pos\u0142\u00f3w. W naiwnej ufno\u015bci, czyli z wiar\u0105 niepopart\u0105 jednakowo\u017c wnikliwym analizowaniem tego, co si\u0119 dzieje, oddaj\u0105cy g\u0142os ponownie dali kredyt zaufania.<\/span><br \/>\n<span class=\"postbody\">Dwa mininone dni by\u0142y swego rodzaju trz\u0119sieniem ziemi w Polskim parlamencie i w polskiej sferze politycznej. Czy ufno\u015b\u0107 pozbawiona zostanie naiwno\u015bci? Nie wiem. Powod\u00f3w, aby tak si\u0119 sta\u0142o jest kilka.<\/span> <\/span><\/p>\n<p class=\"MsoNormal\"><span style=\"font-family: Verdana\"><font size=\"2\">Deficyt bud\u017cetowy: <\/font><\/span><span style=\"font-family: Verdana\"><font size=\"2\">Oto skandaliczna wypowied\u017a premiera, Donalda Tuska z sejmowej m\u00f3wnicy: <\/font><strong><em>\u201eKiedy jest sztorm, kiedy wszyscy na statku rzeczywi\u015bcie powinni sobie pomaga<span class=\"postbody\">\u0107, \u017ceby przez ten sztorm przep\u0142yn\u0105\u0107. I znajduje si\u0119 grupa ludzi, kt\u00f3ra w tym czasie, kiedy wszyscy, bez wyj\u0105tku ci\u0119\u017cko pracuj\u0105, pl\u0105druj\u0105 walizki pasa\u017cer\u00f3w.\u201d\u00a0 <\/span><\/em><\/strong><span class=\"postbody\">Zacytowa\u0142em s\u0142owo, w s\u0142owo z telewizyjnej wypowiedzi. Nie jest to sk\u0142adnia czysto polska, ale sens mo\u017cna zrozumie\u0107.<\/span> <\/span><span class=\"postbody\"><span style=\"font-family: Verdana\"><font size=\"2\">Drodzy Czytelnicy, czy rozumiecie to, co ja, czy ja mam jaki\u015b problem ze zrozumieniem j\u0119zyka polskiego? Bo mo\u017cna te\u017c zrozumie<\/font><\/span><\/span><span style=\"font-family: Verdana\"><span class=\"postbody\"><font size=\"2\">\u0107, \u017ce te walizki pl\u0105druj\u0105 ci w\u0142a\u015bnie, kt\u00f3rzy ci\u0119\u017cko pracuj\u0105.<\/font> <\/span><\/span><span class=\"postbody\"><span style=\"font-family: Verdana\"><font size=\"2\">P\u00f3\u0142 roku temu opozycja, ale przede wszystkim prezydent Kaczy\u0144ski wzywali do wsp\u00f3lnej debaty nad planem antykryzysowym. Premier uwa\u017ca\u0142 jednak, \u017ce Polska &#8222;z kraja&#8221;, nas kryzys nie dosi\u0119gnie. S\u0142ynna paplanina w Davos: &#8222;<\/font><strong>Polska jest oaz\u0105 spokoju na wzburzonym oceanie kryzysu&#8221;. <\/strong><font size=\"2\">Tusk kocha metafory, ale tym nie wy\u017cywi si\u0119 narodu i nie za\u0142ata dziur bud\u017cetowych. <\/font><\/span><\/span><span class=\"postbody\"><span style=\"font-family: Verdana\"><font size=\"2\">25 czerwca, 2009 premier grzmia\u0142 z m\u00f3wnicy, miel\u0105c w ustach niesmaczn\u0105 metafor\u0119 o statku, sztormie i pl\u0105drowaniu walizek. Kto to s\u0105 ci &#8222;ci\u0119\u017cko pracuj\u0105cy&#8221;?<\/font><\/span><\/span> <span class=\"postbody\"><span style=\"font-family: Verdana\"><font size=\"2\">Czy premier wie, jak nazywaj\u0105 si\u0119 ludzie, kt\u00f3rzy rozkradaj\u0105 mienie ofiar katastrof? Premier obrazi\u0142 moje uczucia patriotyczne. Jestem z prawej strony, a ta strona jest w opozycji. Czy dlatego, \u017ce jest si\u0119 w opozycji przestaje sie by\u0107 patriot\u0105? Za te s\u0142owa premier powinien odpowiedzie\u0107 przed Trybuna\u0142em Stanu. Postawi\u0142 znak r\u00f3wno\u015bci pomi\u0119dzy ludzkimi hienami, wyzutymi z ludzkich uczu\u0107 i \u017ceruj\u0105cymi po\u015br\u00f3d cia\u0142 ofiar, rozkradaj\u0105cymi ich dobytek, a opozycj\u0105. Akurat on nie ma prawa tak m\u00f3wi\u0107.<\/font><\/span><\/span><\/p>\n<p class=\"MsoNormal\"><span class=\"postbody\"><span style=\"font-family: Verdana\"><font size=\"2\">Bardzo dziwnie zabrzmia\u0142 g\u0142os \u201ebohatera\u201d tego dramatu, ministra Rostowskiego. Powiedzia\u0142 z sejmowej m\u00f3wnicy: <\/font><em>\u201eMusz\u0105 by\u0107 jakie\u015b granice absurdu, &#8211; tyle k\u0142amstw, w tak kr\u00f3tkim okresie?\u201d <\/em><font size=\"2\">Wygl\u0105da\u0142o na to, \u017ce zarzuca te k\u0142amstwa opozycji, a ja my\u015bl\u0119, \u017ce powinno to by\u0107 pytanie do niego i jego szefa, Donalda Tuska&#8230; -Tyle k\u0142amstw w tak kr\u00f3tkim czasie? <span class=\"postbody\"><span style=\"font-family: Verdana\"><font size=\"2\">Musi <\/font><\/span><\/span><span class=\"postbody\"><span style=\"font-family: Verdana\"><font size=\"2\">przecie\u017c by\u0107 jaka\u015b granica absurdu. I s\u0142usznie, panie ministrze finans\u00f3w. A radzi to panu&#8230;muzyk.<\/font><\/span><\/span><\/font><\/span><\/span><\/p>\n<p class=\"MsoNormal\"><span class=\"postbody\"><span style=\"font-family: Verdana\"><font size=\"2\">Lista podatk\u00f3w na rok przysz\u0142y, kt\u00f3re mog\u0105 zosta\u0107 podwy\u017cszone zaczyna si\u0119 wyd\u0142u\u017ca\u0107. Politycy PO m\u00f3wi\u0105 o powrocie 40-procentowej stawki PIT, czy o podwy\u017cszeniu sk\u0142adki rentowej.<\/font><\/span><\/span><span style=\"font-family: Verdana\"><font size=\"2\"> I tak dochodzi do paradoksu:<strong> liberalny rz\u0105d PO podwy\u017csza podatki, kt\u00f3re obni\u017cy\u0142 prawicowy, pono<\/strong><\/font><\/span><font size=\"2\"><strong><span class=\"postbody\"><span style=\"font-family: Verdana\">\u0107<\/span><\/span><span style=\"font-family: Verdana\"> konserwatywny rz\u0105d PiSu. Chichot historii, ale trudno tu p\u0119ka<\/span><span class=\"postbody\"><span style=\"font-family: Verdana\">\u0107<\/span><\/span><span style=\"font-family: Verdana\"> ze \u015bmiechu.<\/span><\/strong><\/font><\/p>\n<p class=\"MsoNormal\"><span class=\"postbody\"><span style=\"font-family: Verdana\"><font size=\"2\">Niestety, konflikt w koalicji zaczyna by\u0107 widoczny i to jest bardzo niepokoj\u0105ce, bo akurat teraz najmniej potrzebne s\u0105 Polsce przedterminowe wybory. S\u0105 inne wyj\u015bcia.<br \/>\n<\/font><\/span><\/span><\/p>\n<p class=\"MsoNormal\"><span class=\"postbody\"><span style=\"font-family: Verdana\"><font size=\"2\">Eugeniusz K\u0142opotek, pose\u0142 z PSL:<\/font><\/span><\/span> <span class=\"postbody\"><em><span style=\"font-family: Verdana\"><font size=\"2\">\u201eMinister Rostowski m\u00f3g\u0142by zacz\u0105\u0107 od siebie, od swojego resortu; czy naprawd\u0119 jest potrzeba, \u017ceby mia\u0142 o\u015bmiu, czy nawet dziewi\u0119ciu podsekretarzy stanu?\u201d <\/font><\/span><\/em><\/span><\/p>\n<p class=\"MsoNormal\"><span class=\"postbody\"><span style=\"font-family: Verdana\"><font size=\"2\">Premier m\u00f3wi: <\/font><strong>\u201eB\u0119dziemy mie\u0107 odwag\u0119 Polakom powiedzie\u0107, je\u015bli zajdzie taka potrzeba o ewentualnej podwy\u017cce podatk\u00f3w\u201d. <\/strong><font size=\"2\">Odwag\u0105 by\u0142oby przyznanie si\u0119 do winy zaniedbania, lekcewa\u017cenia i ok\u0142amywania spo\u0142ecze\u0144stwa.<\/font><\/span><\/span><\/p>\n<p class=\"MsoNormal\"><span class=\"postbody\"><span style=\"font-family: Verdana\"><font size=\"2\">Za\u015b szef Kancelarii Prezydenta odpowiada: <\/font><strong><em>\u201eRz\u0105d proponuje najbardziej prymitywne rozwi\u0105zanie mo\u017cliwe: je\u017celi brakuje w bud\u017cecie pieni\u0119dzy, no to po prostu zabra\u0107 obywatelom\u201d.<\/em><\/strong><font size=\"2\"> Opozycja\u00a0 w sali sejmowej u\u017cywa\u0142a tych samych argument\u00f3w, k\u0142opot w tym, \u017ce od pocz\u0105tku rz\u0105d PO-PSL nie s\u0142ucha\u0142 jej g\u0142osu.<\/font><\/span><\/span><\/p>\n<p class=\"MsoNormal\"><span class=\"postbody\"><span style=\"font-family: Verdana\"><font size=\"2\">Polityka w naszym kraju opiera si\u0119 na chorej ambicji, a nie na dobrej woli gospodarskiego rz\u0105dzenia krajem.<\/font><\/span><\/span><\/p>\n<p class=\"MsoNormal\"><span style=\"font-family: Verdana\"><font size=\"2\">A jednak, wniosek o odwo\u0142anie Rostowskiego nie przeszed\u0142. Ta nieodpowiedzialna decyzja spada wy\u0142\u0105cznie na Platform\u0119 i na PSL. <\/font><\/span><span style=\"font-family: Verdana\"><font size=\"2\">PO coraz cz\u0119\u015bciej odkrywa swoje prawdziwe oblicze. Promuj\u0105c Platform\u0119 przed wyborami, premier swoim zwyczajem, czarne nazywa\u0142 bia\u0142ym i odwrotnie. Obiecywa\u0142 r\u00f3wnie\u017c i nawo\u0142ywa\u0142, \u017ce musimy wej\u015b<\/font><span class=\"postbody\">\u0107<\/span><font size=\"2\"> do strefy Euro. Tymczasem Komisarz UE d\/s gorspodarczych i walutowych, Joaquin Almunia oznajmi\u0142, \u017ce perpsektywa naszego wej\u015bcia do strefy euro oddala si\u0119 i w tej chwili nie jest realna wcze\u015bniej, ni\u017c po pi\u0119ciu latach. <\/font><\/span><span style=\"font-family: Verdana\"><font size=\"2\">Ju\u017c w kwietniu, nasz minister finans\u00f3w, na pytanie tego\u017c Komisarza UE, \u201eJacek, co si\u0119 dzieje?\u201d &#8211; odpowiedzia\u0142: \u201dnie wiem\u201d. \u00a0<\/font><\/span><\/p>\n<p class=\"MsoNormal\"><span style=\"font-family: Verdana\"><font size=\"2\">Zwracam uwag\u0119: <\/font><strong>w kwietniu<\/strong><font size=\"2\">. A co s\u0142yszeli\u015bmy przed wyborami? \u201eJak najszybciej eouro\u201d, zaraz potem s\u0142yszeli\u015bmy, \u017ce w \u201edrugiej po\u0142owie tego roku wejdziemy do RM2\u201d, &#8211; mimo, i\u017c te dwie rzeczy od samego pocz\u0105tku by\u0142y kompletnie nierealistyczne, ale to akurat nie przeszkadza\u0142o ekipie Tuska i jemu samemu bajerowa<\/font><span class=\"postbody\">\u0107<\/span><font size=\"2\"> obywateli przed wyborami. Dalej s\u0142yszeli\u015bmy: \u201ekryzys nas omija\u201d, \u201enasza gospodarka jest wiod\u0105ca nawet w por\u00f3wnaniu z takimi pot\u0119gami, jak Niemcy, czy Francja\u201d itp. bzdury. <\/font><\/span><\/p>\n<p class=\"MsoNormal\"><span style=\"font-family: Verdana\"><font size=\"2\">\u201eTo bardzo dziwne\u201d-, komentuje komisarz UE- \u017ce minister finans\u00f3w nie wie&#8230;&#8221;. <\/font><\/span><\/p>\n<p class=\"MsoNormal\"><span style=\"font-family: Verdana\"><font size=\"2\">Teraz ciekawi mnie, sk\u0105d w czerwcu TV Polska wzi\u0119\u0142a migawk\u0119 z konferencji prasowej Joaquin Almunia\u2019ego? Nigdy przedtem tego materia\u0142u nie pokazano; <\/font><\/span><span style=\"font-family: Verdana\"><font size=\"2\">Cisn\u0105 si\u0119 dwa smutne wnioski: <\/font><\/span><\/p>\n<p class=\"MsoNormal\"><strong><span style=\"font-family: Verdana\"><font size=\"2\">1<\/font><\/span><\/strong><span style=\"font-family: Verdana\"><font size=\"2\">-Rz\u0105d, co najmniej od kwietnia, w\u0142a\u015bnie od tego pytania komisarza wiedzia\u0142, \u017ce idzie w z\u0142ym kierunku. A co m\u00f3wi\u0142 obywatelom&#8230;?\u00a0 wi\u0119c k\u0142amstwa, k\u0142amstwa, PR i pogo\u0144 za stanowiskami w Parlamencie Europejskim. <\/font><\/span><\/p>\n<p class=\"MsoNormal\"><span style=\"font-family: Verdana\"><font size=\"2\">I wniosek drugi, a w nim dwa podpunkty: <\/font><\/span><\/p>\n<p class=\"MsoNormal\"><strong><span style=\"font-family: Verdana\"><font size=\"2\">A<\/font><\/span><\/strong><span style=\"font-family: Verdana\"><font size=\"2\">-Je\u017celi polskie media wiedzia\u0142y o sprawie od kwietnia, to znaczy, \u017ce w serdecznej sympatii do platformerskiego rz\u0105du ukry\u0142y t\u0119 wiadomo\u015b<span class=\"postbody\">\u0107<\/span>. Mamy wi\u0119c do czynienia z bezczelnym uchybieniem etyce dziennikarskiej w stosunku do obywateli. <\/font><\/span><\/p>\n<p class=\"MsoNormal\"><strong><span style=\"font-family: Verdana\"><font size=\"2\">B<\/font><\/span><\/strong><span style=\"font-family: Verdana\"><font size=\"2\">&#8211; Je\u015bli otrzyma\u0142y ten materia\u0142 teraz od obcych redakcji, to znaczy, \u017ce g\u0142upot\u0119 i niekompetencj\u0119 polskiego rz\u0105du i jego ministra finans\u00f3w ogl\u0105dali wcze\u015bniej obywatele innych kraj\u00f3w, a wi\u0119c wystawiono nas na \u015bmiech i kompromitacj\u0119. <\/font><\/span><\/p>\n<p class=\"MsoNormal\"><span style=\"font-family: Verdana\"><font size=\"2\">Wyobra\u017amy sobie, \u017ce taka wpadka przydarza si\u0119 komu\u015b z otoczenia braci Kaczy\u0144skich, albo, nie daj Bo\u017ce, kt\u00f3remu\u015b z Bli\u017aniak\u00f3w&#8230; Strach si\u0119 ba<\/font><span class=\"postbody\">\u0107.<\/span> <\/span><\/p>\n<p class=\"MsoNormal\"><span class=\"postbody\"><span style=\"font-family: Verdana\"><font size=\"2\">Ustawa medialna,<\/font><\/span><\/span><span style=\"font-family: Verdana\"><font size=\"2\"> czyli finansowa kastracja medi\u00f3w, to skandal poprzedniego tygodnia. Jest to ostateczne podporz\u0105dkowanie medi\u00f3w polityce i politykom. Nawet prorz\u0105dowi dotychczas dziennikarze stwierdzaj\u0105, \u017ce rz\u0105d po prostu podporz\u0105dkowuje sobie media, a to staje si\u0119 \u00a0ju\u017c katastrof\u0105. Dziennikarze otwarcie m\u00f3wi\u0105, \u017ce je\u015bli chodzi o telewizj\u0119, to jest to koniec telewizji publicznej, o ile nie stanie si\u0119 to ko\u0144cem medi\u00f3w w og\u00f3le. <\/font><span class=\"postbody\">Prezydent mo\u017ce j\u0105 podpisa\u0107, zawetowa\u0107, albo odes\u0142a\u0107 do Trybuna\u0142u Konstytucyjnego. Najbardziej prawdopodobn\u0105 jawi si\u0119 ta trzecia mo\u017cliwo\u015b\u0107, a w\u00f3wczas sprawa mo\u017ce bardzo si\u0119 przeci\u0105gn\u0105\u0107. W tym wypadku, sztandarowe has\u0142o PO: \u201eLikwidacja abonament\u00f3w\u201d nie doczeka si\u0119 w najbli\u017cszym czasie realizacji. <\/span><\/span><span class=\"postbody\"><span style=\"font-family: Verdana\"><font size=\"2\">I chwa\u0142a Bogu.<\/font><\/span><\/span><\/p>\n<p class=\"MsoNormal\"><span class=\"postbody\"><span style=\"font-family: Verdana\"><font size=\"2\">Chodzi o kwot\u0119 880 milion\u00f3w z\u0142otych. Na subwencj\u0119 t\u0119 i tak musi wyda\u0107 zgod\u0119 Komisja Europejska, a o ile wierzy\u0107 polskim mediom &#8211; nie ma, jak na razie na to zgody.<\/font><\/span><\/span><\/p>\n<p class=\"MsoNormal\"><span class=\"postbody\"><span style=\"font-family: Verdana\"><font size=\"2\">Dr. Zbigniew Bajka, medioznawca z Uniwersytetu Jagiello\u0144skiego: <\/font><em>\u201e&#8230;Przecie\u017c by\u0142y projekty likwidacji. Likwidacji o\u015brodk\u00f3w regionalnych, sprzeda\u017cy, skomercjalizowania, by\u0107 mo\u017ce, \u017ce to jest bardzo wa\u017cny etap na drodze do likwidacji w og\u00f3le telewizji publicznej w Polsce\u201d.<\/em><\/span><\/span><\/p>\n<p class=\"MsoNormal\"><span class=\"postbody\"><span style=\"font-family: Verdana\"><font size=\"2\">Po raz pierwszy od obj\u0119cia rz\u0105d\u00f3w przez ekip\u0119 Donalda Tuska us\u0142ysza\u0142em opublikowan\u0105 w telewizyjnych \u201eWiadomo\u015bciach\u201d opini\u0119, \u017ce premier zosta\u0142 pozbawiony wiarygodno\u015bci. Dlaczego? Dlatego, \u017ce ok\u0142ama\u0142 nawet swoich koalicjant\u00f3w. A mo\u017ce o likwidacj\u0119 takich o\u015bwiadcze\u0144 chodzi obecnemu rz\u0105dowi? To przecie\u017c za rz\u0105d\u00f3w Platformy wyrzucono z telewizji \u201eMisj\u0119 Specjaln\u0105\u201d pod redakcj\u0105 Anity Gargas. Komu przeszkadza\u0142a?<\/font><\/span><\/span><\/p>\n<p class=\"MsoNormal\"><span class=\"postbody\"><span style=\"font-family: Verdana\"><font size=\"2\">Stawka abonamentowa, to 17 z\u0142otych. P\u00f3ki ustawa nie wesz\u0142a w \u017cycie, p\u0142acenie abonamentu jest obowi\u0105zkiem. Problem w tym, \u017ce populistyczna zapowied\u017c premiera o likwidacji abonamentu spowodowa\u0142a, i\u017c \u015bci\u0105galno\u015b\u0107 abonamentu wyra\u017anie spad\u0142a.<\/font><\/span><\/span><\/p>\n<p class=\"MsoNormal\"><span class=\"postbody\"><span style=\"font-family: Verdana\"><font size=\"2\">Dr. Karol Jakubowicz, medioznawca: <\/font><em>\u201ePieni\u0119dzy b\u0119dzie coraz mniej, czy to abonamentowych, czy to bud\u017cetowych i w zwi\u0105zku z tym czeka je (media) agonia prowadz\u0105ca by\u0107 mo\u017ce do \u015bmierci\u201d.<\/em><\/span><\/span><\/p>\n<p class=\"MsoNormal\"><span style=\"font-family: Verdana\"><font size=\"2\">Chwa\u0142a rz\u0105dz\u0105cym. A na koniec smutna prognoza: im d\u0142u\u017cej nar\u00f3d b\u0119dzie naiwny, tym konsekwentniej zbli\u017ca<\/font><span class=\"postbody\">\u0107 si\u0119 b\u0119dzie do g\u0142upoty. <\/span><\/span><span class=\"postbody\"><span style=\"font-family: Verdana\"><font size=\"2\">Wtedy sformu\u0142owanie naiwno\u015b\u0107 = g\u0142upota b\u0119dzie w pe\u0142ni uzasadnione.<\/font><\/span><\/span><\/p>\n<p class=\"MsoNormal\"><span style=\"font-family: Verdana\"><\/span><\/p>\n<p><span style=\"font-size: 10pt; font-family: Verdana\" lang=\"PL\"><\/span><\/p>\n","protected":false},"excerpt":{"rendered":"<p>Artyku\u0142 jest d\u0142ugi, przyznaj\u0119, ale te\u017c nie mo\u017cna zamkn\u0105\u0107 spraw polskich w lakonicznej notatce. To, co mnie zawsze do cna wnerwia\u0142o u przedstawicieli w\u0142adzy, to ich zadufana pewno\u015b\u0107, \u017ce tylko oni wiedz\u0105, co i jak jest politycznie poprawne. Krytykowa\u0107 ich, to ju\u017c polityczna niepoprawno\u015b\u0107.<\/p>\n","protected":false},"author":2,"featured_media":0,"comment_status":"open","ping_status":"open","sticky":false,"template":"","format":"standard","meta":[],"categories":[3],"tags":[],"_links":{"self":[{"href":"https:\/\/sporek.com\/blog\/index.php?rest_route=\/wp\/v2\/posts\/183"}],"collection":[{"href":"https:\/\/sporek.com\/blog\/index.php?rest_route=\/wp\/v2\/posts"}],"about":[{"href":"https:\/\/sporek.com\/blog\/index.php?rest_route=\/wp\/v2\/types\/post"}],"author":[{"embeddable":true,"href":"https:\/\/sporek.com\/blog\/index.php?rest_route=\/wp\/v2\/users\/2"}],"replies":[{"embeddable":true,"href":"https:\/\/sporek.com\/blog\/index.php?rest_route=%2Fwp%2Fv2%2Fcomments&post=183"}],"version-history":[{"count":0,"href":"https:\/\/sporek.com\/blog\/index.php?rest_route=\/wp\/v2\/posts\/183\/revisions"}],"wp:attachment":[{"href":"https:\/\/sporek.com\/blog\/index.php?rest_route=%2Fwp%2Fv2%2Fmedia&parent=183"}],"wp:term":[{"taxonomy":"category","embeddable":true,"href":"https:\/\/sporek.com\/blog\/index.php?rest_route=%2Fwp%2Fv2%2Fcategories&post=183"},{"taxonomy":"post_tag","embeddable":true,"href":"https:\/\/sporek.com\/blog\/index.php?rest_route=%2Fwp%2Fv2%2Ftags&post=183"}],"curies":[{"name":"wp","href":"https:\/\/api.w.org\/{rel}","templated":true}]}}