{"id":184,"date":"2009-07-07T09:22:03","date_gmt":"2009-07-07T13:22:03","guid":{"rendered":"http:\/\/sporek.com\/blog\/?p=184"},"modified":"2009-07-07T09:26:41","modified_gmt":"2009-07-07T13:26:41","slug":"kultura-w-zagrozeniu","status":"publish","type":"post","link":"https:\/\/sporek.com\/blog\/?p=184","title":{"rendered":"Kultura w zagro\u017ceniu!"},"content":{"rendered":"<p class=\"MsoNormal\">Nie pierwszy to raz, \u017ce lenistwo i cwaniactwo jednych k\u0142adzie kres dzia\u0142alno\u015bci czego\u015b, co przynosi\u0142o po\u017cytek wielu. W Nowym Jorku mieli\u015bmy bolesny przypadek &#8222;Naszego Radia&#8221;, za\u0142o\u017conego onegdaj przez red. Jerzego Bekkera. Specjalnie nastrojone na odpowiednie fale radio-odbiorniki zakupi\u0142o kilka tysi\u0119cy potencjalnych s\u0142uchaczy, deklaruj\u0105c przy zakupie miesi\u0119czn\u0105 op\u0142at\u0119 abonamentow\u0105, a potem z tych kilku tysi\u0119cy zaledwie kilkaset dope\u0142nia\u0142o obowi\u0105zku wp\u0142aty abonamentu. <!--more-->Radio pad\u0142o. podobn\u0105 sytuacj\u0119 b\u0119d\u0105 mie<font size=\"3\" face=\"Calibri\"><font size=\"3\">\u0107 wkr\u00f3tce media w polsce, a zacznie si\u0119 od radia i telewizji w\u0142a\u015bnie. Cudotw\u00f3rca pu\u015bci\u0142 informacj\u0119, \u017ce jego cudotw\u00f3rczy rz\u0105d zrobi dobrze spo\u0142ecze\u0144stwu i we\u017amie na siebie utrzymanie medi\u00f3w. Spo\u0142ecze\u0144stwo nie dostrzeg\u0142o podtektsu. Dostrzegali je specjali\u015bci, dostrzegali je pracownicy medi\u00f3w. Spo\u0142ecze\u0144stwo z\u0142apa\u0142o obietnic\u0119, jako niezwyk\u0142e udogodnienie \u017cyciowe; ot nie musz\u0105 p\u0142aci<\/font><\/font><font size=\"3\" face=\"Calibri\"><font size=\"3\">\u0107 &#8222;horrendalnej&#8221; kwoty 17 (siedemnastu) z\u0142otych miesi\u0119cznie. I nast\u0105pi\u0142 gwa\u0142towny spadek op\u0142at. Tymczasem Cudotw\u00f3rca odwr\u00f3ci\u0142 si\u0119 do wszystkich swoim chudym ty\u0142kiem i powiedzia\u0142, \u017ce pieni\u0119dzy w skarbcu nie ma, bo&#8230;kryzys &#8211; ale d\u0142ugo, d\u0142ugo kryzysu mia\u0142o nie by<\/font><\/font><font size=\"3\" face=\"Calibri\"><font size=\"3\">\u0107 (te\u017c jakim\u015b cudem). I oto mamy pierwsze rezultaty:<br \/>\n<\/font><\/font><\/p>\n<p class=\"MsoNormal\"><strong><font size=\"4\" face=\"Calibri\"><strong><font size=\"4\">8 lipca radiowa Dw\u00f3jka zamilknie na  24 godziny.<\/font><\/strong><\/font><\/strong><\/p>\n<p class=\"MsoNormal\"><strong><font size=\"4\" face=\"Calibri\"><strong><font size=\"4\">To protest przeciwko dramatycznemu  spadkowi finansowania jej misji.<\/font><\/strong><\/font><\/strong><\/p>\n<p class=\"MsoNormal\">\u00a0<font size=\"3\" face=\"Calibri\"><font size=\"3\">Pogarszaj\u0105ca si\u0119 sytuacja finansowa Programu zmusi\u0142a nas  do wyj\u0105tkowej formy protestu. To apel, kt\u00f3ry kierujemy do s\u0142uchaczy, naszych  przyjaci\u00f3\u0142, do \u015brodowisk tw\u00f3rczych, koleg\u00f3w dziennikarzy i tych, kt\u00f3rzy decyduj\u0105  o losie publicznych medi\u00f3w. <\/font><\/font><\/p>\n<p class=\"MsoNormal\"><font size=\"3\" face=\"Calibri\"><font size=\"3\">My \u2013  zesp\u00f3\u0142 Programu 2 Polskiego Radia, nie godzimy si\u0119 na degradacj\u0119 najwa\u017cniejszych  element\u00f3w misji radia publicznego. Nasz\u0105 dzia\u0142alno\u015b\u0107 kulturaln\u0105 i edukacyjn\u0105  prowadzili\u015bmy zawsze z pe\u0142nym zaanga\u017cowaniem i na najwy\u017cszym poziomie.  Pogarszaj\u0105c\u0105 si\u0119 sytuacj\u0119 finansow\u0105 traktowali\u015bmy dot\u0105d jako przej\u015bciowe  k\u0142opoty.<\/font><\/font><\/p>\n<p class=\"MsoNormal\"><font size=\"3\" face=\"Calibri\"><font size=\"3\">Dzisiejszy stan debaty o mediach publicznych odebra\u0142 nam  nadziej\u0119 na rozwi\u0105zanie problemu w najbli\u017cszej przysz\u0142o\u015bci. Uwaga opinii  publicznej jest kierowana niemal wy\u0142\u0105cznie na problemy telewizji i na spory  polityczne. Mamy wra\u017cenie, \u017ce g\u0142os kultury jest w dyskusji lekcewa\u017cony, a nasza  dzia\u0142alno\u015b\u0107 \u2013 pomijana i przemilczana.<\/font><\/font><\/p>\n<p class=\"MsoNormal\"><font size=\"3\" face=\"Calibri\"><font size=\"3\">Brak  gwarancji stabilnego finansowania Polskiego Radia uderza przede wszystkim w  Program 2, w ca\u0142o\u015bci utrzymywany ze \u015brodk\u00f3w publicznych. W tym roku nie sta\u0107 nas  ju\u017c na organizacj\u0119 Festiwalu Muzycznego Polskiego Radia, z anteny znika  tw\u00f3rczo\u015b\u0107 wsp\u00f3\u0142czesna, zar\u00f3wno literacka jak i muzyczna. Nie mamy pieni\u0119dzy na  zaplanowane nagrania i koncerty, nie mo\u017cemy wesprze\u0107 presti\u017cowych festiwali,  kt\u00f3re dot\u0105d wsp\u00f3\u0142organizowali\u015bmy. Nawet nasza zgoda na radykalne zmniejszenie  honorari\u00f3w dziennikarskich nie rozwi\u0105za\u0142a tej trudnej sytuacji. Przed nami  jubileuszowy Rok Chopinowski. Tradycja Polskiego Radia od pocz\u0105tku istnienia  zobowi\u0105zuje nas do w\u0142\u0105czenia si\u0119 w jego organizacj\u0119. W obecnej sytuacji  finansowej wydaje si\u0119 to nierealne.<\/font><\/font><\/p>\n<p class=\"MsoNormal\"><font size=\"3\" face=\"Calibri\"><font size=\"3\">Program 2 Polskiego Radia nie nadaje reklam, naszej  dzia\u0142alno\u015bci nie spos\u00f3b powierzy\u0107 mechanizmom rynku. W krajach o rozwini\u0119tej  gospodarce rynkowej istniej\u0105 sprawdzone metody utrzymywania dzia\u0142alno\u015bci takich  program\u00f3w, jak nasz. Tym wi\u0119kszy niepok\u00f3j budzi w nas brak jednoznacznych  deklaracji os\u00f3b, kt\u00f3re decyduj\u0105 o losie polskich medi\u00f3w.<\/font><\/font><\/p>\n<p class=\"MsoNormal\"><font size=\"3\" face=\"Calibri\"><font size=\"3\">Nie  godzimy si\u0119 na marginalizowanie kultury. My \u2013 zesp\u00f3\u0142 Programu 2 \u2013 nie chcemy  walczy\u0107 sami!<\/font><\/font><\/p>\n<p class=\"MsoNormal\"><font size=\"3\" face=\"Calibri\"><font size=\"3\">8  lipca Dw\u00f3jka zamilknie, zwracaj\u0105c w ten spos\u00f3b uwag\u0119 na kwestie pomijane w  debacie publicznej.<\/font><\/font><\/p>\n<p class=\"MsoNormal\"><font size=\"3\" face=\"Calibri\"><font size=\"3\">Na  antenie \u2013 przez ca\u0142\u0105 dob\u0119 \u2013 podawany b\u0119dzie jedynie nast\u0119puj\u0105cy  komunikat:<\/font><\/font><\/p>\n<p class=\"MsoNormal\">\u00a0<em><font size=\"3\" face=\"Times New Roman\"><span style=\"font-family: 'Times New Roman'\"><em><font size=\"3\">Szanowni  Pa\u0144stwo,<\/font><\/em><\/span><\/font><\/em><\/p>\n<p class=\"MsoNormal\"><em><font size=\"3\" face=\"Times New Roman\"><span style=\"font-family: 'Times New Roman'\"><em><font size=\"3\">to  jest akcja protestacyjna Zespo\u0142u Programu 2. <\/font><\/em><\/span><\/font><\/em><\/p>\n<p class=\"MsoNormal\"><em><font size=\"3\" face=\"Times New Roman\"><span style=\"font-family: 'Times New Roman'\"><em><font size=\"3\">Nasze  istnienie jest zagro\u017cone mi\u0119dzy innymi na skutek dramatycznie zmniejszaj\u0105cych  si\u0119 wp\u0142yw\u00f3w z abonamentu. <\/font><\/em><\/span><\/font><\/em><\/p>\n<p class=\"MsoNormal\"><em><font size=\"3\" face=\"Times New Roman\"><span style=\"font-family: 'Times New Roman'\"><em><font size=\"3\">Tylko  stabilne finansowanie pozwoli zachowa\u0107 na dotychczasowym poziomie nasz\u0105 ofert\u0119  muzyczn\u0105, literack\u0105 i publicystyczn\u0105.<\/font><\/em><\/span><\/font><\/em><\/p>\n<p class=\"MsoNormal\"><em><font size=\"3\" face=\"Times New Roman\"><span style=\"font-family: 'Times New Roman'\"><em><font size=\"3\">Tylko\u00a0  zapewnienie \u015brodk\u00f3w odpowiadaj\u0105cych zakresowi pe\u0142nionej przez nas misji  kulturalnej i edukacyjnej uchroni nasz Program przed nadaniem w najbli\u017cszym  czasie ostatniej audycji: Requiem dla Dw\u00f3jki. <\/font><\/em><\/span><\/font><\/em><\/p>\n<p class=\"MsoNormal\"><em><font size=\"3\" face=\"Times New Roman\"><span style=\"font-family: 'Times New Roman'\"><em><font size=\"3\">Nie  skazujmy radia publicznego na milczenie. <\/font><\/em><\/span><\/font><\/em><\/p>\n<p class=\"MsoNormal\">\u00a0<font size=\"3\" face=\"Calibri\"><font size=\"3\">Zesp\u00f3\u0142 Programu 2 Polskiego Radia<\/font><\/font><\/p>\n<p class=\"MsoNormal\">\u00a0<strong><font size=\"3\" face=\"Calibri\"><strong><font size=\"3\">Prosimy o solidarno\u015b\u0107 z naszym  protestem. Niech ka\u017cdy zrobi to, co mo\u017ce. <\/font><\/strong><\/font><\/strong><\/p>\n<p class=\"MsoNormal\"><strong><font size=\"3\" face=\"Calibri\"><strong><font size=\"3\">Mo\u017cna: &#8211; zap\u0142aci\u0107  abonament<\/font><\/strong><\/font><\/strong><\/p>\n<p class=\"MsoNormal\"><strong><font size=\"3\" face=\"Calibri\"><strong><font size=\"3\">&#8211; skontaktowa\u0107 si\u0119 ze swoim  pos\u0142em<\/font><\/strong><\/font><\/strong><\/p>\n<p class=\"MsoNormal\"><strong><font size=\"3\" face=\"Calibri\"><strong><font size=\"3\">&#8211; napisa\u0107 lub powiedzie\u0107 o nas w  innych mediach<\/font><\/strong><\/font><\/strong><\/p>\n<p class=\"MsoNormal\"><strong><font size=\"3\" face=\"Calibri\"><strong><font size=\"3\">&#8211; pami\u0119ta\u0107 o Dw\u00f3jce w sejmowych  debatach<\/font><\/strong><\/font><\/strong><\/p>\n<p class=\"MsoNormal\">\u00a0<strong><font size=\"3\" face=\"Calibri\"><strong><font size=\"3\">Mo\u017cna te\u017c do nas napisa\u0107:  <\/font><\/strong><\/font><\/strong><\/p>\n<p class=\"MsoNormal\"><font size=\"3\" face=\"Calibri\"><font size=\"3\"><a href=\"mailto:dwojka@polskieradio.pl\" class=\"parsedEmail\" target=\"_blank\">dwojka@polskieradio.pl<\/a><\/font><\/font><\/p>\n<p>&#8212;&#8212;&#8212;&#8212;&#8212;&#8212;&#8212;&#8212;&#8212;&#8212;&#8212;&#8212;&#8212;&#8212;&#8212;&#8212;&#8212;&#8212;&#8212;&#8212;&#8212;&#8212;&#8212;&#8212;&#8212;&#8212;&#8212;&#8212;&#8211;<br \/>\n<font style=\"font-family: Verdana\" size=\"2\"><span style=\"font-family: Verdana\">Pragn\u0119 nadmieni<\/span><\/font><font style=\"font-family: Verdana\" size=\"2\" face=\"Calibri\">\u0107, \u017ce radiowa Dw\u00f3jka, to program popularyzuj\u0105cy muzyk\u0119 klasyczn\u0105. Zabicie tego programu zabije r\u00f3wnie\u017c dost\u0119p s\u0142uchaczy do szlachetnej muzyki tzw. &#8222;powa\u017cnej&#8221;. Ten rodzaj muzyki, to rozw\u00f3j intelektualny, to koj\u0105ce dzia\u0142anie na psychik\u0119, to wreszcie mo\u017cliwo\u015b<\/font><font style=\"font-family: Verdana\" size=\"2\" face=\"Calibri\">\u0107 pokazu naszej pozycji w kulturze \u015bwiatowej. Niestety, w \u017cadnym innym rodzaju muzyki nie jeste\u015bmy pot\u0119g\u0105. W &#8222;powa\u017cnej&#8221; owszem. Komu zale\u017cy, by z\u0142ama<\/font><font style=\"font-family: Verdana\" size=\"2\" face=\"Calibri\">\u0107 t\u0119 cz\u0119\u015b<\/font><font style=\"font-family: Verdana\" size=\"2\" face=\"Calibri\">\u0107 kr\u0119gos\u0142upa naszego spo\u0142ecze\u0144stwa<\/font><font style=\"font-family: Verdana\" size=\"2\">? Mo\u017ce zale\u017ce<\/font><font style=\"font-family: Verdana\" size=\"2\" face=\"Calibri\">\u0107 tylko ludziom, kt\u00f3rym nie zale\u017cy na Polsce i Polakach<\/font><font style=\"font-family: Verdana\" size=\"2\">.<br \/>\nJe\u017celi spo\u0142ecze\u0144stwo, jako NAR\u00d3D prze\u017cy\u0142o wiek dziewi\u0119tnasty, czyli zabory, powstania; prze\u017cy\u0142o I-\u0105 i II-\u0105 Wojn\u0119 \u015awiatow\u0105 to sta\u0142o si\u0119 tak dzi\u0119ki sile, jak\u0105 mia\u0142o, a w tym dzi\u0119ki kulturze i j\u0119zykowi, kt\u00f3re nar\u00f3d Polski chcia\u0142 zachowa<\/font><font style=\"font-family: Verdana\" size=\"2\" face=\"Calibri\">\u0107. Dzi\u015b, bez zabor\u00f3w (czy\u017cby?), bez zbrojnego napadu, bez przelewu krwi polskie w\u0142adze same ograbiaj\u0105 spo\u0142ecze\u0144stwo z narodowego dobra, jakim jest kultura<\/font><font style=\"font-family: Verdana\" size=\"2\"><span style=\"font-family: Verdana\">.<\/span><br style=\"font-family: Verdana\" \/><span style=\"font-family: Verdana\">Spo\u0142ecze\u0144stwo zaoszcz\u0119dzi 17 z\u0142otych miesi\u0119cznie. W zamian dostanie podwy\u017cszone podatki i likwidacj\u0119 kultury. GRATULUJ\u0118 otwarto\u015bci umys\u0142\u00f3w, gratuluj\u0119 wiary w polityk\u00f3w, gratuluj\u0119&#8230;grzebania nadziei.<\/span><\/font><\/p>\n","protected":false},"excerpt":{"rendered":"<p>Nie pierwszy to raz, \u017ce lenistwo i cwaniactwo jednych k\u0142adzie kres dzia\u0142alno\u015bci czego\u015b, co przynosi\u0142o po\u017cytek wielu. W Nowym Jorku mieli\u015bmy bolesny przypadek &#8222;Naszego Radia&#8221;, za\u0142o\u017conego onegdaj przez red. Jerzego Bekkera. Specjalnie nastrojone na odpowiednie fale radio-odbiorniki zakupi\u0142o kilka tysi\u0119cy potencjalnych s\u0142uchaczy, deklaruj\u0105c przy zakupie miesi\u0119czn\u0105 op\u0142at\u0119 abonamentow\u0105, a potem z tych kilku tysi\u0119cy zaledwie [&hellip;]<\/p>\n","protected":false},"author":2,"featured_media":0,"comment_status":"open","ping_status":"open","sticky":false,"template":"","format":"standard","meta":[],"categories":[1],"tags":[],"_links":{"self":[{"href":"https:\/\/sporek.com\/blog\/index.php?rest_route=\/wp\/v2\/posts\/184"}],"collection":[{"href":"https:\/\/sporek.com\/blog\/index.php?rest_route=\/wp\/v2\/posts"}],"about":[{"href":"https:\/\/sporek.com\/blog\/index.php?rest_route=\/wp\/v2\/types\/post"}],"author":[{"embeddable":true,"href":"https:\/\/sporek.com\/blog\/index.php?rest_route=\/wp\/v2\/users\/2"}],"replies":[{"embeddable":true,"href":"https:\/\/sporek.com\/blog\/index.php?rest_route=%2Fwp%2Fv2%2Fcomments&post=184"}],"version-history":[{"count":0,"href":"https:\/\/sporek.com\/blog\/index.php?rest_route=\/wp\/v2\/posts\/184\/revisions"}],"wp:attachment":[{"href":"https:\/\/sporek.com\/blog\/index.php?rest_route=%2Fwp%2Fv2%2Fmedia&parent=184"}],"wp:term":[{"taxonomy":"category","embeddable":true,"href":"https:\/\/sporek.com\/blog\/index.php?rest_route=%2Fwp%2Fv2%2Fcategories&post=184"},{"taxonomy":"post_tag","embeddable":true,"href":"https:\/\/sporek.com\/blog\/index.php?rest_route=%2Fwp%2Fv2%2Ftags&post=184"}],"curies":[{"name":"wp","href":"https:\/\/api.w.org\/{rel}","templated":true}]}}