{"id":185,"date":"2009-07-09T16:00:45","date_gmt":"2009-07-09T20:00:45","guid":{"rendered":"http:\/\/sporek.com\/blog\/?p=185"},"modified":"2009-07-09T18:06:42","modified_gmt":"2009-07-09T22:06:42","slug":"ale-jaja","status":"publish","type":"post","link":"https:\/\/sporek.com\/blog\/?p=185","title":{"rendered":"Ale jaja&#8230;!"},"content":{"rendered":"<p class=\"MsoNormal\" style=\"text-align: justify; font-family: Verdana\"><font size=\"2\">Poni\u017cej zamieszczam materia\u0142, jaki znalaz\u0142em na jednej z polonijnych stron internetowych. Materia\u0142 tez \u015bwiadczy o niewyobra\u017calnym wr\u0119cz problemie wzajemnego oszukiwania si\u0119 i o niebywa\u0142ej nieuczciwo\u015bci ludzi zasiadaj\u0105cych\u00a0 w radach dyrektor\u00f3w polonijnych organizacji. Nie powinienem wla\u015bciwie uog\u00f3lnia<\/font><font size=\"2\">\u0107, wi\u0119c powiem wprost: <\/font><!--more--><font size=\"2\">chodzi o prezesa i cz\u0119\u015b<\/font><font size=\"2\">\u0107 dyrektor\u00f3w obecnej Rady Dyrektor\u00f3w Polsko-S\u0142owia\u0144skiej Federalnej Unii Kredytowej. Jestem ogromnie ciekaw sprawozdania Komisji Rewizyjnej naszego banku na Walnym Zebraniu w pa\u017adzierniku i nie tylko w kontek\u015bcie tego, co poni\u017cej, ale r\u00f3wnie\u017c w kontek\u015bcie horrendalnych wydatk\u00f3w na szkolenia i wyjazd\u00f3w naszych dyrektor\u00f3w na zlot unii kredytowych do Barcelony, w kontek\u015bcie dotacji na Katedr\u0119 J\u0119zyka Polskiego przy Uniwersytecie Columbia &#8211; przypomn\u0119: status Unii Kredytowej m\u00f3wi bardzo wyra\u017anie, \u017ce dotowa<\/font><font size=\"2\">\u0107 mo\u017cna g\u0142\u00f3wnie wydarzenia i instytucje s\u0142u\u017c\u0105ce cz\u0142onkom unii kredytowej, jako cz\u0119\u015bci spo\u0142ecze\u0144stwa -, r\u00f3wnie\u017c w kontek\u015bcie zwolnienia Krystyny Myssury, jak te\u017c i &#8222;nominowania&#8221; nowych sponsor\u00f3w, a nade wszysstko w kontek\u015bcie wstrzymania przelewu sk\u0142adek cz\u0142onkowskich dla Centrum Polsko-S\u0142owia\u0144skiego w zderzeniu z faktem, \u017ce zar\u00f3wno Copiaque, jak i Clark owe sk\u0142adki otrzyma\u0142y i to w zwi\u0119kszonych kwotach.<\/font><\/p>\n<p class=\"MsoNormal\" style=\"text-align: justify; font-family: Verdana\"><font size=\"2\">Przera\u017caj\u0105ca jest gra organizacji wymienianych w poni\u017cej cytowanym tek\u015bcie polegaj\u0105ca na zmienianiu pogl\u0105d\u00f3w, poczyna\u0144 i powi\u0105za\u0144. Pzypomn\u0119: jeszcze dwa lata temu Patriotyczny Klub Dyskusyjny by\u0142 zlokalizowany w Centrum P-S, a jego szef by\u0142 cz\u0142onkiem Rady Dyrektor\u00f3w tej\u017ce organizacji. Na koszt Centrum polecia\u0142 do Ameryki Po\u0142udniowej na spotkanie z Panem Kobyla\u0144skim. jako\u015b nie by\u0142o w\u00f3wczas sygna\u0142\u00f3w, \u017ce nale\u017cy zmieni<\/font><font size=\"2\">\u0107 Rad\u0119 Dyrektor\u00f3w, lub jej cz\u0142onk\u00f3w. PKD organizowa\u0142 przy pomocy i w siedzibie Centrum spotkania z dziennikarzami i dzia\u0142aczami opozycyjnymi z Polski. Wszystko wygl\u0105da\u0142o ca\u0142kiem dobrze. Po spotkaniu z premierem Tuskiem przewodnicz\u0105cy PKD publicznie zaprotestowa\u0142 przeciwko wr\u0119czeniu premierowi upominku (statuetka Empire State Building) oraz z\u0142o\u017ceniu deklaracji poparcia dla D. Tuska przez delegacj\u0119 Centrum. Mia\u0142 do tego pe\u0142ne prawo. Co wi\u0119cej ca\u0142kowicie si\u0119 z nim zgadza\u0142em w tej kwestii. Delegacja nie mia\u0142a upowa\u017cnienia Cz\u0142onk\u00f3w. Czy musia\u0142 jednak rezygnowa<\/font><font size=\"2\">\u0107 z udzia\u0142u w Radzie Dyrektor\u00f3w? No i w\u0142a\u015bnie. Z chwil\u0105 jego rezygnacji natychmiast rozpocz\u0105\u0142 walk\u0119 z Centrum, jako &#8222;wrzodem&#8221; na ciele Polonii. Nast\u0105pi\u0142 ca\u0142kowity zwrot w kierunku Unii Kredytowej, jako instytucji, kt\u00f3ra pomog\u0142aby zwalczy<\/font><font size=\"2\">\u0107 obecnych dyrektor\u00f3w CP-S. Apogeum nast\u0105pi\u0142o 8 marca br. na zebraniu cz\u0142onk\u00f3w CP-S poprzedzonym s\u0142awetnym (zamkni\u0119tym) spotkaniem &#8222;Lider\u00f3w&#8221; Polonii, miesi\u0105c wcze\u015bniej, 6 lutego.<\/font><\/p>\n<p class=\"MsoNormal\" style=\"text-align: justify; font-family: Verdana\"><font size=\"2\">Teraz wygl\u0105da na to, \u017ce Patriotyczny Klub Dyskusyjny zosta\u0142 wykolegowany przez rad\u0119 Dyrektor\u00f3w Unii, a \u015bci\u015ble chyba m\u00f3wi\u0105c przez jej prezesa. \u015amiem w\u0105tpi<\/font><font size=\"2\">\u0107 w prawdziwo\u015b<\/font><font size=\"2\">\u0107<\/font><font size=\"2\"> pe\u0142nego epitet\u00f3w, ale bez konkret\u00f3w opisu Rady Dyrektor\u00f3w Centrum zamieszczonego w poni\u017cszym tek\u015bcie. Cytuj\u0119 ten tekst w ca\u0142o\u015bci, aby nie by<\/font><font size=\"2\">\u0107 pos\u0105dzonym o manipulowanie opini\u0105 publiczn\u0105. \u017bal mi patriot\u00f3w z Klubu Dyskusyjnego, ale chyba powinni by<\/font><font size=\"2\">\u0107 nieco bardziej przewiduj\u0105cy i wzi\u0105<\/font><font size=\"2\">\u0107 pod uwag\u0119, \u017ce gra na dwa fronty, zmienianie pogl\u0105d\u00f3w, przewracanie &#8222;kabot\u00f3w&#8221; na drug\u0105 stron\u0119 nigdy nie ko\u0144czy si\u0119 sukcesem.<\/font><\/p>\n<p class=\"MsoNormal\" style=\"text-align: justify; font-family: Verdana\"><font size=\"2\">Ta interesuj\u0105ca lektura pokazuje kompletny brak szansy Polonii na wej\u015bcie w &#8222;rynek&#8221; ameryka\u0144ski, czyli zbudowanie polonijnego lobby.<br \/>\n<\/font><font size=\"2\">Zapraszam do tej ekscytuj\u0105cej lektury pozwalaj\u0105c sobie na komentarze pod niekt\u00f3rymi paragrafami (na czerwono):<br \/>\n<\/font><\/p>\n<p class=\"MsoNormal\" style=\"text-align: justify; font-family: Verdana\"><font size=\"2\"><strong>\u201eZAMIENI\u0141 STRYJEK &#8211; SIEKIERK\u0118 NA KIJEK!\u201d<\/strong><\/font><\/p>\n<p class=\"MsoNormal\" style=\"text-align: justify; font-family: Verdana\"><font size=\"2\">\u00a08 marca b.r. na zebraniu w CP-S Pan Krzysztof Matyszczyk w imieniu Unii Kredytowej zadeklarowa\u0142 definitywne rozwi\u0105zanie nabrzmia\u0142ego problemu jakim jest obecna sytuacja w CP-S. W oparciu o 1500 podpis\u00f3w, z kt\u00f3rych oko\u0142o 90% zebrali cz\u0142onkowie Patriotycznego Klubu Dyskusyjnego, Unia Kredytowa wnios\u0142a spraw\u0119 do s\u0105du o odwo\u0142anie obecnej Rady Dy<\/font><font size=\"2\">rektor<\/font><font size=\"2\">\u00f3w CP-S (z p. Kami\u0144sk\u0105 i p. J. J\u00f3\u017awiakiem na czele) i zwo\u0142anie Nadzwyczajnego Walnego Zebrania, celem wyboru nowej Rady Dy<\/font><font size=\"2\">rektor<\/font><font size=\"2\">\u00f3w. O powy\u017cszym fakcie powiadomi\u0142a mnie 8 kwietnia p. Marzena Wierzbowska (cz\u0142onek Rady Dy<\/font><font size=\"2\">rektor<\/font><font size=\"2\">\u00f3w Unii Kredytowej) oraz o zainwestowaniu w procedury prawne z tym zwi\u0105zane, 20 tys. dolar\u00f3w.\u00a0 <\/font><\/p>\n<p class=\"MsoNormal\" style=\"text-align: justify; font-family: Verdana\"><font style=\"color: #990000\" size=\"2\">No, prosz\u0119, a na dotowanie polskich koncert\u00f3w Unia mo\u017ce wyda<\/font><font size=\"2\"><span style=\"color: #990000\">\u0107 najwy\u017cej $1500, tak przynajmniej zawsze mi t\u0142umaczy odmow\u0119 poka\u017aniejszego sponsorowania. Kto w takim razie daje prawo Radzie Dyrektor\u00f3w na desygnowanie 20 tysi\u0119cy do walki z Cantrum Polsko-S\u0142owia\u0144skim? \u0141apczywa zgoda na to, zadeklarowana przez PKD stawia ten klub r\u00f3wnie\u017c na pozycji raczej &#8222;niszczycieli&#8221;, ni\u017ali walcz\u0105cych o dobro Polonii.<\/span><br \/>\n<\/font><\/p>\n<p class=\"MsoNormal\" style=\"text-align: justify; font-family: Verdana\"><font size=\"2\">Wynaj\u0119ci adwokaci ustalili, i\u017c zgodnie z prawem stanowym Nowego Jorku, do usuni\u0119cia Rady Dy<\/font><font size=\"2\">rektor<\/font><font size=\"2\">\u00f3w CP-S, potrzeba 10% podpis\u00f3w og\u00f3\u0142u cz\u0142onk\u00f3w, a nie jak zapisano w statucie CP-S &#8211; 20%. <span style=\"color: #990000\"><\/span><\/font><\/p>\n<p class=\"MsoNormal\" style=\"text-align: justify; font-family: Verdana\"><font size=\"2\"><span style=\"color: #990000\">A ile kosztowali &#8222;wynaj\u0119ci&#8221; adwokaci&#8230;? To takimi sprawami nasza Unia ma si\u0119 statutowo zajmowa<\/span><\/font><font style=\"color: #990000\" size=\"2\">\u0107?<\/font><\/p>\n<p class=\"MsoNormal\" style=\"text-align: justify; font-family: Verdana\"><font size=\"2\">Pani M. Wierzbowska r\u00f3wnie\u017c poinformowa\u0142a mnie, \u017ce p. Marek Zawisny, proponuje powo\u0142anie Tymczasowej Rady Dy<\/font><font size=\"2\">rektor<\/font><font size=\"2\">\u00f3w CP-S, w celu przygotowania do zwo\u0142ania Nadzwyczajnego Zebrania i wybor\u00f3w w CP-S \u2013 twierdz\u0105c, \u017ce taki jest wym\u00f3g prawny. W sk\u0142ad Rady wesz\u0142oby 9 os\u00f3b w tym 3 osoby z Patriotycznego Klubu Dyskusyjnego. Pani Wierzbowska nalega\u0142a, by jeszcze tego samego dnia (tj. 8 kwietnia) poda\u0107 nasze kandydatury. Zaproponowa\u0142a bym wszed\u0142 do tej Rady (H.P.) a opr\u00f3cz mnie Arkadiusz Tomaszewski i Jan Welenc. Nie wyrazi\u0142em zgody na sw\u00f3j udzia\u0142. Powiedzia\u0142em te\u017c, \u017ce takie decyzje wymagaj\u0105 namys\u0142u i konsultacji. Pani Wierzbowska skonsultowawszy si\u0119 z przedstawicielem Unii Kredytowej przyzna\u0142a, \u017ce sprawa nie jest a\u017c tak pilna i \u017ce sprawa ta mo\u017ce poczeka\u0107 do pi\u0105tku 10 kwietnia. Zebrani odnie\u015bli wra\u017cenie jakby p. Wierzbowska zaanga\u017cowana by\u0142a w tym sporze, po drugiej stronie, mimo \u017ce jest ona cz\u0142onkiem naszego klubu. W ka\u017cdym razie lojalno\u015b\u0107 naszej klubowej kole\u017canki zosta\u0142a nadw\u0105tlona z wynikaj\u0105cymi st\u0105d oczywistymi konsekwencjami. W dniu 10 kwietnia mia\u0142o miejsce spotkanie naszego Klubu, w tym r\u00f3wnie\u017c p. M. Wierzbowska (cz\u0142onek Patriotycznego Klubu). Pani Wierzbowska, przedstawi\u0142a pokr\u00f3tce cel tego spotkania, kt\u00f3rym by\u0142o podj\u0119cie decyzji w\/s partycypacji naszego Klubu w Tymczasowej Radzie Dyrektor\u00f3w CP-S. Pan Marek Zawisny przekaza\u0142 za po\u015brednictwem p. Wierzbowskiej propozycje w\u0142\u0105czenia do Tymczasowej Rady Dyrektor\u00f3w trzech przedstawicieli Klubu przy dziewi\u0119cioosobowym sk\u0142adzie Rady. akby nie patrze\u0107 na spraw\u0119 3 osobowa reprezentacja, stanowi\u0105ca 1\/3 sk\u0142adu Rady by\u0142aby pozbawiona jakiegokolwiek wp\u0142ywu na podejmowane decyzje, kt\u00f3re Klub z racji uczestnictwa w obradach, musia\u0142by uwiarygodnia\u0107. Branie odpowiedzialno\u015bci za decyzje w wypracowaniu kt\u00f3rych, Klub nie partycypuje na r\u00f3wnych prawach, godzi\u0142oby w dobre imi\u0119 i transparentno\u015b\u0107 dzia\u0142alno\u015bci. Wyznaczenie Klubowi roli petenta w rozgrywce o unormowanie spraw CP-S w interesie Polonii, w pewien spos\u00f3b jest dla nas nie do przyj\u0119cia. Okaza\u0142o si\u0119 bowiem \u017ce potrzebni byliby\u015bmy do czarnej roboty tj. akcji zbierania podpis\u00f3w, natomiast do decydowania byliby inni. Nie godzimy si\u0119 na instrumentalne a tym samym poni\u017caj\u0105ce traktowanie cz\u0142onk\u00f3w naszego Klubu.\u00a0 <span style=\"color: #990000\">To wielce chwalebne stwierdzenie, ale w kontek\u015bcie ostatnich zda\u0144 r\u00f3wnie wielce niewiarygodne. A co tam robi Marek Zawisny i z jakiej racji? Uzdrowiciel, odnowiciel? My\u015bla\u0142em, ze swoje ju\u017c zrobi\u0142&#8230;<\/span><\/font><font style=\"color: #990000\" size=\"2\"> ? A co do Pani Wierzbowskiej: Jakie\u017c to dziwne &#8211; kiedy zbiera\u0142em podpisy pod moj\u0105 petycj\u0105 na cz\u0142onkostwo w Radzie Dyrektor\u00f3w Unii, zbiera\u0142a je r\u00f3wnie\u017c pani Wierzbowska; zdumiewa\u0142a mnie w\u00f3wczas nasza zgodno\u015b<\/font><font size=\"2\"><span style=\"color: #990000\">\u0107 w bardzo negatywnej ocenie pracy Rady Dyrektor\u00f3w. Skoro jednak wesz\u0142a do niej natychmiast zmieni\u0142y si\u0119 jej pogl\u0105dy. Teraz znalaz\u0142a prac\u0119 w Clark dzi\u0119ki w\u0142a\u015bnie Radzie Dyrektor\u00f3w&#8230;i wszystko jest w porz\u0105dku. Cho<\/span><\/font><font style=\"color: #990000\" size=\"2\">\u0107, jak wida<\/font><font size=\"2\"><span style=\"color: #990000\">\u0107 nie bardzo, bo zaufanie zosta\u0142o nadw\u0105tlone postaw\u0105 w stosunku do PKD.<\/span><br style=\"color: #990000\" \/> <\/font><\/p>\n<p class=\"MsoNormal\" style=\"text-align: justify; font-family: Verdana\"><font size=\"2\">W toku dalszych narad ustalili\u015bmy, \u017ce Klub nie mo\u017ce jednak pozwoli\u0107 sobie na kompromitacj\u0119 w oczach Polonii. Bowiem Powo\u0142anie Tymczasowej Rady Dy<\/font><font size=\"2\">rektor<\/font><font size=\"2\">\u00f3w przez zwo\u0142an\u0105 dora\u017anie grup\u0119 a nie przez przedstawicieli 50 tysi\u0119cy cz\u0142onk\u00f3w by\u0142oby krokiem bezprawnym. Taka Rada kt\u00f3ra sama sobie ustala prawa, wyznacza cele i zadania, by\u0142aby bardziej niebezpieczna ni\u017c dotychczasowe kierownictwo CP-S. W tej sprawie zdecydowali\u015bmy si\u0119 przedstawi\u0107 na pi\u015bmie warunki dalszego naszego uczestnictwa w uporz\u0105dkowaniu spraw CP-S. Wyst\u0105pili\u015bmy z pismami do Przewodnicz\u0105cego Rady Dy<\/font><font size=\"2\">rektor<\/font><font size=\"2\">\u00f3w Unii Kredytowej (PSFUK), pana Krzysztofa Matyszczyka i Menad\u017cera Unii Kredytowej pana Bogdana Chmielewskiego. Poni\u017cej tre\u015b\u0107 pisma (<strong>patrz za\u0142\u0105cznik 1<\/strong>) Poniewa\u017c w okre\u015blonym terminie nie otrzymali\u015bmy \u017cadnej odpowiedzi na pisma wys\u0142ane listem poleconym zdecydowali\u015bmy si\u0119 wzi\u0105\u0107 udzia\u0142 w spotkaniu z kandydatami do Tymczasowej Rady licz\u0105c \u017ce p\u00f3jd\u0105 na pewne konieczne ust\u0119pstwa. I mo\u017cna powiedzie\u0107 i\u017c 20 kwietnia (poniedzia\u0142ek) uda\u0142o si\u0119 dokona\u0107 kilku satysfakcjonuj\u0105cych nas ustale\u0144.<\/font><font style=\"color: #990000\" size=\"2\"> <\/font><\/p>\n<p class=\"MsoNormal\" style=\"text-align: justify; font-family: Verdana\"><font style=\"color: #990000\" size=\"2\">Panowie, troch\u0119 cierpliwo\u015bci; CP-S nie otrzyma\u0142o od Unii Kredytowej odpowiedzi od listopada ubieg\u0142ego roku na ponad 20 pism. Nie gor\u0105czkujcie si\u0119.<\/font><font size=\"2\"><br \/>\n<\/font><\/p>\n<p class=\"MsoNormal\" style=\"text-align: justify; font-family: Verdana\"><font size=\"2\">Uzgodnili\u015bmy:<\/font><\/p>\n<p class=\"MsoNormal\" style=\"text-align: justify; font-family: Verdana\"><font size=\"2\"><strong>1\/<\/strong><\/font><font size=\"2\"> spotkanie z cz\u0142onkami Centrum Polsko-S\u0142owia\u0144skiego w Domu Narodowym (pi\u0105tek 24 kwietnia, godz. 6 wieczorem). Mia\u0142a to by\u0107 szansa dla cz\u0142onk\u00f3w CP-S by okre\u015blili kto powinien a kto nie &#8211; wej\u015b\u0107 do tej Tymczasowej Rady. <\/font><\/p>\n<p class=\"MsoNormal\" style=\"text-align: justify; font-family: Verdana\"><font size=\"2\"><strong>2\/<\/strong><\/font><font size=\"2\"> Unia Kredytowa zadeklarowa\u0142a og\u0142oszenie zebrania w nowojorskiej prasie.<\/font><\/p>\n<p class=\"MsoNormal\" style=\"text-align: justify; font-family: Verdana\"><font size=\"2\">\u00a0<strong>3\/<\/strong><\/font><font size=\"2\"> wszyscy tymczasowo wybrani, zobowi\u0105\u017c\u0105 si\u0119 notarialnie po\u015bwiadczonym podpisem, sprawowa\u0107 t\u0119 funkcj\u0119 tylko przez czas niezb\u0119dny do wybrania zgodnie z wymaganym prawem, nowej Rady CP-S.<\/font><\/p>\n<p class=\"MsoNormal\" style=\"text-align: justify; font-family: Verdana\"><font size=\"2\"><span style=\"color: #990000\">A wszystko poza plecami Cz\u0142onk\u00f3w, poza protoko\u0142em, poza statutem, czyli poza prawem. Pi\u0119knie. <\/span><br \/>\n<\/font><\/p>\n<p class=\"MsoNormal\" style=\"text-align: justify; font-family: Verdana\"><font size=\"2\">Niestety ju\u017c nast\u0119pnego dnia przedstawiciele Unii zmienili zdanie (odst\u0105pili od zorganizowania spotkania z cz\u0142onkami CP-S). W zwi\u0105zku z tym wszystkie 3 osoby z Klubu powiadomi\u0142y Uni\u0119 o wycofaniu swych kandydatur. Napisali\u015bmy kolejne pismo, wys\u0142ane r\u00f3wnie\u017c listem poleconym (<strong>patrz za\u0142\u0105cznik 2<\/strong>) w kt\u00f3rym wyrazili\u015bmy r\u00f3wnie\u017c sw\u00f3j pogl\u0105d na te niew\u0142a\u015bciwe posuni\u0119cia ze strony Unii Kredytowej.<br \/>\n<\/font><\/p>\n<p class=\"MsoNormal\" style=\"text-align: justify; font-family: Verdana\"><font style=\"color: #990000\" size=\"2\">No, c\u00f3\u017c dobrze Wam tak. Poszli\u015bcie nie pod ten adres, nie do tych ludzi, nie na t\u0119 stron\u0119 p\u0142otu. Mo\u017cecie tylko mie<\/font><font size=\"2\"><span style=\"color: #990000\">\u0107 pretensje do siebie. Przecie\u017c pisa\u0142em w lutym, \u017ce pan Matyszczyk 6 lutego rano udzieli\u0142 mi obietnicy i prawa wej\u015bcia na zebranie &#8222;lider\u00f3w&#8221;, a tego samego dnia, wieczorem odwo\u0142a\u0142 swojej s\u0142owa. Spodziewali\u015bcie si\u0119 honorowej gry? Fanta\u015bci.<\/span><br \/>\n<\/font><\/p>\n<p class=\"MsoNormal\" style=\"text-align: justify; font-family: Verdana\"><font size=\"2\">A przecie\u017c ca\u0142ym sercem chcieli\u015bmy j\u0105 wspomaga\u0107 w tym wielkim przedsi\u0119wzi\u0119ciu, jakiego si\u0119 Unia podj\u0119\u0142a w dniu 8 marca na zebraniu w CP-S.\u00a0 <\/font><\/p>\n<p class=\"MsoNormal\" style=\"text-align: justify; font-family: Verdana\"><font style=\"color: #990000\" size=\"2\">Rany boskie, my naprawd\u0119, jako Polonia mo\u017cemy zorganizowa<\/font><font style=\"color: #990000\" size=\"2\">\u0107 &#8222;wielkie przedsi\u0119wzi\u0119cia&#8221;, ale nie musz\u0105 one mie<\/font><font size=\"2\"><span style=\"color: #990000\">\u0107 nic wsp\u00f3lnego z\u00a0<\/span><\/font><font size=\"2\"><span style=\"color: #990000\"> wzajemnym <\/span><\/font><font size=\"2\"><span style=\"color: #990000\">nisz<\/span><\/font><font size=\"2\"><span style=\"color: #990000\">czeniem si\u0119.<\/span><\/font><\/p>\n<p class=\"MsoNormal\" style=\"text-align: justify; font-family: Verdana\"><font size=\"2\">Tylko w legalny spos\u00f3b nale\u017cy walczy\u0107 z nielegalno\u015bci\u0105. <span style=\"color: #990000\"><\/span><\/font><\/p>\n<p class=\"MsoNormal\" style=\"text-align: justify; font-family: Verdana\"><font size=\"2\"><span style=\"color: #990000\">Jestem za i absolutnie nie przeciw.<\/span> <\/font><\/p>\n<p class=\"MsoNormal\" style=\"text-align: justify; font-family: Verdana\"><font size=\"2\">Jeste\u015bmy w 100 procentach zgodni z tym co zadeklarowa\u0142 Pan Matyszczyk, \u017ce nale\u017cy uczyni\u0107 CP-S miejscem s\u0142u\u017c\u0105cym wreszcie tym wszystkim dla kt\u00f3rych ta instytucja zosta\u0142a niegdy\u015b powo\u0142ana do \u017cycia. W chwili obecnej CP-S przypomina raczej cielsko wieloryba na pla\u017cy, z\u017ceranego od \u015brodka przez robale.<\/font><\/p>\n<p class=\"MsoNormal\" style=\"text-align: justify; font-family: Verdana\"><font style=\"color: #990000\" size=\"2\">Centrum dzia\u0142a, robi bokami, bo Unia nie daje sk\u0142adek, a Panowie bierzecie kij bejsbolowy i chcecie dobi<\/font><font size=\"2\"><span style=\"color: #990000\">\u0107 wieloryba na piasku, w pe\u0142ni patriotycznych uczu<\/span><\/font><font style=\"color: #990000\" size=\"2\">\u0107<\/font><font size=\"2\"><span style=\"color: #990000\">.<\/span><br \/>\n<\/font><\/p>\n<p class=\"MsoNormal\" style=\"text-align: justify; font-family: Verdana\"><font size=\"2\">Unia Kredytowa, prawdopodobnie z zamiarem zaw\u0142aszczenia CP-S, podj\u0119\u0142a samodzielnie akcj\u0119 zbierania podpis\u00f3w pod petycjami, do kt\u00f3rych mamy zastrze\u017cenia. Dopisano tam r\u00f3wnie\u017c (wbrew ich woli) nazwiska A. Tomaszewskiego i dr J. Sza\u0142ygi.<\/font><\/p>\n<p class=\"MsoNormal\" style=\"text-align: justify; font-family: Verdana\"><font size=\"2\"><span style=\"color: #990000\">&#8222;Zaw\u0142aszczenia CP-S&#8221; &#8211; nareszcie otwieracie oczy&#8230;nie za p\u00f3\u017ano?<\/span><br \/>\n<\/font><\/p>\n<p class=\"MsoNormal\" style=\"text-align: justify; font-family: Verdana\"><font size=\"2\">Jeste\u015bmy przeciwni zbieraniu podpis\u00f3w pod 3 petycjami. Legalna droga s\u0105dowa jest w stanie szybciej, skuteczniej i r\u00f3wnie zgodnie z prawem dokona\u0107 zmian personalnych w CP-S a tym samym uzdrowi\u0107 ca\u0142\u0105 sytuacj\u0119 w Centrum. Nadzwyczajne Walne Zebranie z pewno\u015bci\u0105 wyniesie na te stanowiska ludzi nie zdyskredytowanych.<\/font><\/p>\n<p class=\"MsoNormal\" style=\"text-align: justify; font-family: Verdana\"><font size=\"2\"><span style=\"color: #990000\">\u015awi\u0119te s\u0142owa.<\/span><br \/>\n<\/font><\/p>\n<p class=\"MsoNormal\" style=\"text-align: justify; font-family: Verdana\"><font size=\"2\">Apelujemy do wszystkich o rozwag\u0119 i nie pozbywanie si\u0119 lekkomy\u015blnie przez cz\u0142onk\u00f3w CP-S, swych praw cz\u0142onkowskich na rzecz nikogo innego, cho\u0107by t\u0105 osob\u0105 mia\u0142 by\u0107 nawet cz\u0142owiek najwi\u0119kszych cn\u00f3t i przymiot\u00f3w.<\/font><\/p>\n<p class=\"MsoNormal\" style=\"text-align: justify; font-family: Verdana; color: #990000\"><font size=\"2\">Tak, rozwaga jest nam niezb\u0119dnie potrzebna. Szkoda, \u017ce dali\u015bcie si\u0119 wmanewrowa<\/font><font size=\"2\">\u0107. Pami\u0119tam, \u017ce gdzie\u015b w okolicach po\u0142owy kwietnia kto\u015b powiedzia\u0142 mi, \u017ce &#8222;pr\u0119dzej, czy p\u00f3\u017aniej Unia zrobi &#8222;Patriot\u00f3w&#8221; na szaro u\u017cywaj\u0105c ich do czarnej roboty. Prorok jaki, czy co?<br \/>\n<\/font><\/p>\n<p class=\"MsoNormal\" style=\"text-align: left; font-family: Verdana\"><font size=\"2\"><em>Henryk Pawelec<\/em><\/font><\/p>\n<p class=\"MsoNormal\" style=\"margin-left: 4in; text-align: left; font-family: Verdana\" align=\"left\"><font size=\"2\"><em>Patriotyczny Klub Dyskusyjny<\/em><\/font><\/p>\n<p class=\"MsoNormal\" style=\"margin-left: 4in; text-align: left; font-family: Verdana\" align=\"left\"><font size=\"2\"><em>Nowy Jork, 05.10.2009<\/em><\/font><\/p>\n<p class=\"MsoNormal\" style=\"text-align: justify; font-family: Verdana\"><font size=\"2\"><strong>Za\u0142\u0105cznik 1<\/strong><\/font><\/p>\n<p class=\"MsoNormal\" style=\"margin-left: 3.5in; font-family: Verdana; text-align: left\" align=\"left\"><font size=\"2\">\u00a0<em><strong>Listy do obu Pan\u00f3w s\u0105 jednakowej tre\u015bci<\/strong><\/em><\/font><\/p>\n<p class=\"MsoNormal\" style=\"margin-left: 3.5in; font-family: Verdana; text-align: left\"><font size=\"2\"> Nowy Jork, 04\/11\/09<\/font><\/p>\n<p class=\"MsoNormal\" style=\"margin-left: 3.5in; font-family: Verdana; text-align: left\">\u00a0<font size=\"2\">Pan Krzysztof Matyszczyk<\/font><\/p>\n<p class=\"MsoNormal\" style=\"margin-left: 2.5in; font-family: Verdana; text-align: left\">\u00a0<font size=\"2\"> Przewodnicz\u0105cy Rady Dy<\/font><font size=\"2\">rektor<\/font><font size=\"2\">\u00f3w PSFUK<\/font><\/p>\n<p class=\"MsoNormal\" style=\"margin-left: 3in; font-family: Verdana; text-align: left\">\u00a0<font size=\"2\">100 Mc   Guinness Blvd<\/font><\/p>\n<p class=\"MsoNormal\" style=\"margin-left: 3.5in; font-family: Verdana; text-align: left\">\u00a0<font size=\"2\">Brooklyn<\/font><font size=\"2\">, <\/font><font size=\"2\">NY <\/font><font size=\"2\">11222<\/font><\/p>\n<p class=\"MsoNormal\" style=\"margin-left: 3.5in; font-family: Verdana; text-align: left\"><font size=\"2\">Pan Bogdan Chmielewski<\/font><\/p>\n<p class=\"MsoNormal\" style=\"margin-left: 3in; font-family: Verdana; text-align: left\"><font size=\"2\">Dy<\/font><font size=\"2\">rektor<\/font><font size=\"2\"> Wykonawczy PSFUK<\/font><\/p>\n<p class=\"MsoNormal\" style=\"margin-left: 3in; font-family: Verdana; text-align: left\">\u00a0<font size=\"2\">100 Mc Guinness Blvd<\/font><\/p>\n<p class=\"MsoNormal\" style=\"margin-left: 3in; font-family: Verdana; text-align: left\">\u00a0<font size=\"2\">Brooklyn<\/font><font size=\"2\">, <\/font><font size=\"2\">NY <\/font><font size=\"2\">11222<\/font><\/p>\n<p class=\"MsoNormal\" style=\"text-align: justify; font-family: Verdana\"><font size=\"2\">\u00a0Jak Panu wiadomo Patriotyczny Klub Dyskusyjny ca\u0142ym sercem zaanga\u017cowa\u0142 si\u0119 w akcj\u0119 zbierania podpis\u00f3w na petycjach domagaj\u0105cych si\u0119 usuni\u0119cia Rady Dy<\/font><font size=\"2\">rektor<\/font><font size=\"2\">\u00f3w Centrum Polsko-S\u0142owia\u0144skiego i zwo\u0142ania Nadzwyczajnego Walnego Zebrania, na kt\u00f3rym wybrano by now\u0105 Rad\u0119 Dy<\/font><font size=\"2\">rektor<\/font><font size=\"2\">\u00f3w CP-S. Tego chc\u0105 wszyscy cz\u0142onkowie CP-S zm\u0119czeni samow\u0142adztwem panuj\u0105cym we w\u0142adzach Centrum.<\/font><\/p>\n<p class=\"MsoNormal\" style=\"text-align: justify; font-family: Verdana\"><font size=\"2\"><span style=\"color: #990000\">Znowu epitety, ale konkret\u00f3w za grosz, czyli urabianie opini spo\u0142ecznej. Czemu nie nazwa\u0142 Pan zgody na Pa\u0144ski wyjazd do Ameryki Po\u0142udniowej &#8222;samow\u0142adztwem?<\/span><br \/>\n<\/font><\/p>\n<p class=\"MsoNormal\" style=\"text-align: justify; font-family: Verdana\"><font size=\"2\">Uwa\u017camy, \u017ce Tymczasowa Rada Dy<\/font><font size=\"2\">rektor<\/font><font size=\"2\">\u00f3w jest potrzebna do przygotowania wybor\u00f3w. Ta Rada powinna by\u0107 wybrana podczas Nadzwyczajnego Walnego Zebrania, gdzie cz\u0142onkowie zgodnie z zapewnieniem sformu\u0142owanym na petycjach, mogliby tak\u0105 Rad\u0119 powo\u0142a\u0107. By\u0142oby to r\u00f3wnie\u017c zgodne z obietnic\u0105, kt\u00f3r\u0105 z\u0142o\u017cy\u0142 cz\u0142onkom CP-S na Forum 8 marca 2009 roku Pan Przewodnicz\u0105cy Rady Dy<\/font><font size=\"2\">rektor<\/font><font size=\"2\">\u00f3w PSFUK. Po starannym przeanalizowaniu sprawy, nie wyra\u017camy zgody na powo\u0142anie Tymczasowej Rady Dy<\/font><font size=\"2\">rektor<\/font><font size=\"2\">\u00f3w na innych zasadach ani\u017celi te okre\u015blone powy\u017cej. Nie b\u0119dziemy uczestniczy\u0107 w zarz\u0105dzie powo\u0142anym niezgodnie z prawem. Jest dla nas niezwykle wa\u017cne, by przede wszystkim nie zawie\u015b\u0107 zaufania cz\u0142onk\u00f3w CP-S, kt\u00f3rzy chcieliby autentycznych zmian we w\u0142adzach Centrum. Na przestrzeni lat by\u0142o zbyt wiele zakulisowych rozstrzygni\u0119\u0107. Uwa\u017camy, \u017ce mno\u017cenie petycji nie b\u0119dzie dobrze odebrane przez cz\u0142onk\u00f3w CP-S, na kt\u00f3rych poparcie liczymy wszyscy. Nie chcemy nara\u017ca\u0107 dobrego imienia naszego Klubu. Jak dotychczas Klub postrzegany jest pozytywnie i ta opinia w\u015br\u00f3d Rodak\u00f3w jest dla nas najwa\u017cniejsza. Maj\u0105c czyste r\u0119ce zawsze jeste\u015bmy w stanie znale\u017a\u0107 pos\u0142uch i poparcie Rodak\u00f3w. Nie mo\u017cemy w zwi\u0105zku z tym nadu\u017cywa\u0107 ich zaufania. Zawsze mo\u017cecie Pa\u0144stwo na nas liczy\u0107, je\u015bli wyznaczona nam rola b\u0119dzie klarowna dla wszystkich. <\/font><\/p>\n<p class=\"MsoNormal\" style=\"text-align: justify; font-family: Verdana\"><font size=\"2\">Rozwa\u017ccie Pa\u0144stwo ten problem jeszcze raz pod k\u0105tem dobra obu instytucji: CP-S i P-SFUK, tak od strony wiarygodno\u015bci tych instytucji w oczach cz\u0142onk\u00f3w, jak i od strony plan\u00f3w rozszerzenia zakresu dzia\u0142a\u0144 obu instytucji.<\/font><\/p>\n<p class=\"MsoNormal\" style=\"text-align: justify; font-family: Verdana\"><font size=\"2\">Z powa\u017caniem<\/font><\/p>\n<p class=\"MsoNormal\" style=\"text-align: justify; font-family: Verdana\"><font size=\"2\">Arkadiusz Tomaszewski<\/font><\/p>\n<p class=\"MsoNormal\" style=\"text-align: justify; font-family: Verdana\"><font size=\"2\">Jan Welenc <\/font><\/p>\n<p class=\"MsoNormal\" style=\"text-align: justify; font-family: Verdana\"><font size=\"2\">El\u017cbieta Kulec<\/font><\/p>\n<p style=\"font-family: Verdana\" class=\"MsoNormal\"><font size=\"2\"><span style=\"color: #990000\">Resztki w\u0142os\u00f3w staj\u0105 mi d\u0119bem na \u0142ysej g\u0142owie, kiedy czytam tak wznios\u0142e wywody pisane przez ludzi, kt\u00f3rzy najpierw godz\u0105 si\u0119 na niecn\u0105 gr\u0119 z jakimi\u015b &#8222;Tymczasowymi Radami Dyrektor\u00f3w&#8221;, potem rozczarowani protestuj\u0105. W kt\u00f3rym\u015b momencie zabrak\u0142o Wam rozeznania sytuacji, tak, jak niekt\u00f3rym z &#8222;Lider\u00f3w&#8221;, zw\u0142aszcza tym kt\u00f3rzy sporadycznie w\u0142\u0105czaj\u0105 si\u0119 w polonijne podw\u00f3rko&#8230;<\/span><br \/>\n<\/font><\/p>\n<p class=\"MsoNormal\" style=\"text-align: justify; font-family: Verdana\"><font size=\"2\"><strong>Za\u0142\u0105cznik 2<\/strong><\/font><\/p>\n<p style=\"font-family: Verdana\" class=\"MsoNormal\"><font size=\"2\">Nowy Jork, 04\/27\/09<\/font><\/p>\n<p style=\"font-family: Verdana\" class=\"MsoNormal\"><font size=\"2\">Pan Krzysztof Matyszczyk<\/font><\/p>\n<p style=\"font-family: Verdana\" class=\"MsoNormal\"><font size=\"2\">Przewodnicz\u0105cy Rady Dy<\/font><font size=\"2\">rektor<\/font><font size=\"2\">\u00f3w PSFUK<\/font><\/p>\n<p style=\"font-family: Verdana\" class=\"MsoNormal\"><font size=\"2\">100 Mc Guinness Blvd<\/font><\/p>\n<p style=\"font-family: Verdana\" class=\"MsoNormal\"><font size=\"2\">Brooklyn<\/font><font size=\"2\">, <\/font><font size=\"2\">NY <\/font><font size=\"2\">11222<\/font><\/p>\n<p style=\"font-family: Verdana\" class=\"MsoNormal\"><font size=\"2\">Pan Bogdan Chmielewski<\/font><\/p>\n<p style=\"font-family: Verdana\" class=\"MsoNormal\"><font size=\"2\">Dy<\/font><font size=\"2\">rektor<\/font><font size=\"2\"> Wykonawczy PSFUK<\/font><\/p>\n<p style=\"font-family: Verdana\" class=\"MsoNormal\"><font size=\"2\">100 Mc Guinness Blvd<\/font><\/p>\n<p style=\"font-family: Verdana\" class=\"MsoNormal\"><font size=\"2\">Brooklyn, NY 11222<\/font><\/p>\n<p style=\"font-family: Verdana\" class=\"MsoNormal\"><font size=\"2\"><strong>O\u015bwiadczenie<\/strong><\/font><\/p>\n<p style=\"font-family: Verdana\" class=\"MsoNormal\"><font size=\"2\">My ni\u017cej podpisani o\u015bwiadczamy, i\u017c brali\u015bmy udzia\u0142 w zebraniu informacyjnym dn. 04\/20\/09 w siedzibie PSFUK na Mc Guiness Blvd. pod przewodnictwem Pana Przewodnicz\u0105cego Krzysztofa Matyszczyka. Celem zebrania by\u0142o wytypowanie Tymczasowej Rady Dy<\/font><font size=\"2\">rektor<\/font><font size=\"2\">\u00f3w CP-S, kt\u00f3rej zadaniem by\u0142oby przygotowanie Walnego Zebrania cz\u0142onk\u00f3w CP-S i rozliczenie obecnej Rady Dy<\/font><font size=\"2\">rektor<\/font><font size=\"2\">\u00f3w CP-S z dotychczasowej dzia\u0142alno\u015bci. Na zebraniu uda\u0142o si\u0119 doj\u015b\u0107 do porozumienia w kwestii zwo\u0142ania na dzie\u0144 04\/24\/09 w Domu Narodowym na Driggs Ave o godzinie 6PM zebrania informacyjnego dla cz\u0142onk\u00f3w CP-S, publikuj\u0105c wcze\u015bniej informacj\u0119 o spotkaniu w prasie. To proponowane przez nas spotkanie w Domu Narodowym mia\u0142o na celu uzyskanie, b\u0105d\u017a te\u017c nie uzyskanie akceptacji cz\u0142onk\u00f3w dla proponowanych 9 os\u00f3b, kt\u00f3re mia\u0142yby podj\u0105\u0107 dzia\u0142ania jako Tymczasowa Rada Dy<\/font><font size=\"2\">rektor<\/font><font size=\"2\">\u00f3w na czas bardzo okre\u015blony, wy\u0142\u0105cznie do czasu zwo\u0142ania Walnego Zebrania cz\u0142onk\u00f3w. Ponadto proponowali\u015bmy r\u00f3wnie\u017c, by wszyscy proponowani tymczasowi dy<\/font><font size=\"2\">rektor<\/font><font size=\"2\">zy z\u0142o\u017cyli notarialnie po\u015bwiadczone podpisy, i\u017c nie b\u0119d\u0105 uzurpowa\u0107 sobie prawa do przed\u0142u\u017cania swego uczestnictwa w Radzie po tym, jak doprowadzimy do zwo\u0142ania Walnego Zebrania cz\u0142onk\u00f3w. Niestety kto\u015b zdecydowa\u0142, i\u017c nie podj\u0119to dzia\u0142a\u0144 zmierzaj\u0105cych do zorganizowania spotkania z cz\u0142onkami w Domu Narodowym. Czujemy si\u0119 w zwi\u0105zku z tym zwolnieni od brania na swe barki odpowiedzialno\u015bci za niepoinformowanie cz\u0142onk\u00f3w o tym, co w naszym wsp\u00f3lnym interesie pr\u00f3bowali\u015bmy wesp\u00f3\u0142 z PSFUK zrobi\u0107 i nie wyra\u017camy obecnie zgody na nasze uczestnictwo w tej Radzie. Jako szeregowi cz\u0142onkowie zar\u00f3wno PSFUK jak i CP-S chcieliby\u015bmy widzie\u0107 Centrum w s\u0142u\u017cbie Polonii zgodnie z wizj\u0105 nie\u017cyj\u0105cego ju\u017c ksi\u0119dza Longina To\u0142czyka. Wydaje si\u0119 nam, \u017ce najrozs\u0105dniejszym posuni\u0119ciem na dzie\u0144 dzisiejszy, by\u0142oby zespolenie wszystkich skutecznych w dzia\u0142aniu ludzi dobrej woli. Ch\u0119tnie widzieliby\u015bmy przedstawicieli Unii Kredytowej dzia\u0142aj\u0105cej wesp\u00f3\u0142 z Forum Obrony Praw Polonii. <\/font><\/p>\n<p style=\"font-family: Verdana; color: #990000\" class=\"MsoNormal\"><font size=\"2\">Musz\u0119 tu o\u015bwiadczy<\/font><font size=\"2\">\u0107<\/font><font size=\"2\">, \u017ce mam conajmniej dwa powody, aby uzna<\/font><font size=\"2\">\u0107 wiarygodno\u015b<\/font><font size=\"2\">\u0107 FOPP za zerow\u0105:<\/font><\/p>\n<p style=\"font-family: Verdana\" class=\"MsoNormal\">&nbsp;<\/p>\n<p style=\"font-family: Verdana; color: #990000\" class=\"MsoNormal\"><font size=\"2\">1- Sprawa Stasia Drzewieckiego, w kt\u00f3rej przez p\u00f3\u0142tora roku na gl\u00f3wnej stronie Forum widnia\u0142 artyku\u0142 szkaluj\u0105cy mnie kompletnie bezpodstawnie o niezap\u0142acenie m\u0142odemu arty\u015bcie honorarium za koncert w Carnegie Hall. Prosi\u0142em, b\u0142aga\u0142em: przyjd\u017acie, zobaczcie dokument potwierdzaj\u0105cy odbi\u00f3r pieni\u0119dzy przez ojca m\u0142odocianego pianisty, podpisany przez tego\u017c ojca. Niestety, &#8222;w\u0142adcy&#8221; z Forum mieli swoje &#8222;pewne i twarde dowody&#8221;, \u017ce okrad\u0142em dzieciaka. Prezes tego\u017c Forum o\u015bmieli\u0142 si\u0119 do mnie zadzwoni<\/font><font size=\"2\">\u0107 po&#8230;sze\u015bciu latach, by z\u0142o\u017cy<\/font><font size=\"2\">\u0107 mi \u017cyczenia Bo\u017conarodzeniowe (o ironio) i gdzie\u015b, mi\u0119dzy wierszami przeprosi<\/font><font size=\"2\">\u0107, \u017ce &#8222;troch\u0119 dali\u015bmy ci nies\u0142uszny wycisk, ale wiesz, takie rzeczy si\u0119 zdarzaj\u0105&#8221;. <em>&#8222;Poca\u0142uj mnie, prezesie tam, gdzie pana majstra <\/em><\/font><font size=\"2\"><em>mo\u017cna <\/em><\/font><font size=\"2\"><em>w dup\u0119 poca\u0142owa<\/em><\/font><font size=\"2\"><em>\u0107&#8221; &#8211; Kobuszewski-Go\u0142as w skeczu o hydrauliku, Kabaret Dudek.<\/em><br \/>\n<\/font><\/p>\n<p style=\"font-family: Verdana; color: #990000\" class=\"MsoNormal\"><font size=\"2\">2-Zamieszczenie na Internecie zdj\u0119cia Janusza J\u00f3\u017awiaka za biurkiem prezentera Dziennika Telewizyjnego z plakietk\u0105 PZPR. Prawdziwy film (a nie zdj\u0119cie, do kt\u00f3rego mo\u017cna dolepi<\/font><font size=\"2\">\u0107 i go\u0142\u0105 bab\u0119), nie pokazuje jednak emblematu PZPR.<\/font><\/p>\n<p style=\"font-family: Verdana\" class=\"MsoNormal\"><font size=\"2\"><span style=\"color: #990000\">Z ca\u0142\u0105 stanowczo\u015bci\u0105 stwierdzam, \u017ce Forum Ochrony Praw Polonii nie jest dla mnie wiarygodne. Wr\u0119cz odwrotnie, pozna\u0142em je od strony naci\u0105gania fakt\u00f3w.<\/span><br \/>\n<\/font><\/p>\n<p style=\"font-family: Verdana\" class=\"MsoNormal\"><font size=\"2\">Tylko i wy\u0142\u0105cznie w zjednoczeniu si\u0119 ludzi nie tylko tych maj\u0105cych na uwadze dobro Centrum, ale i ludzi maj\u0105cych do\u015bwiadczenie z sal s\u0105dowych, mo\u017cna liczy\u0107 na bardzo realne w tym konkretnym przypadku zwyci\u0119stwo. Chodzi nam wszystkim o nic innego jak tylko zgodne z prawem zwo\u0142anie Walnego Zebrania cz\u0142onk\u00f3w CP-S. Nie ma sensu straszenie ludzi procesami jako rzecz\u0105 kosztown\u0105 i nieskuteczn\u0105, jak to sugerowa\u0142 na spotkaniu mecenas Zawistny, bo tak bynajmniej nie jest. Doprowadzenie do Walnego Zebrania cz\u0142onk\u00f3w udowodni szybko jak nik\u0142ym poparciem cieszy si\u0119 obecna Rada Dy<\/font><font size=\"2\">rektor<\/font><font size=\"2\">\u00f3w CP-S. <\/font><\/p>\n<p class=\"MsoNormal\" style=\"text-align: justify; font-family: Verdana; color: #990000\"><font size=\"2\">Zatem, zgodnie z prawem poczekajmy do statutowego Walnego Zebrania i zr\u00f3bmy, co powinno by<\/font><font size=\"2\">\u0107 zrobione. W tym nawo\u0142ywaniu o &#8222;zgod\u0119 z prawem&#8221; tyle\u017c jest i bezprawia, niestety.<\/font><\/p>\n<p class=\"MsoNormal\" style=\"text-align: justify; font-family: Verdana\"><font size=\"2\">Jeszcze dzi\u015b brzmi w uszach wszystkich obecnych na zebraniu 8 marca br. kategoryczna wypowied\u017a Pana Matyszczyka, stwierdzaj\u0105cego jednoznacznie, \u017ce tym razem Unia Kredytowa rozwi\u0105\u017ce ten nabrzmia\u0142y problem definitywnie i raz na zawsze.<br \/>\n<\/font><\/p>\n<p class=\"MsoNormal\" style=\"text-align: justify; font-family: Verdana; color: #990000\"><font size=\"2\">A mnie bierze czkawka na wspomnienie tego \u017cenuj\u0105cego wyst\u0105pienia &#8222;pana boga Matyszczyka&#8221;<\/font><\/p>\n<p class=\"MsoNormal\" style=\"text-align: justify; font-family: Verdana\"><font size=\"2\">Jak dotychczas jedynym prawnikiem skutecznie procesuj\u0105cym si\u0119 jest Garth Molander. Je\u015bli Unii Kredytowej le\u017cy wci\u0105\u017c na sercu dobro Centrum, w co absolutnie nie w\u0105tpimy, to powinni\u015bcie Pa\u0144stwo zespoli\u0107 swe si\u0142y z tymi, kt\u00f3rzy wiedz\u0105 jak walczy\u0107 z tym konkretnym przeciwnikiem i potrafi\u0105 wygrywa\u0107. Zaoszcz\u0119dzicie sobie i koszt\u00f3w i czasu. Centrum jest do uratowania, ale przy u\u017cyciu legalnych \u015brodk\u00f3w prawnych. Trzy petycje, jakie zosta\u0142y nam wr\u0119czone w celu zbierania podpis\u00f3w, dostarcz\u0105 jedynie CP-S wi\u0119cej argument\u00f3w w walce z tymi, kt\u00f3rzy chc\u0105 autentycznego uzdrowienia Centrum. Wszystkie bowiem proponowane petycje z punktu prawnego nadaj\u0105 si\u0119 do uniewa\u017cnienia. Ponadto petycja ceduj\u0105ca wszelkie prawa cz\u0142onka w dysponowaniu jego g\u0142osem na rzecz Krzysztofa Matyszczyka mo\u017ce li tylko narazi\u0107 wszystkich nas na kpiny i pos\u0105dzenia o z\u0142\u0105 wol\u0119. Zacytujmy<em>: \u201eNiniejszym czyni si\u0119 wiadomym, \u017ce ja&#8230;.. b\u0119d\u0105cy cz\u0142onkiem CP-S niniejszym wyznaczam i nominuj\u0119 Krzysztofa Matyszczyka&#8230; na mojego pe\u0142nomocnika w celu wzi\u0119cia udzia\u0142u we wszelkich zebraniach b\u0105d\u017a zgromadzeniach Cz\u0142onk\u00f3w&#8230; z pe\u0142nym prawem oddania g\u0142osu i dzia\u0142ania za mnie, w moim imieniu i moim zast\u0119pstwie, w taki sam spos\u00f3b, w tym samym stopniu i z tym samym efektem, jak gdybym by\u0142 osobi\u015bcie obecny. Udzielam XX pe\u0142nego prawa nominowania i wycofywania zast\u0119pc\u00f3w. Niniejszym wycofuj\u0119 r\u00f3wnie\u017c jakiekolwiek uprzednio udzielone przeze mnie pe\u0142nomocnictwa<\/em>.\u201d <\/font><\/p>\n<p class=\"MsoNormal\" style=\"text-align: justify; font-family: Verdana\"><font size=\"2\">Co mog\u0142oby i powinno odczuwa\u0107 50 tysi\u0119cy cz\u0142onk\u00f3w po z\u0142o\u017ceniu swych podpis\u00f3w pod takow\u0105 deklaracj\u0105 lepiej nie my\u015ble\u0107.<\/font><\/p>\n<p class=\"MsoNormal\" style=\"text-align: justify; font-family: Verdana; color: #990000\"><font size=\"2\">Ma Pan stuprocentow\u0105 racj\u0119; lepiej nie mysle<\/font><font size=\"2\">\u0107. Cho<\/font><font size=\"2\">\u0107 my\u015ble<\/font><font size=\"2\">\u0107 powinno si\u0119 przed, a nie po. Petycja jest dowodem na to, \u017ce prezes polskiego banku doszed\u0142 ju\u017c do urojonego apogeum o swojej wielko\u015bci, nieomylno\u015bci, ale i bezczelno\u015bci i pogardy dla Cz\u0142onk\u00f3w. Pami\u0119tam, \u017ce kiedy\u015b chcia\u0142em upowa\u017cni<\/font><font size=\"2\">\u0107 mojego brata w do za\u0142atwiania wszelkich spraw zawodowych i rodzinnych w moim imieniu. Pe\u0142nomocnictwo musia\u0142o by<\/font><font size=\"2\">\u0107 najpierw potwierdzone przez notoriusza, potem przez Konsulat RP.<\/font><font size=\"2\"> <\/font><font size=\"2\">Prezes miliardowej instytucji za\u0142atwia spraw\u0119 pe\u0142nomocnictwa &#8222;na g\u0119b\u0119&#8221; i to w kraju, w kt\u00f3rym urz\u0105d notariusza powo\u0142ano g\u0142\u00f3wnie po to, aby nie dochodzilo do przekr\u0119t\u00f3w. W kraju, w kt\u00f3rym &#8222;na g\u0119b\u0119&#8221; to mo\u017cna ledwie obiad w restauracji zam\u00f3wi<\/font><font size=\"2\">\u0107. <\/font><font size=\"2\">Czy On ma cz\u0142onk\u00f3w a\u017c za tak wielkich idiot\u00f3w? A wiecie do czego to prowadzi? Prosz\u0119 sobie wyobrazi<\/font><font size=\"2\">\u0107, \u017ce prezes uzbiera\u0142 2 tysi\u0105ce podpis\u00f3w; rzuca je na st\u00f3\u0142 podczas walnego zebrania i m\u00f3wi:<\/font><\/p>\n<p class=\"MsoNormal\" style=\"text-align: justify; font-family: Verdana; color: #990000\"><font size=\"2\">Tu mam 3 tysi\u0105ce (a co tam tysi\u0105c w lewo, tysi\u0105c w prawo?) podpis\u00f3w cz\u0142onk\u00f3w, w imieniu kt\u00f3rych sk\u0142adam wniosek o przekszta\u0142cenie Unii Kredytowej w sp\u00f3\u0142k\u0119 prywatn\u0105.\u00a0 Czy kto\u015b z tych bezwolnych, kt\u00f3rzy z\u0142o\u017cyli podpis b\u0119dzie mia\u0142 cokolwiek do zrobienia? Nie, klamka zapad\u0142a &#8211; podpisa\u0142em pe\u0142nomocnictwo. Pomijam fakt, \u017ce dzieje si\u0119 to w kraju, w kt\u00f3rym zaledwie kilka procent tubylc\u00f3w wie, czym by\u0142y metody komunistyczne. Ale wiedz\u0105 w stu procentach polscy emigranci. No, to jazda, podpisujcie!<br \/>\n<\/font><\/p>\n<p class=\"MsoNormal\" style=\"text-align: justify; font-family: Verdana\"><font size=\"2\">Przypominamy w tym miejscu, i\u017c PSFUK otrzyma\u0142a ju\u017c od 1200 cz\u0142onk\u00f3w pe\u0142nomocnictwo w sprawie podj\u0119cia dzia\u0142a\u0144 na rzecz zwo\u0142ania Walnego Zebrania. <\/font><font size=\"2\">Teraz natomiast czujemy si\u0119 manipulowani. <span style=\"color: #990000\">TO JEST WR\u0118CZ NIEPRAWDOPODOBNE: 1200 BEZWOLNYCH LUDZI. PRZERA\u017bAJ\u0104CE!!!!!! I PA\u0143STWO TERAZ DOPIERO CZUJECIE SI\u0118 WYMANEWROWANI? GRATULUJ\u0118 REFLEKSU.<\/span><br \/>\n<\/font><\/p>\n<p class=\"MsoNormal\" style=\"text-align: justify; font-family: Verdana\"><font size=\"2\">Mamy nadziej\u0119, \u017ce Dyrekcja PSFUK przeanalizuje wszystkie za i przeciw jeszcze raz i wybierze opcj\u0119, kt\u00f3ra pozwoli przekaza\u0107 cz\u0142onkom Centrum ich instytucj\u0119.<br \/>\n<\/font><\/p>\n<p class=\"MsoNormal\" style=\"text-align: justify; font-family: Verdana\"><font style=\"color: #990000\" size=\"2\">Napisa\u0142 Pan kilka stron, a na koniec wyra\u017ca Pan nadziej\u0119? To jaka\u015b paranoja. <\/font><font size=\"2\"><span style=\"color: #990000\">TO MO\u017bE NIECH JU\u017b TA UNIA NIE ANALIZUJE NICZEGO, A ZAJMIE SI\u0118 KRYZYSEM, BO ROZLICZENIA NA STRONIE NCUA NIE NAPAWAJ\u0104 OPTYMIZMEM. <\/span><br \/>\n<\/font><\/p>\n<p class=\"MsoNormal\" style=\"text-align: justify; font-family: Verdana\"><font size=\"2\">Musicie Pa\u0144stwo zdawa\u0107 sobie spraw\u0119 z tego, \u017ce wszyscy cz\u0142onkowie Centrum teraz patrz\u0105 na Was z nadziej\u0105 w oczach.<\/font><\/p>\n<p class=\"MsoNormal\" style=\"text-align: justify; font-family: Verdana\"><font style=\"color: #990000\" size=\"2\">\u00a0A sk\u0105d pan wie, \u017ce &#8222;wszyscy cz\u0142onkowie&#8221; z tak\u0105\u017c sam\u0105 &#8222;nadziej\u0105 w oczach&#8221; patrz\u0105<\/font><font size=\"2\"><span style=\"color: #990000\"> na Rad\u0119 Dyrektor\u00f3w Unii Kredytowej? Podam Panu setki nazwisk cz\u0142onk\u00f3w ciu\u0142aj\u0105cych pieni\u0105dze w Unii, kt\u00f3rzy z nadziej\u0105 oczekuj\u0105 rezygnacji conajmniej 6 cz\u0142onkow obecnej Rady Dyrektor\u00f3w.<\/span><br \/>\n<\/font><\/p>\n<p class=\"MsoNormal\" style=\"text-align: justify; font-family: Verdana\"><font size=\"2\">Arek Tomaszewski\u00a0\u00a0\u00a0<\/font><\/p>\n<p class=\"MsoNormal\" style=\"text-align: justify; font-family: Verdana\"><font size=\"2\">Jan Welenc <\/font><\/p>\n<p class=\"MsoNormal\" style=\"text-align: justify; font-family: Verdana\"><font size=\"2\">El\u017cbieta Kulec<\/font><\/p>\n<p class=\"MsoNormal\" style=\"text-align: justify; font-family: Verdana\"><font size=\"2\">Jadwiga Ziemianowicz<\/font><\/p>\n<p class=\"MsoNormal\" style=\"text-align: justify; font-family: Verdana\"><font size=\"2\">Henryk Pawelec<\/font><\/p>\n<p class=\"MsoNormal\" style=\"text-align: justify; font-family: Verdana\"><font style=\"font-family: Verdana\" size=\"2\"><span style=\"color: #990000\">Niedawno przeczyta\u0142em po raz kolejny histori\u0119 o \u017cyciu i &#8222;radosnej tw\u00f3rczo\u015bci&#8221;\u00a0 Henryka \u00d3smego. Jest tam, \u015bwietnie do tej sytuacji pasuj\u0105ce zdanie: &#8222;Prawi ludzie s\u0105 szykanowani, kanalie wywy\u017csza si\u0119 wed\u0142ug kaprysu kr\u00f3la&#8221;.<\/span><\/font><\/p>\n<p class=\"MsoNormal\" style=\"text-align: justify; font-family: Verdana\"><font size=\"2\">\u00a0<\/font><\/p>\n","protected":false},"excerpt":{"rendered":"<p>Poni\u017cej zamieszczam materia\u0142, jaki znalaz\u0142em na jednej z polonijnych stron internetowych. Materia\u0142 tez \u015bwiadczy o niewyobra\u017calnym wr\u0119cz problemie wzajemnego oszukiwania si\u0119 i o niebywa\u0142ej nieuczciwo\u015bci ludzi zasiadaj\u0105cych\u00a0 w radach dyrektor\u00f3w polonijnych organizacji. Nie powinienem wla\u015bciwie uog\u00f3lnia\u0107, wi\u0119c powiem wprost:<\/p>\n","protected":false},"author":2,"featured_media":0,"comment_status":"open","ping_status":"open","sticky":false,"template":"","format":"standard","meta":[],"categories":[3],"tags":[],"_links":{"self":[{"href":"https:\/\/sporek.com\/blog\/index.php?rest_route=\/wp\/v2\/posts\/185"}],"collection":[{"href":"https:\/\/sporek.com\/blog\/index.php?rest_route=\/wp\/v2\/posts"}],"about":[{"href":"https:\/\/sporek.com\/blog\/index.php?rest_route=\/wp\/v2\/types\/post"}],"author":[{"embeddable":true,"href":"https:\/\/sporek.com\/blog\/index.php?rest_route=\/wp\/v2\/users\/2"}],"replies":[{"embeddable":true,"href":"https:\/\/sporek.com\/blog\/index.php?rest_route=%2Fwp%2Fv2%2Fcomments&post=185"}],"version-history":[{"count":0,"href":"https:\/\/sporek.com\/blog\/index.php?rest_route=\/wp\/v2\/posts\/185\/revisions"}],"wp:attachment":[{"href":"https:\/\/sporek.com\/blog\/index.php?rest_route=%2Fwp%2Fv2%2Fmedia&parent=185"}],"wp:term":[{"taxonomy":"category","embeddable":true,"href":"https:\/\/sporek.com\/blog\/index.php?rest_route=%2Fwp%2Fv2%2Fcategories&post=185"},{"taxonomy":"post_tag","embeddable":true,"href":"https:\/\/sporek.com\/blog\/index.php?rest_route=%2Fwp%2Fv2%2Ftags&post=185"}],"curies":[{"name":"wp","href":"https:\/\/api.w.org\/{rel}","templated":true}]}}