{"id":186,"date":"2009-07-11T23:39:39","date_gmt":"2009-07-12T03:39:39","guid":{"rendered":"http:\/\/sporek.com\/blog\/?p=186"},"modified":"2009-07-12T00:02:01","modified_gmt":"2009-07-12T04:02:01","slug":"i-nie-o-racje-mi-chodzi","status":"publish","type":"post","link":"https:\/\/sporek.com\/blog\/?p=186","title":{"rendered":"I nie o racj\u0119 mi chodzi&#8230;"},"content":{"rendered":"<p><font size=\"2\">29 marca ub. roku napisa\u0142em artyku\u0142 pt: &#8222;Politycy RP, a Traktat Lizbo\u0144ski&#8221;, b\u0119d\u0105cy niejak\u0105 ocen\u0105 spotkania Polonii z premierem Tuskiem. Oskar\u017cy\u0142em w nim, bardzo \u015bwiadomie i z ca\u0142\u0105 odpowiedzialno\u015bci\u0105 polskich polityk\u00f3w o zaniedbanie w stosunku do spo\u0142ecze\u0144stwa i praktycznie przest\u0119pstwo polegaj\u0105ce na ch\u0119ci podpisania dokumentu, kt\u00f3rego nie czytali, a je\u015bli nawet, to go po prostu nie rozumiej\u0105. <\/font><!--more--><font size=\"2\">Premier, w swojej odpowiedzi na moje pytanie lawirowa\u0142, jak slizki piskorz, ale dowiedzia\u0142em si\u0119 tylko, \u017ce referendum narodowego nie b\u0119dzie, bo on tak postanowi\u0142. Mo\u017cna by my\u015ble<\/font><font size=\"2\">\u0107, \u017ce zapozna\u0142 si\u0119 doskonale z tre\u015bci\u0105 traktatu i z pe\u0142n\u0105 \u015bwiadomo\u015bci\u0105 i odpowiedzialno\u015bci\u0105 doszed\u0142 do wniosku, \u017ce argumenty prezydenta Kaczy\u0144skiego, i\u017c traktat mo\u017ce okaza<\/font><font size=\"2\">\u0107 si\u0119 zagro\u017ceniem dla suwerenno\u015bci naszego kraju s\u0105 nic nie warte i bez pokrycia.<br \/>\nMoje pytanie zbulwersowa\u0142o kilku dziennikarzy, z kt\u00f3rych jedna, sk\u0105din\u0105d zas\u0142u\u017cona ostentacyjnie &#8222;ola\u0142a&#8221; udzia\u0142 w dyskusji przy przy cateringowym stole, odwracaj\u0105c si\u0119 zamaszczy\u015bcie i jeszcze zamaszy\u015bciej odchodz\u0105c do &#8222;lepszego&#8221; towarzystwa. \u017badne z obecnych medi\u00f3w (gazety, telewizja, radio), ani polonijne, ani polskie nie zacytowa\u0142y mojego pytania, a tym samym i pana premierowej odpowiedzi. Kto\u015b z Warszawy zadzwoni\u0142 do mnie kilka dni po tym spotkaniu i powiedzia\u0142 co\u015b w rodzaju: &#8222;Przesta\u0144 si\u0119, muzyku wym\u0105drza<\/font><font size=\"2\">\u0107 na temat polityki, bo mo\u017cemy ci ten tw\u00f3j ukichany blog zablokowa<\/font><font size=\"2\">\u0107&#8221;.<br \/>\nPozosta\u0142em muzykiem, kt\u00f3ry bardzo interesuje si\u0119 sprawami ojczystego kraju, blog nadal dzia\u0142a, a to, co si\u0119 zmieni\u0142o, to to, \u017ce Federalny Trybuna\u0142 Konstytucyjny Niemiec, wyrokiem z 30 czerwca, 2009 potwierdzi\u0142 obawy Prezydenta Kaczy\u0144skiego, moje i tych, kt\u00f3rzy my\u015bleli podobnie, zadaj\u0105c\u00a0 jednocze\u015bnie k\u0142am beztroskim dywagacjom mi\u0142o\u015bciwie panuj\u0105cej koalicji POPSL, \u017ce traktat jest najlepszym dla Polski rozwi\u0105zaniem, zbawiennym dokumentem, kt\u00f3ry nic, tylko trzeba natychmiast ratyfikowa<\/font><font size=\"2\">\u0107, bo inaczej nast\u0105pi koniec \u015bwiata&#8230;<br \/>\nI masz babo placek&#8230;z zakalcem. Oto niemiecki trybuna\u0142 wydaje wyrok, i\u017c owszem mo\u017cna go ostatecznie ratyfikowa<\/font><font size=\"2\">\u0107, ale nale\u017cy ustanowi<\/font><font size=\"2\">\u0107 takie wzmocnienia prawno-konstytucyjne dla Bundestagu i Bundesratu, aby nigdy nie dosz\u0142o do sytuacji, w kt\u00f3rej te dwa organa bed\u0105 mia\u0142y mniejsze znaczenie decyzyjne, ni\u017c np. Parlament, czy Trybuna\u0142 Europejski. Koniec, kropka. Innymi s\u0142owy &#8211; mo\u017ce sobie ta Unia Europejska istnie<\/font><font size=\"2\">\u0107, ale wara jej od warto\u015bci i suwerenno\u015bci pa\u0144stwa niemieckiego, a gdyby komu\u015b wpad\u0142o do g\u0142owy tworzy<\/font><font size=\"2\">\u0107 federacj\u0119 europejsk\u0105, to definitywnie bez nas, pa\u0144stwa niemieckiego. S\u0142owo &#8222;suwerenno\u015b<\/font><font size=\"2\">\u0107&#8221; w tym ponad stupi\u0119<\/font><font size=\"2\">\u0107dziesi\u0119cio stronicowym wyroku wymienione jest prawie 50 razy; dok\u0142adnie 49.<\/font><br \/>\n<font size=\"2\">Wyrok niemieckiego trybuna\u0142u zapad\u0142 ju\u017c dwa tygodnie temu. Nie s\u0142ysza\u0142em, aby marsza\u0142ek polskiego parlamentu zapoda\u0142 do publicznej wiadomo\u015bci, \u017ce oto pos\u0142owie wezm\u0105 si\u0119 do roboty i poczn\u0105 analizowa<\/font><font size=\"2\">\u0107 punkt po punkcie. Nie, teraz pos\u0142owie maj\u0105 urlopy, a potem przyjdzie jesie\u0144 i wszyscy bed\u0105 si\u0119 modli<\/font><font size=\"2\">\u0107, aby ta cholerna Irlandia powiedzia\u0142a &#8222;tak&#8221; w referednum, to wreszcie b\u0119dzie mo\u017cna temu cholernemu Kaczy\u0144skiemu rzuci<\/font><font size=\"2\">\u0107 w oczy, \u017ce stoi w poprzek polskiego szcz\u0119\u015bcia. I nie bacz\u0105 zacni panowie pos\u0142owie, \u017ce w tym momencie strac\u0105 80% swoich poselskich kompetencji, \u017ce odt\u0105d stan\u0105 si\u0119 kukie\u0142kami w teatrze zwanym sejm i b\u0119d\u0105 sobie swawolnie gaworzy<\/font><font size=\"2\">\u0107 banialuki na r\u00f3\u017cne -r\u00f3\u017cniste, panie- tematy, ale bez \u017cadnego efektu, bo decyzje b\u0119d\u0105 zapad<\/font><font size=\"2\">a\u0107 daleko od naszych granic, ali\u015bci na temat tego, co mo\u017ce si\u0119 dzia<\/font><font size=\"2\">\u0107 w naszych w\u0142a\u015bnie granicach. By\u0142 kto\u015b w gronie moich znajomych, kto zwyk\u0142 mawia<\/font><font size=\"2\">\u0107: &#8222;A nie m\u00f3wi\u0142am? I mia\u0142am racj\u0119&#8221;. S\u0119k w tym, \u017ce nigdy nie m\u00f3wila, a racj\u0119 chcia\u0142a mie<\/font><font size=\"2\">\u0107 zawsze, tyle, \u017ce po fakcie.<br \/>\nPowiem szczerze, \u017ce m\u0119cz\u0105 mnie sporadyczne wprawdzie telefony, w kt\u00f3rych kto\u015b tam m\u00f3wi mi, \u017ce plot\u0119 g\u0142upstwa w telewizji, \u017ce wypisuj\u0119 bzdury na blogu. M\u0119cz\u0105 mnie uwagi dyplomat\u00f3w, \u017ce to nie moje podw\u00f3rko, ale najbardziej m\u0119czy mnie to, \u017ce koniec ko\u0144c\u00f3w okazuje si\u0119, \u017ce&#8230;&#8221;a nie m\u00f3wi\u0142em? I mia\u0142em racj\u0119&#8221;.<br \/>\nAle ja nie chc\u0119 mie<\/font><font size=\"2\">\u0107 racji dla samego posiadania jej. I nie twierdz\u0119, \u017ce mam j\u0105 zawsze,- nikt nie jest nieomylny. Po stokro<\/font><font size=\"2\">\u0107 wola\u0142bym, aby\u015bmy po prostu zacz\u0119li my\u015ble<\/font><font size=\"2\">\u0107, zastanawia<\/font><font size=\"2\">\u0107 si\u0119, analizowa<\/font><font size=\"2\">\u0107, studiowa<\/font><font size=\"2\">\u0107 r\u00f3\u017cne \u017ar\u00f3d\u0142a informacji. Poleganie na najwi\u0119kszym nawet dzienniku polonijnym nie daje gwarancji, \u017ce b\u0119dziemy wiedzie<\/font><font size=\"2\">\u0107 wszystko i to w szczeg\u00f3\u0142ach.<br \/>\nBezmy\u015blno\u015b<\/font><font size=\"2\">\u0107 w oddawaniu niekt\u00f3rym ludziom w\u0142adzy czasem mo\u017ce si\u0119 sko\u0144czy<\/font><font size=\"2\">\u0107 tragicznie dla ca\u0142ego spo\u0142ecze\u0144stwa i ca\u0142ego kraju.<br \/>\nProponuj\u0119 bacznie obserwowa<\/font><font size=\"2\">\u0107 rozw\u00f3j ameryka\u0144skiej pot\u0119gi pod rz\u0105dami B. H. Obamy i degrengolad\u0119 spo\u0142ecze\u0144stwa, zw\u0142aszcza po tym, gdy senat, ma\u0142puj\u0105c kongres zatwierdzi &#8222;Cap and Trade&#8221;. Jak Boga kocham, ostatni\u0105 rzecz\u0105, jak\u0105 chcia\u0142bym teraz mie<\/font><font size=\"2\">\u0107 jest &#8222;racja&#8221;. Natomiast z ca\u0142ej duszy pragn\u0119, aby i kongresmeni i senatorzy zacz\u0119li mysle<\/font><font size=\"2\">\u0107&#8230;i spo\u0142ecze\u0144stwo <\/font><font size=\"2\">te\u017c. Poni\u017cej linki do filmik\u00f3w, kt\u00f3re powinni\u015bmy obejrze<\/font><font size=\"2\">\u0107.<br \/>\n<\/font><\/p>\n<h1><font size=\"2\"><span style=\"font-weight: normal\">Benedict Arnold Obama &#8211; shocking speech about Cap &amp;Trade<\/span><\/font><\/h1>\n<p><a href=\"http:\/\/www.youtube.com\/watch?v=4OZRux80dk&amp;eurl=http%3A%2F%2Ffractasol.blog\">http:\/\/www.youtube.com\/watch?v=4OZRux80dk&amp;eurl=http%3A%2F%2Ffractasol.blog<\/a><\/p>\n<p class=\"MsoNormal\"><font size=\"2\"><span style=\"color: blue\"> pot.com%2F2009%2F06%2Faudio-jeff-kuhner-on-climate-bill.html&amp;feature=player_embedded<\/span><\/font><\/p>\n<p class=\"MsoNormal\"><font size=\"2\">\u00a0<\/font><font size=\"2\"><span style=\"font-weight: normal\">Knee Cap and Trade into economic collapse (very interesting)<\/span><\/font><\/p>\n<p style=\"color: #073763\" class=\"MsoNormal\"><font size=\"2\"><a href=\"http:\/\/www.youtube.com\/watch?v=DHrkEg1ZWR8&amp;NR=1\">http:\/\/www.youtube.com\/watch?v=DHrkEg1ZWR8&amp;NR=1<\/a><\/font><\/p>\n<p class=\"MsoNormal\"><font size=\"2\">\u00a0<\/font><font size=\"2\"><span style=\"font-weight: normal\">Obama&#8217;s Cap and Trade Taxes Will Destroy <\/span><span style=\"font-weight: normal\">America<\/span><\/font><\/p>\n<p class=\"MsoNormal\"><font size=\"2\"><a href=\"http:\/\/www.youtube.com\/watch?v=aw7Ez0LLidk&amp;NR=1\">http:\/\/www.youtube.com\/watch?v=aw7Ez0LLidk&amp;NR=1<\/a><\/font><\/p>\n<p class=\"MsoNormal\"><font size=\"2\">\u00a0<\/font><font size=\"2\"><span style=\"font-weight: normal\">Your Energy Prices to DOUBLE!! (NOT a joke)<\/span><\/font><\/p>\n<h1><font size=\"2\"><span style=\"font-weight: normal\"><a href=\"http:\/\/www.youtube.com\/watch?v=gS8Z4sIsbeQ&amp;NR=1\">http:\/\/www.youtube.com\/watch?v=gS8Z4sIsbeQ&amp;NR=1<\/a><\/span><\/font><\/h1>\n<h1><font size=\"2\">\u00a0<span style=\"font-weight: normal\">Cap and Trade Will Destroy the Middle Class<\/span><\/font><\/h1>\n<h1><font size=\"2\"><span style=\"font-weight: normal\"><a href=\"http:\/\/www.youtube.com\/watch?v=IUl9pN-W0X8&amp;feature=related\">http:\/\/www.youtube.com\/watch?v=IUl9pN-W0X8&amp;feature=related<\/a><\/span><\/font><\/h1>\n<h1><font size=\"2\">\u00a0<span style=\"font-weight: normal\">Warren Buffett Slams &#8222;Cap and Trade&#8221; as a Regressive Tax on All Americans<\/span><\/font><\/h1>\n<h1><font size=\"2\"><span style=\"font-weight: normal\"><a href=\"http:\/\/www.youtube.com\/watch?v=FoCsFsU_irY&amp;feature=related\">http:\/\/www.youtube.com\/watch?v=FoCsFsU_irY&amp;feature=related<\/a><\/span><\/font><\/h1>\n<h1 style=\"color: #000000\"><font size=\"2\">\u00a0<span style=\"font-weight: normal\">The Shocking Video Hillary Does NOT Want You To See! (1 of 2)<\/span><\/font><\/h1>\n<h1><font size=\"2\"><span style=\"font-weight: normal\"><a href=\"http:\/\/www.youtube.com\/watch?v=xq8aopATYyw&amp;feature=related\">http:\/\/www.youtube.com\/watch?v=xq8aopATYyw&amp;feature=related<\/a><\/span><\/font><\/h1>\n<h1 style=\"color: #000000\"><font size=\"2\"><span style=\"font-weight: normal\">\u00a0The Shocking Video Hillary Does NOT Want You To See! (2 of 2)<\/span><\/font><\/h1>\n<h1><font size=\"2\"><span style=\"font-weight: normal\"><a href=\"http:\/\/www.youtube.com\/watch?v=AMfUajhL24I&amp;NR=1\">http:\/\/www.youtube.com\/watch?v=AMfUajhL24I&amp;NR=1<\/a><\/span><\/font><\/h1>\n","protected":false},"excerpt":{"rendered":"<p>29 marca ub. roku napisa\u0142em artyku\u0142 pt: &#8222;Politycy RP, a Traktat Lizbo\u0144ski&#8221;, b\u0119d\u0105cy niejak\u0105 ocen\u0105 spotkania Polonii z premierem Tuskiem. Oskar\u017cy\u0142em w nim, bardzo \u015bwiadomie i z ca\u0142\u0105 odpowiedzialno\u015bci\u0105 polskich polityk\u00f3w o zaniedbanie w stosunku do spo\u0142ecze\u0144stwa i praktycznie przest\u0119pstwo polegaj\u0105ce na ch\u0119ci podpisania dokumentu, kt\u00f3rego nie czytali, a je\u015bli nawet, to go po prostu [&hellip;]<\/p>\n","protected":false},"author":2,"featured_media":0,"comment_status":"open","ping_status":"open","sticky":false,"template":"","format":"standard","meta":[],"categories":[4],"tags":[],"_links":{"self":[{"href":"https:\/\/sporek.com\/blog\/index.php?rest_route=\/wp\/v2\/posts\/186"}],"collection":[{"href":"https:\/\/sporek.com\/blog\/index.php?rest_route=\/wp\/v2\/posts"}],"about":[{"href":"https:\/\/sporek.com\/blog\/index.php?rest_route=\/wp\/v2\/types\/post"}],"author":[{"embeddable":true,"href":"https:\/\/sporek.com\/blog\/index.php?rest_route=\/wp\/v2\/users\/2"}],"replies":[{"embeddable":true,"href":"https:\/\/sporek.com\/blog\/index.php?rest_route=%2Fwp%2Fv2%2Fcomments&post=186"}],"version-history":[{"count":0,"href":"https:\/\/sporek.com\/blog\/index.php?rest_route=\/wp\/v2\/posts\/186\/revisions"}],"wp:attachment":[{"href":"https:\/\/sporek.com\/blog\/index.php?rest_route=%2Fwp%2Fv2%2Fmedia&parent=186"}],"wp:term":[{"taxonomy":"category","embeddable":true,"href":"https:\/\/sporek.com\/blog\/index.php?rest_route=%2Fwp%2Fv2%2Fcategories&post=186"},{"taxonomy":"post_tag","embeddable":true,"href":"https:\/\/sporek.com\/blog\/index.php?rest_route=%2Fwp%2Fv2%2Ftags&post=186"}],"curies":[{"name":"wp","href":"https:\/\/api.w.org\/{rel}","templated":true}]}}