{"id":19,"date":"2007-06-23T11:55:54","date_gmt":"2007-06-23T15:55:54","guid":{"rendered":"http:\/\/sporek.com\/blog\/?p=19"},"modified":"2007-09-22T12:00:08","modified_gmt":"2007-09-22T16:00:08","slug":"polonijne-metamorfozy-odcinek-1-psfuk","status":"publish","type":"post","link":"https:\/\/sporek.com\/blog\/?p=19","title":{"rendered":"Polonijne Metamorfozy &#8211; odcinek 1 PSFUK"},"content":{"rendered":"<p goog_ds_charIndex=\"34\">PSFUK, czyli Polsko-S\u0142owia\u0144ska Federalna Unia Kredytow.<\/p>\n<p goog_ds_charIndex=\"91\"><span goog_ds_charIndex=\"92\" style=\"font-family: Arial\" lang=\"PL\">Sk\u0105d bierze si\u0119 u mnie nawyk do spo\u0142ecznej aktywno\u015bci? &#8211; trudno mi powiedzie<span goog_ds_charIndex=\"169\" class=\"postbody\">\u0107<\/span><\/span><span goog_ds_charIndex=\"173\" class=\"postbody\"><span goog_ds_charIndex=\"174\" lang=\"PL\"><font goog_ds_charIndex=\"175\" face=\"Times New Roman\">. <\/font><\/span><\/span><span goog_ds_charIndex=\"181\" class=\"postbody\"><span goog_ds_charIndex=\"182\" style=\"font-family: Arial\" lang=\"PL\">Od licealnych lat miesza\u0142em si\u0119 w sprawy dziej\u0105ce si\u0119 dooko\u0142a i tak mi to jako\u015b zosta\u0142o. W przeciwie\u0144stwie do moich, bywa, \u017ce czasem bardzo bliskich przyjaci\u00f3\u0142, (<em goog_ds_charIndex=\"345\">kt\u00f3rzy mogliby, ale chyba im si\u0119 nie chce, mie\u0107 znacz\u0105cy wp\u0142yw na to, co si\u0119 w tych oragnizacjach dzieje &#8211;\u00a0 ju\u017c to dzi\u0119ki ogromnemu autorytetowi, ju\u015bci przez wrodzon\u0105, lub nabyt\u0105 m\u0105dro\u015b\u0107<\/em>), \u00a0pr\u00f3buj\u0119, tu w Stanach, znale\u017a\u0107 czas, aby bra\u0107 udzia\u0142 w zebraniach, zw\u0142aszcza tych walnych, sprawozdawczo-wyborczych, ze szczeg\u00f3lnym uwzgl\u0119dnieniem Unii Kredytowej i Centrum Polsko-S\u0142owia\u0144skiego. B\u0105d\u017a, co b\u0105d\u017a s\u0105 to organizacje skupiaj\u0105ce kilkadziesi\u0105tkrotnie wi\u0119cej cz\u0142onk\u00f3w ni\u017ali, maj\u0105cy jednak o wiele wi\u0119kszy presti\u017c polityczno-spo\u0142eczny, Kongres Polonii Ameryka\u0144skiej, zali\u017c te\u017c b\u0119d\u0105cymi stokro\u0107 lepiej wyposa\u017cone w zielone symbole ameryka\u0144skiego bogactwa, z wizerunkiem pierwszego prezydenta USA, Jurka Waszyngtona (do dzi\u015b nie wiem, dlaczego ten facet sygnuje swoj\u0105 twarz\u0105 jednego dolara, a nie banknot o nominale sto?) <\/span><\/span><span goog_ds_charIndex=\"1165\" class=\"postbody\"><span goog_ds_charIndex=\"1166\" style=\"font-family: Arial\" lang=\"PL\">Najciekawsz\u0105 rzecz\u0105, jak\u0105 zaobserwowa\u0142em po dwudziestu latach \u017cycia w najbardziej polskiej dzielnicy Nowego Jorku, czyli na Greenponcie, jest&#8230; metamorfoza. Dziwne, co? <\/span><\/span><span goog_ds_charIndex=\"1339\" class=\"postbody\"><span goog_ds_charIndex=\"1340\" style=\"font-family: Arial\" lang=\"PL\">Tak jednak jest, &#8211; metamorfoza, czyli zmiana, \u00a0&#8211; przeobra\u017cenie zaistnia\u0142e w czasie, dotycz\u0105ce zachowa\u0144, charakter\u00f3w, post\u0119powa\u0144 itp.<!--more--><\/span><\/span><\/p>\n<p goog_ds_charIndex=\"91\"><span goog_ds_charIndex=\"1339\" class=\"postbody\"><span goog_ds_charIndex=\"1340\" style=\"font-family: Arial\" lang=\"PL\"><\/span><\/span><span goog_ds_charIndex=\"1477\" class=\"postbody\"><span goog_ds_charIndex=\"1478\" style=\"font-family: Arial\" lang=\"PL\">Jeszcze do niedawna by\u0142em bardzo zadziorny i, rzek\u0142bym &#8211; emocjonalnie spontaniczny. Nie kontroluj\u0105c szybko\u015bci nap\u0142ywaj\u0105cej do m\u00f3zgu adrenaliny wdawa\u0142em si\u0119 w jakie\u015b przegadywanki i pozwala\u0142em mojemu organizmowi na nerwowe prze\u017cycia. Ali\u015bci, kiedy prze\u017cyje si\u0119 pierwszy zawa\u0142 sprawy zaczynaj\u0105 nabiera\u0107 innego wymiaru. Siedz\u0119 spokojnie i s\u0142ucham; Najprz\u00f3d wi\u0119c bzdur przedstawicieli \u201ew\u0142adz\u201d, plot\u0105cych czasem tak od rzeczy, \u017ce zastanawiam si\u0119, jakie szko\u0142y trza by\u0142o poko\u0144czy\u0107, \u017ceby tak g\u0142upio gada\u0107, potem zdenerwowanych, wykrzykiwanych krytyk ze strony \u201edelegat\u00f3w\u201d, kt\u00f3rym z regu\u0142y nerwy puszczaj\u0105 po pierwszym zdaniu. Wida\u0107 oceniaj\u0105 sytuacj\u0119 podobnie, jak ja, ale nie mieli jeszcze zawa\u0142u, &#8211; i gdzie\u015b tam po d koniec, zanim znienacka og\u0142osz\u0105 koniec \u201ewolnych g\u0142os\u00f3w\u201d, \u00a0zabieram kr\u00f3tki g\u0142os, w punktach obna\u017caj\u0105c ubogo\u015b\u0107 my\u015blenia \u201edzia\u0142aczy\u201d z rady dyrektor\u00f3w. <\/span><\/span><\/p>\n<p goog_ds_charIndex=\"2342\"><span goog_ds_charIndex=\"2343\" class=\"postbody\"><span goog_ds_charIndex=\"2344\" style=\"font-family: Arial\" lang=\"PL\">Metamorfoza pierwsza, zaznaczam jednako\u017c, \u017ce ja te\u017c owe metamorfozy przeszed\u0142em we w\u0142asnym wn\u0119trzu: <\/span><\/span><\/p>\n<p goog_ds_charIndex=\"2448\"><span goog_ds_charIndex=\"2449\" class=\"postbody\"><span goog_ds_charIndex=\"2450\" style=\"font-family: Arial\" lang=\"PL\">Kiedy\u015b wi\u0119c sympatyzowa\u0142em z rad\u0105 dyrektor\u00f3w Unii kredytowej, gdy my\u015bla\u0142em, \u017ce jej przewodz\u0105cy, a prawnik z wykszta\u0142cenia i w jakim\u015b tam sensie m\u00f3j znajomy, o rzymskim imieniu Marco wprowadzi nieco \u0142adu i normalno\u015bci. Rych\u0142o jednak okaza\u0142o si\u0119, \u017ce pope\u0142ni\u0142em tzw. pomy\u0142k\u0119, bo Marco wprowadzil nielad, upikantniony podejrzeniami, \u017ce z Unii raczej wyprowadza si\u0119 pieni\u0105dze, ni\u017c si\u0119 je tam kumuluje. Zamordyzm, jaki zaprezentowa\u0142 na walnym zebraniu przeszed\u0142 wszelkie moje, najgorsze oczekiwania, a \u017ce jednym z powod\u00f3w mojego wyjazdu z Ojczyzny by\u0142 fakt, \u017ce komunistycznego zamordyzmu mia\u0142em dosy\u0107, tote\u017c zdecydowa\u0142em nigdy ju\u017c na \u201erzymianina\u201d nie g\u0142osowa\u0107 i przerzuci\u0142em si\u0119 na &#8222;intelektualist\u0119&#8221;, tyle, \u017ce te\u017c cholera imi\u0119 mia\u0142 jakie\u015b macedo\u0144skie, na szcz\u0119\u015bcie bez przydomka \u201ewielki\u201d, ali\u015bci by\u0142, jak \u00f3w Macedo\u0144czyk, Pierwszym Alxandrem, kt\u00f3rego wybrano na stanowisko \u201ejego wysoko\u015bci, prezesa\u201d. Licz\u0105c na to, \u017ce jako intelektualista, w dodatku na lewo i prawo krzycz\u0105cy, \u017ce dosta\u0142 nagrod\u0119 Pulizzera wprowadzi nieco kultury i og\u0142ady, sam po cz\u0119\u015bci organizowa\u0142em mu kampani\u0119 wyborcz\u0105, jak idiota te\u017c na lewo i prawo wmawiaj\u0105c ludziom, \u017ce w\u0142a\u015bnie Alex b\u0119dzie najlepszy. Z tym \u201epulizzerem\u201d, to te\u017c przesada. My\u015bla\u0142em, \u017ce to on go dosta\u0142 indywidualnie, ale\u00a0 kiedy wszed\u0142em na te strony internetowe dowiedzia\u0142em si\u0119, \u017ce by\u0142a to nagroda dla ca\u0142ego zespo\u0142u redakcyjnego, a sam \u201emacedo\u0144czyk\u201d mia\u0142 bodaj najmniejszy wp\u0142yw na jej przyznanie. By\u0142 nawet taki tytu\u0142 na jednym z link\u00f3w: \u201eAlex,- oddaj Pulizzera\u201d, a autorami tego tekstu byli&#8230;dawni koledzy z redakcji. Pami\u0119tam, \u017ce podczas zebrania, na kt\u00f3rym Marco obna\u017cy\u0142 najgorsze cechy swojego intelektu, kultury, grzeczno\u015bci, taktu, etc, usiad\u0142em na chwil\u0119 obok Alexa i obaj skomentowali\u015bmy postaw\u0119 Marca, jako \u201e\u017cenuj\u0105c\u0105\u201d, on za\u015b, \u201emacedo\u0144czyk\u201d do\u0142o\u017cy\u0142 kilka ubli\u017caj\u0105cych \u201erzymianinowi\u201d epitet\u00f3w. Po tym zebraniu stali si\u0119&#8230;bliskimi wsp\u00f3\u0142dyrektorami Unii Kredytowej. Alex zosta\u0142 wybrany prezesem i krok, po kroku nabywa\u0142 od \u201erzymianina\u201d najgorszych cech. To, co zaprezentowa\u0142 na kolejnym walnym zebraniu, przesz\u0142o moje wszelkie i te\u017c najgorsze oczekiwania. Ju\u017c w kampanii przedzebraniowej szpikowa\u0142 opini\u0119 publiczn\u0105 k\u0142amstwami i blagami o wspania\u0142o\u015bci Unii, wydaj\u0105c kolosalne kwoty naszych, cz\u0142onkowskich pieni\u0119dzy na swoj\u0105 reklam\u0119 \u201ewspania\u0142ego prezesa\u201d. <\/span><\/span><span goog_ds_charIndex=\"4747\" class=\"postbody\"><span goog_ds_charIndex=\"4748\" style=\"font-family: Arial\" lang=\"PL\">Po nim rz\u0105dy obj\u0105\u0142 prezes o imieniu odkrywcy Ameryki, wi\u0119c niech mu b\u0119dzie \u201ekolumb\u201d i jest nim do dzi\u015b, znaczy prezesem. Zna\u0142em go, jako kulturalnego, o spowolnionym do znudzenia sposobie m\u00f3wienia. Kompletnie bez jaj, takie bla, bla, bla, mo\u017cna si\u0119 by\u0142o zes&#8230;snu zbudzi\u0107. Przeprowadzi\u0142 jedno zebranie sprawozdawczo-wyborcze, za to zrobione na wyje\u017adzie, w nadziei, \u017ce do odleg\u0142ego Clark nikt z Greenpointu si\u0119 nie wybierze, ale, jak to m\u00f3wi\u0105 <em goog_ds_charIndex=\"5192\">waln\u0105l si\u0119 o ca\u0142\u0105 st\u00f3w\u0119<\/em>,- przyjechali skuba\u0144ce, mimo, \u017ce niedziela, mimo, \u017ce daleko. \u201eKolumb\u201d pokaza\u0142 \u201eklas\u0119\u201d zbli\u017con\u0105 do swoich \u201erzymsko-macedo\u0144skich\u201d poprzednik\u00f3w; odbiera\u0142 g\u0142os, do ksi\u0119dza m\u00f3wi\u0142 \u201epan\u201d, nie odpowiada\u0142 na pytania itp. Pokaza\u0142 by\u0142 natomiast, zrobiony za pieni\u0105dze Cz\u0142onk\u00f3w film, w kt\u00f3rym wykreowa\u0142 si\u0119 prawie na tw\u00f3rc\u0119 miliardowego maj\u0105tku Unii. \u201eKolumb\u201d na pocz\u0105tku filmu i \u201ekolumb\u201d na ko\u0144cu. <em goog_ds_charIndex=\"5605\">Zapami\u0119tajcie, to ja tego dokona\u0142em!!!<\/em> &#8211; tak mo\u017cna by wywnioskowa\u0107 z tych, ponad p\u00f3\u0142godziny wal\u0105cych z ekranu filmowych kadr\u00f3w, wplecionych w zebranie kosztem wolnych g\u0142os\u00f3w Cz\u0142onk\u00f3w, kt\u00f3rym potem odbierano mikrofon, lub nie dopuszczono do\u0144 wcale, bo&#8230;sko\u0144czy\u0142 si\u0119 czas dyskusji. Mizeria. <\/span><\/span><span goog_ds_charIndex=\"5899\" class=\"postbody\"><span goog_ds_charIndex=\"5900\" style=\"font-family: Arial\" lang=\"PL\">\u201eRzymianina\u201d nie ma ju\u017c w radzie, &#8211; \u201emacedo\u0144czyk\u201d ma jeszcze jedn\u0105 kadencj\u0119, a \u201ekolumb\u201d zosta\u0142 na nowo wybrany, bo ko\u0144czy\u0142a mu si\u0119 kadencja. Ma jednak w radzie \u201esw\u00f3j ob\u00f3z\u201d w postaci bezrobotnej, by\u0142ej pracowniczki Unii, zwolnionej z tej instytucji, kt\u00f3rej na otarcie \u0142ez \u201erzymsko-macedo\u0144ska\u201d sp\u00f3\u0142ka \u201ezas\u0105dzi\u0142a\u201d 60 tysi\u0119cy dolar\u00f3w, &#8211; nikt nie wie za co i nikt, opr\u00f3cz \u201esp\u00f3lki\u201d nie wie, jakim prawem; dalej pani t\u0142umacz\u0105cej z angielskich ksi\u0105\u017cek informacje, jak doj\u015b\u0107 do bogactwa w Ameryce, kt\u00f3ra da\u0142a si\u0119 pozna\u0107 tym, \u017ce zawetowa\u0142a wniosek o to, by dzie\u0144 pogrzebu Polskiego Papie\u017ca by\u0142 dniem wolnym, opr\u00f3cz tego wysy\u0142a\u0142a na ca\u0142y \u015bwiat e-maile oczerniaj\u0105ce \u201eniezale\u017cnych\u201d kandydat\u00f3w, ods\u0105dzaj\u0105c ich od czci i wiary. W wolnych chwilach t\u0142umaczy z angielskiego, jak odnie\u015b\u0107 w Ameryce \u201esukces\u201d &#8211; konia z rz\u0119dem temu, kto po tych doradach zosta\u0142 milionerem&#8230;<\/span><\/span><span goog_ds_charIndex=\"6755\" class=\"postbody\"><span goog_ds_charIndex=\"6756\" style=\"font-family: Arial\" lang=\"PL\">Do tego obozu dochodz\u0105 jeszcze jakie\u015b inne trzy osoby, kt\u00f3rych nie znam, bo cho\u0107 w przedwyborczych \u017cyciorysach pisa\u0142y o swoich zas\u0142ugach dla Polonii, to ja w \u017cyciu nie s\u0142ysza\u0142em, ani o nich, ani o tym, co dla Polonii zrobili. Uwierz mi, Drogi Czytelniku, &#8211; jestem w samym sercu polonijnej dzia\u0142alno\u015bci i bez namys\u0142u mog\u0119 powiedzie\u0107, kto jest od szabli, kto od ta\u0144ca, kto sprowadza teatry, kto filmy, kto kabarety, kto uczy muzyki, kto prowadzi ch\u00f3ry, kto jest od parady&#8230;Pu\u0142askiego i kto w ko\u0144cu jest od tej zwyk\u0142ej parady. <\/span><\/span><span goog_ds_charIndex=\"7284\" class=\"postbody\"><span goog_ds_charIndex=\"7285\" style=\"font-family: Arial\" lang=\"PL\">Ob\u00f3z \u201ekolumba\u201d ma wi\u0119kszo\u015b\u0107, zatem wej\u015bcie do sk\u0142adu dwojga ludzi z Centrum Polsko-S\u0142owia\u0144skiego niczego nie zmieni\u0142o. Tydzie\u0144 po zebraniu dumny przezes, jakby conajmniej w\u0142a\u015bnie przed chwil\u0105 odkry\u0142 india\u0144ski l\u0105d i \u201esuk-cesowna\u201d dama sfotografowali si\u0119 z czekiem na STO TYSI\u0118CY DOLAR\u00d3W, &#8211; naszych pieni\u0119dzy, kt\u00f3ry zprezentowali Uniwersytetowi Columbia, aby bajko-horro-pisarz antypolskich ksi\u0105\u017cek m\u00f3g\u0142 rozwija\u0107 sw\u00f3j wielce w\u0105tpliwy talent pisarski; facet, dwojga imion: Jasiu-Tomu\u015b, a nie \u017caden tam Icek, kt\u00f3ry, gdyby by\u0142a taka klasyfikacja, to w Sztokhlomie m\u00f3g\u0142by dosta\u0107 Nobla za <em goog_ds_charIndex=\"7868\">oczernianie narodu polskiego<\/em>. I tak\u0105 mamy \u201ewi\u0119kszo\u015b\u0107\u201d w Radzie Dyrektor\u00f3w Polsko-S\u0142owia\u0144skiej Feralnej Unii Kryzysowej, przepraszam, Federalnej Unii Kredytowej. Ale kryzys nast\u0105pi, gdy derektorstwo doczyta do ko\u0144ca umow\u0119 pomi\u0119dzy Katedr\u0105 J\u0119zyka Polskiego, a&#8230;tymi, co daj\u0105 pieni\u0105dze. Ot\u00f3\u017c, je\u015bli w ci\u0105gu konkretnego czasu, chyba do 2010 roku, Katedra nie uzbiera tzw. \u201e\u017celaznego funduszu\u201d, oko\u0142o trzech milion\u00f3w dolc\u00f3w, to katedry nie b\u0119dzie, a dolaro-dawcy nie otrzymaj\u0105 najmniejszego nawet zwrotu swojego \u201edarczy\u0144stwa\u201d. <\/span><\/span><span goog_ds_charIndex=\"8395\" class=\"postbody\"><span goog_ds_charIndex=\"8396\" style=\"font-family: Arial\" lang=\"PL\">Pogratulowa\u0107 gospodarno\u015bci.<\/span><\/span><\/p>\n<p goog_ds_charIndex=\"8427\"><span goog_ds_charIndex=\"8428\" class=\"postbody\"><span goog_ds_charIndex=\"8429\" style=\"font-family: Arial\" lang=\"PL\">Koniec odcinka pierwszego. W drugim, ale nie wiem kiedy, b\u0119dzie o Centrum Polsko-S\u0142owia\u0144skim i metamorfozach z tym\u017ce zwi\u0105zanych. Kr\u00f3tko m\u00f3wi\u0105c: <\/span><\/span><span goog_ds_charIndex=\"8576\" class=\"postbody\"><span goog_ds_charIndex=\"8577\" style=\"font-family: Arial\" lang=\"PL\">C. d. n.<\/span><\/span><\/p>\n","protected":false},"excerpt":{"rendered":"<p>PSFUK, czyli Polsko-S\u0142owia\u0144ska Federalna Unia Kredytow. Sk\u0105d bierze si\u0119 u mnie nawyk do spo\u0142ecznej aktywno\u015bci? &#8211; trudno mi powiedzie\u0107. Od licealnych lat miesza\u0142em si\u0119 w sprawy dziej\u0105ce si\u0119 dooko\u0142a i tak mi to jako\u015b zosta\u0142o. W przeciwie\u0144stwie do moich, bywa, \u017ce czasem bardzo bliskich przyjaci\u00f3\u0142, (kt\u00f3rzy mogliby, ale chyba im si\u0119 nie chce, mie\u0107 znacz\u0105cy [&hellip;]<\/p>\n","protected":false},"author":2,"featured_media":0,"comment_status":"open","ping_status":"open","sticky":false,"template":"","format":"standard","meta":[],"categories":[3],"tags":[],"_links":{"self":[{"href":"https:\/\/sporek.com\/blog\/index.php?rest_route=\/wp\/v2\/posts\/19"}],"collection":[{"href":"https:\/\/sporek.com\/blog\/index.php?rest_route=\/wp\/v2\/posts"}],"about":[{"href":"https:\/\/sporek.com\/blog\/index.php?rest_route=\/wp\/v2\/types\/post"}],"author":[{"embeddable":true,"href":"https:\/\/sporek.com\/blog\/index.php?rest_route=\/wp\/v2\/users\/2"}],"replies":[{"embeddable":true,"href":"https:\/\/sporek.com\/blog\/index.php?rest_route=%2Fwp%2Fv2%2Fcomments&post=19"}],"version-history":[{"count":0,"href":"https:\/\/sporek.com\/blog\/index.php?rest_route=\/wp\/v2\/posts\/19\/revisions"}],"wp:attachment":[{"href":"https:\/\/sporek.com\/blog\/index.php?rest_route=%2Fwp%2Fv2%2Fmedia&parent=19"}],"wp:term":[{"taxonomy":"category","embeddable":true,"href":"https:\/\/sporek.com\/blog\/index.php?rest_route=%2Fwp%2Fv2%2Fcategories&post=19"},{"taxonomy":"post_tag","embeddable":true,"href":"https:\/\/sporek.com\/blog\/index.php?rest_route=%2Fwp%2Fv2%2Ftags&post=19"}],"curies":[{"name":"wp","href":"https:\/\/api.w.org\/{rel}","templated":true}]}}