{"id":190,"date":"2009-07-28T10:35:29","date_gmt":"2009-07-28T14:35:29","guid":{"rendered":"http:\/\/sporek.com\/blog\/?p=190"},"modified":"2009-07-28T11:11:47","modified_gmt":"2009-07-28T15:11:47","slug":"polonijne-piekielko","status":"publish","type":"post","link":"https:\/\/sporek.com\/blog\/?p=190","title":{"rendered":"Polonijne piekie\u0142ko&#8230;?"},"content":{"rendered":"<p><font size=\"2\">Zaczyna si\u0119 to, czego w pewien spos\u00f3b oczekiwa\u0142em. Chamskie anonimy z pogr\u00f3\u017ckami, prymitywne telefony z &#8222;zastrze\u017conych&#8221; numer\u00f3w. A wszystko dlatego, \u017ce og\u0142osi\u0142em, i\u017c mam zamiar startowa<\/font><font style=\"font-family: Verdana\" size=\"2\">\u0107 w wyborach do Rady Dyrektor\u00f3w. Kto\u015b w dodatku, w nerwicowych odruchach nie kryje, \u017ce w\u0142a\u015bnie o to chodzi, bo jak interpretowa<\/font><font style=\"font-family: Verdana\" size=\"2\">\u0107 anonim o tre\u015bci: &#8222;I tak, k&#8230;. nie wejdziesz do rady&#8221;.<\/font><!--more--><br \/>\n<font style=\"font-family: Verdana\" size=\"2\">\u015amieszne? Pewnie, \u017ce tak, ale jednak bardziej tragiczne, \u017ca\u0142osne, pod\u0142e, tch\u00f3rzliwe. Komu tak bardzo zale\u017cy, \u017ceby kto\u015b, kto zadaje trudne pytania nie znalaz\u0142 si\u0119 w tej radzie? \u017beby nie znalaz\u0142 si\u0119 tam kto\u015b, kto chce klarowno\u015bci wydawania cz\u0142onkowskich pieni\u0119dzy, przejrzysto\u015bci w decyzjach, czy wreszcie jawno\u015bci poczyna\u0144 tej rady&#8230;? Zacz\u0119\u0142a si\u0119 brudna gra. Oto otrzymuj\u0119 poczt\u0105 pe\u0142n\u0105 dokumentacj\u0119 s\u0105dow\u0105 na temat ogloszenia bankructwa z osobnym listem o tre\u015bci: &#8222;PIERDOL\u0118 CI\u0118, kurwa macz&#8221;. (fonetyka, jak w cytacie). Adres zwrotny: Friends of PSC (Polish Slavic Center) Brooklyn, NY 11222. Podpisu oczywi\u015bcie brak. <\/font><\/p>\n<p><font style=\"font-family: Verdana\" size=\"2\">Og\u0142oszenie upad\u0142o\u015bci nie jest przest\u0119pstwem. Jest dokonane w \u015bwietle prawa i na mocy decyzji s\u0105du. Nie jest niczym przyjemnym, to pewne. Oficjalnie przyzna\u0142em si\u0119 do tego i przysi\u0119gam, nie by\u0142a to \u0142atwa decyzja. Wiem, \u017ce nie musia\u0142bym og\u0142asza<\/font><font style=\"font-family: Verdana\" size=\"2\">\u0107 upad\u0142o\u015bci, gdybym nie wydawa\u0142 moich pieni\u0119dzy na koncerty inwestuj\u0105c w najbardziej presti\u017cowe sale, aby\u015bmy tam w\u0142a\u015bnie mogli s\u0142ysze<\/font><font style=\"font-family: Verdana\" size=\"2\">\u0107 polskich artyst\u00f3w. I b\u0119d\u0119 to robi\u0142 nadal, bo widz\u0119 rado\u015b<\/font><font style=\"font-family: Verdana\" size=\"2\">\u0107 tych, kt\u00f3rzy na te koncerty przychodz\u0105. Widz\u0119 satysfakcj\u0119 artyst\u00f3w, widz\u0119 rozdziawione usta ameryka\u0144skiej cz\u0119\u015bci publiczno\u015bci, kt\u00f3ra nagle odkrywa, \u017ce &#8222;polskie jest dobre&#8221;. Kto\u015b jednak, zachowuj\u0105c si\u0119, jak ostatni skunks<\/font><font size=\"2\">, nie potrafi\u0105cy si\u0119 podpisa<\/font><font style=\"font-family: Verdana\" size=\"2\">\u0107, chce u\u015bwiadomi<\/font><font style=\"font-family: Verdana\" size=\"2\">\u0107 mi, \u017ce nie ma dla mnie miejsca we w\u0142adzach Unii Kredytowej. A jeszcze kilka lat temu, kiedy NCUA zainstalowa\u0142o zarz\u0105d komisaryczny, mianowa\u0142o na bardzo wysok\u0105 funkcj\u0119 ameryka\u0144skiego urz\u0119dnika, kt\u00f3ry kr\u00f3tko przedtem og\u0142osi\u0142 bankructwo. Nikomu to wtedy nie przeszkadza\u0142o. Oczywi\u015bcie, \u017ce nie, bo to by\u0142 facet nadany przez &#8222;g\u00f3r\u0119&#8221;, wi\u0119c uszy po sobie i siedzimy cicho; <em><strong>konserwa nie b\u0119dzie trwa\u0142a wiecznie, a potem podzielimy si\u0119 sto\u0142kami.<\/strong><\/em> <\/font><\/p>\n<p><font style=\"font-family: Verdana\" size=\"2\">Oto, zacna komisja nominacyjna, pod wodz\u0105 szefa Fundacji Ko\u015bciuszkowskiej, (?) dziennikarza, (faceta, kt\u00f3ry pisa\u0142 o prawo\u015bci charakteru i patrioty\u017amie, oddaniu prawdzie i uczciwo\u015bci Tadeusza Ko\u015bciuszki), komisja, w kt\u00f3rej niie by\u0142o ani jednego ekonomisty z prawdziwego zdarzenia odrzuca nabardziej fachowego w dziedzinie bankowo\u015bci, jeszcze obecnie cz\u0142onka rady dyrektor\u00f3w, Tomasza Bortnika, a zatwierdza, pp. Sza\u0142yg\u0119, lekarza, Kajewsk\u0105-Pielarz (ju\u017c nie wiem, czym jest, bo w du\u017cym wywiadzie, jaki jest na Internecie po tragedii 9\/11 m\u00f3wi, \u017ce by\u0142a sprz\u0105taczk\u0105 w\u0142a\u015bnie w World Trade Center; ja zna\u0142em j\u0105, jako nauczycielk\u0119; w \u017cyciorysie, jako kandydatka do rady sprzed kilkau lat podaje, \u017ce zna sze\u015b<\/font><font style=\"font-family: Verdana\" size=\"2\">\u0107, czy osiem j\u0119zyk\u00f3w<\/font><font size=\"2\">, wi\u0119c na m\u00f3j gust powinna pracowa<\/font><font style=\"font-family: Verdana\" size=\"2\">\u0107 za dobre pieni\u0105dze, gdzie\u015b w komnatach Bia\u0142ego Domu&#8230;, a nie &#8222;spo\u0142ecznie&#8221; w radzie dyrektor\u00f3w, unii kredytowej)<\/font><font size=\"2\">. I pami\u0119tam te\u017c, \u017ce mia\u0142a zupe\u0142nie inne pogl\u0105dy, kiedy startowali\u015bmy razem do wybor\u00f3w, ale jak m\u00f3wi stare przys\u0142owie, &#8222;tylko krowa nie zmienia pogl\u0105d\u00f3w&#8221;; W\u0105do\u0142owsk\u0105, kiedy\u015b sekretark\u0119 Pani Danuty Siemi\u0144skiej, dzi\u015b &#8222;ekspertk\u0119&#8221; od finans\u00f3w, &#8211; nie wiem, czy pracuje gdzie\u015b jeszcze opr\u00f3cz bycia w radzie, no i rodzynek z elity prawniczej, Marek Zawisny, czy\u017cby zamieni\u0142 Temid\u0119 na &#8222;accounting&#8221;&#8230;? \u017baden z tych &#8222;zatwierdzonych&#8221; kandydat\u00f3w do rz\u0105dzenia naszymi pieni\u0119dzmi nie dorasta do pi\u0119t Tomaszowi Bortnikowi. Ale historia zna takie przypadki. Pami\u0119tamy Dariusza Czocha? M\u0142ody, znakomity bankowiec, niezwykle ceniony przez ameryka\u0144ski bank, w kt\u00f3rym pracuje. A kto go wyko\u0144czy\u0142? A no inni &#8222;wybitni&#8221; specjali\u015bci od finans\u00f3w, sprzeda\u017cy dom\u00f3w, porad emerytalno-rentowych itp. Tak wi\u0119c Tomasz Bortnik b\u0119dzie musia\u0142 sta<\/font><font style=\"font-family: Verdana\" size=\"2\">\u0107 przed oddzia\u0142ami naszej Unii i zbiera<\/font><font style=\"font-family: Verdana\" size=\"2\">\u0107 podpisy. B\u0119dziemy sta<\/font><font style=\"font-family: Verdana\" size=\"2\">\u0107 we dw\u00f3jk\u0119, zawsze to ra\u017aniej. A potem pewnie si\u0119 oka\u017ce, \u017ce &#8222;wi\u0119ksza po\u0142owa&#8221; zebranych podpis\u00f3w jest fa\u0142szywa, niedobra, i nadaje si\u0119 do kosza,no i w efekcie nie zostaniemy zatwierdzeni. W tej radzie nie mog\u0105 zasiada<\/font><font style=\"font-family: Verdana\" size=\"2\">\u0107 ludzie, kt\u00f3rzy maj\u0105 poj\u0119cie o finansach i bankowo\u015bci. Tam mog\u0105 by<\/font><font style=\"font-family: Verdana\" size=\"2\">\u0107 tylko bezrobotni, mog\u0105 by<\/font><font style=\"font-family: Verdana\" size=\"2\">\u0107 spece od ubezpiecze\u0144, dziennikarze, mog\u0105 by<\/font><font style=\"font-family: Verdana\" size=\"2\">\u0107 lekarze, mog\u0105 wreszcie by<\/font><font style=\"font-family: Verdana\" size=\"2\">\u0107 prawnicy, ale bro\u0144 Bo\u017ce bankowcy, albo ci, zadaj\u0105cy trudne pytania, jak chocia\u017cby wy\u017cej podpisany.<\/font><font size=\"2\"> Fajnie jest. A tymczasem conajmniej trzech z obecnych cz\u0142onk\u00f3w, prawdopodobnie z osobami towarzysz\u0105cymi baluje w Barcelonie na zlocie unii kredytowych. Tak, tak, to nie jest \u017caden kurs, u\u015bwiadamiaj\u0105cy, jak rozporz\u0105da<\/font><font style=\"font-family: Verdana\" size=\"2\">\u0107 naszymi pieni\u0119dzmi, to jest po prostu feta na cze\u015b<\/font><font style=\"font-family: Verdana\" size=\"2\">\u0107 unii kredytowych, celebruj\u0105ca fakt, \u017ce kto\u015b jest cz\u0142onkiem rady dyrektor\u00f3w. <\/font><font size=\"2\">I maj\u0105ca kompletnie gdzie\u015b, \u017ce pieni\u0105dze na t\u0119 fet\u0119 id\u0105 z procent\u00f3w tych, kt\u00f3rzy ciu\u0142aj\u0105 w w tych\u017ce uniach. I fajnie, a co tam. Podobno z NCUA nie pojecha\u0142 nikt, bo kryzys jest tak du\u017cy, \u017ce trudno sobie pozwoli<\/font><font style=\"font-family: Verdana\" size=\"2\">\u0107 na balangowanie. Ale &#8222;Nasza Unia Yes OK&#8221; i ca\u0142e szcz\u0119\u015bcie. W bezrobotnej codzienno\u015bci niekt\u00f3rych cz\u0142onk\u00f3w rady jest na pewno nie\u017ale nudno, wi\u0119c taki wyskok do Barcelony to jakie\u015b urozmaicenie szaro\u015bci \u017cycia.&#8221;<\/font><\/p>\n<p><font style=\"font-family: Verdana\" size=\"2\">&#8222;I &#8211;<em>powt\u00f3rz\u0119 za Ga\u00f3ralami<\/em>-chwa\u0142a Bogu, ze Bogu dziynki, bo jakby tak nie dej B\u00f3g, to niech nos rynka Bosko broni&#8221;.<\/font><\/p>\n<p><font style=\"font-family: Verdana\" size=\"2\"> Tymczasem u boku miliardowej, polonijnej instytucji finansowej padaj\u0105 organizacje, szko\u0142y, radio, nie ma zgody na sponsorowanie koncertu w Carnegie Hall, na kt\u00f3ry wybieraj\u0105 si\u0119 setki tych, kt\u00f3rzy sk\u0142adaj\u0105 swoje oszcz\u0119dno\u015bci w naszej Unii &#8211; jest wr\u0119cz bojkot tego koncertu, bo przecie\u017c organizuje go Sporek w 20-lecie orania na kulturalnym, polonijnym ugorze. 12 tysi\u0119cy dolar\u00f3w rocznie na jednego dyrektora, aby m\u00f3g\u0142 wyskoczy<\/font><font style=\"font-family: Verdana\" size=\"2\">\u0107 do ciep\u0142ych kraj\u00f3w na szkolenie. No i c\u00f3\u017c si\u0119 dziwi<\/font><font style=\"font-family: Verdana\" size=\"2\">\u0107, \u017ce dobrze by<\/font><font style=\"font-family: Verdana\" size=\"2\">\u0107 dyrektorem&#8230; <\/font><\/p>\n","protected":false},"excerpt":{"rendered":"<p>Zaczyna si\u0119 to, czego w pewien spos\u00f3b oczekiwa\u0142em. Chamskie anonimy z pogr\u00f3\u017ckami, prymitywne telefony z &#8222;zastrze\u017conych&#8221; numer\u00f3w. A wszystko dlatego, \u017ce og\u0142osi\u0142em, i\u017c mam zamiar startowa\u0107 w wyborach do Rady Dyrektor\u00f3w. Kto\u015b w dodatku, w nerwicowych odruchach nie kryje, \u017ce w\u0142a\u015bnie o to chodzi, bo jak interpretowa\u0107 anonim o tre\u015bci: &#8222;I tak, k&#8230;. nie wejdziesz [&hellip;]<\/p>\n","protected":false},"author":2,"featured_media":0,"comment_status":"open","ping_status":"open","sticky":false,"template":"","format":"standard","meta":[],"categories":[3],"tags":[],"_links":{"self":[{"href":"https:\/\/sporek.com\/blog\/index.php?rest_route=\/wp\/v2\/posts\/190"}],"collection":[{"href":"https:\/\/sporek.com\/blog\/index.php?rest_route=\/wp\/v2\/posts"}],"about":[{"href":"https:\/\/sporek.com\/blog\/index.php?rest_route=\/wp\/v2\/types\/post"}],"author":[{"embeddable":true,"href":"https:\/\/sporek.com\/blog\/index.php?rest_route=\/wp\/v2\/users\/2"}],"replies":[{"embeddable":true,"href":"https:\/\/sporek.com\/blog\/index.php?rest_route=%2Fwp%2Fv2%2Fcomments&post=190"}],"version-history":[{"count":0,"href":"https:\/\/sporek.com\/blog\/index.php?rest_route=\/wp\/v2\/posts\/190\/revisions"}],"wp:attachment":[{"href":"https:\/\/sporek.com\/blog\/index.php?rest_route=%2Fwp%2Fv2%2Fmedia&parent=190"}],"wp:term":[{"taxonomy":"category","embeddable":true,"href":"https:\/\/sporek.com\/blog\/index.php?rest_route=%2Fwp%2Fv2%2Fcategories&post=190"},{"taxonomy":"post_tag","embeddable":true,"href":"https:\/\/sporek.com\/blog\/index.php?rest_route=%2Fwp%2Fv2%2Ftags&post=190"}],"curies":[{"name":"wp","href":"https:\/\/api.w.org\/{rel}","templated":true}]}}