{"id":191,"date":"2009-08-03T23:26:59","date_gmt":"2009-08-04T03:26:59","guid":{"rendered":"http:\/\/sporek.com\/blog\/?p=191"},"modified":"2009-08-07T22:31:40","modified_gmt":"2009-08-08T02:31:40","slug":"mam-powoli-dosyc","status":"publish","type":"post","link":"https:\/\/sporek.com\/blog\/?p=191","title":{"rendered":"Mam powoli dosy\u0107!"},"content":{"rendered":"<p><font size=\"2\">I za chwil\u0119 powiem WARA Z MOJEGO BLOGU. Pisa\u0142em sobie spokojnie moje teksty g\u0142\u00f3wnie dla zaspokojenia pasji pisania i nagle mam si\u0119 na moim blogu dowiadywa<\/font><font size=\"2\" style=\"font-family: Verdana\">\u0107, \u017ce nie mo\u017cemy dyskutowa<\/font><font size=\"2\" style=\"font-family: Verdana\">\u0107 o problemie, tylko o prywatnym \u017cyciu ludzi? Mam dosy<\/font><font size=\"2\" style=\"font-family: Verdana\">\u0107 patrzenia na te wszystkie anonimy, te insynuacje, ten brak konkret\u00f3w i wy\u0142\u0105cznie popisy tekstowe bez \u017cadnego sensu. Najg\u0142upsz\u0105 odzywk\u0105 tego roku, jak dotychczas by\u0142o stwierdzenie Pani Konarskiej, \u017ce <strong>&#8222;dobrze mie<\/strong><\/font><font size=\"2\" style=\"font-family: Verdana\"><strong>\u0107 lekarza w radzie, bo Pan Bortnik powiedzial w radiu, \u017ce czasem co\u015b si\u0119 \u017ale czuje&#8221;<\/strong>. (niedos\u0142owny cytat, ale my\u015bl dos\u0142owna).<\/font><!--more--><br \/>\n<font size=\"2\" style=\"font-family: Verdana\">Ludzie, jest wtorek &#8211; we\u017acie sobie t\u0119 poni\u017csz\u0105 historyjk\u0119 do serca, a w pi\u0105tek zabawi\u0119 si\u0119 w my\u015bliwego:<br \/>\n<\/font><font size=\"2\">Partyzancka historyjka:<br \/>\nw poniedzia\u0142ek my wykurzyli\u015bmy Niemc\u00f3w z lasu&#8230;<br \/>\nwe wtorek Niemcy wykurzyli nas&#8230;<br \/>\nwe \u015brod\u0119 my wykurzyli\u015bmy Niemc\u00f3w&#8230;<br \/>\nw czwartek Niemcy wykurzyli nas<br \/>\nA W PI\u0104TEK PRZYJECHA\u0141 LE\u015aNICZY I WYP&#8230;&#8230;..\u0141 NAS WSZYSTKICH Z LASU NA ZBITY PYSK.<br \/>\nZaczynam mie<\/font><font size=\"2\" style=\"font-family: Verdana\">\u0107 powoli dosy<\/font><font size=\"2\" style=\"font-family: Verdana\">\u0107 i chyba znowu zamkn\u0119. Pozak\u0142adajcie sobie swoje blogi i dajcie mi \u015bwi\u0119ty spok\u00f3j.<br \/>\nMieli\u015bmy problem Unia &#8211; Centrum<br \/>\nTeraz jest tyle problem\u00f3w ile dyskutant\u00f3w. <\/font><font size=\"2\"><br \/>\nTo wszystko zaczyna nie mie<\/font><font size=\"2\" style=\"font-family: Verdana\">\u0107 sensu.<br \/>\nZar\u00f3wno jednej, jak i drugiej strony mo\u017cna w ko\u0144cu zapyta<\/font><font size=\"2\" style=\"font-family: Verdana\">\u0107:<br \/>\nDo licha ci\u0119\u017ckiego, pracujecie spo\u0142ecznie, to s\u0105 podobno kompletnie bezp\u0142atne, bez-korzystne &#8222;posady&#8221;, wi\u0119c na mi\u0142o\u015b<\/font><font size=\"2\" style=\"font-family: Verdana\">\u0107 bosk\u0105 o co tak walczycie? I to jakimi metodami (moje dokumenty s\u0105dowe, usuni\u0119cie K.Myssury), jakimi s\u0142owami (wulgaryzm i pogr\u00f3\u017cki przez telefon)?<br \/>\nW moim \u017cyciu i w Polsce i tutaj przepracowa\u0142em mn\u00f3stwo czasu spo\u0142ecznie, ale, jak Boga kocham nie przysz\u0142oby mi do g\u0142owy niszczy<\/font><font size=\"2\" style=\"font-family: Verdana\">\u0107 kogokolwiek, kto chcia\u0142by zaj\u0105<\/font><font size=\"2\" style=\"font-family: Verdana\">\u0107 moje miejsce. Zreszt\u0105 zajmowali i nigdy z tego powodu nie rozpacza\u0142em, ani si\u0119 nie w\u015bcieka\u0142em.<br \/>\nA mo\u017ce to wcale nie jest takie spo\u0142eczne&#8230;?<br \/>\nZdaje si\u0119, \u017ce wpad\u0142em na &#8222;Salomonowy pomys\u0142&#8221;:<br \/>\nDwie rady dyrektor\u00f3w, dw\u00f3ch najwi\u0119kszych instytucji polonijnych na Wschodnim Wybrze\u017cu oskar\u017caj\u0105 si\u0119 wzajemnie o arogancje, wtr\u0105canie si\u0119, przrekr\u0119ty tyranizm, dyktatur\u0119 itp. W takim razie:<br \/>\nZamie\u0144my te rady. Niech Rada z Banku idzie do Centrum, niech Rada z Centrum idzie do Banku.<br \/>\nAlbo jeszcze lepiej: czy kto\u015b z obu rad dyrektor\u00f3w zadeklarowa\u0142by swoj\u0105 prac\u0119 spo\u0142eczn\u0105 na przyklad w AA przy Ko\u015bciele \u015aw. Stanis\u0142awa Kostki, albo w organizacji pomocy bezdomnym? Uderzcie si\u0119 w piersi: walczyliby\u015bcie, jak lwy, aby utrzyma<\/font><font size=\"2\" style=\"font-family: Verdana\">\u0107 si\u0119 na tych funkcjach?<br \/>\nM\u00f3j las, moje drzewa. Albo sie opami\u0119tacie i b\u0119dzie na temat, albo&#8230;przyjdzie le\u015bniczy.<\/font><\/p>\n<p><font size=\"2\" style=\"font-family: Verdana\">Do pi\u0105tku&#8230;<\/font><\/p>\n","protected":false},"excerpt":{"rendered":"<p>I za chwil\u0119 powiem WARA Z MOJEGO BLOGU. Pisa\u0142em sobie spokojnie moje teksty g\u0142\u00f3wnie dla zaspokojenia pasji pisania i nagle mam si\u0119 na moim blogu dowiadywa\u0107, \u017ce nie mo\u017cemy dyskutowa\u0107 o problemie, tylko o prywatnym \u017cyciu ludzi? Mam dosy\u0107 patrzenia na te wszystkie anonimy, te insynuacje, ten brak konkret\u00f3w i wy\u0142\u0105cznie popisy tekstowe bez \u017cadnego [&hellip;]<\/p>\n","protected":false},"author":2,"featured_media":0,"comment_status":"open","ping_status":"open","sticky":false,"template":"","format":"standard","meta":[],"categories":[3],"tags":[],"_links":{"self":[{"href":"https:\/\/sporek.com\/blog\/index.php?rest_route=\/wp\/v2\/posts\/191"}],"collection":[{"href":"https:\/\/sporek.com\/blog\/index.php?rest_route=\/wp\/v2\/posts"}],"about":[{"href":"https:\/\/sporek.com\/blog\/index.php?rest_route=\/wp\/v2\/types\/post"}],"author":[{"embeddable":true,"href":"https:\/\/sporek.com\/blog\/index.php?rest_route=\/wp\/v2\/users\/2"}],"replies":[{"embeddable":true,"href":"https:\/\/sporek.com\/blog\/index.php?rest_route=%2Fwp%2Fv2%2Fcomments&post=191"}],"version-history":[{"count":0,"href":"https:\/\/sporek.com\/blog\/index.php?rest_route=\/wp\/v2\/posts\/191\/revisions"}],"wp:attachment":[{"href":"https:\/\/sporek.com\/blog\/index.php?rest_route=%2Fwp%2Fv2%2Fmedia&parent=191"}],"wp:term":[{"taxonomy":"category","embeddable":true,"href":"https:\/\/sporek.com\/blog\/index.php?rest_route=%2Fwp%2Fv2%2Fcategories&post=191"},{"taxonomy":"post_tag","embeddable":true,"href":"https:\/\/sporek.com\/blog\/index.php?rest_route=%2Fwp%2Fv2%2Ftags&post=191"}],"curies":[{"name":"wp","href":"https:\/\/api.w.org\/{rel}","templated":true}]}}