{"id":192,"date":"2009-08-12T10:10:10","date_gmt":"2009-08-12T14:10:10","guid":{"rendered":"http:\/\/sporek.com\/blog\/?p=192"},"modified":"2009-08-12T11:05:33","modified_gmt":"2009-08-12T15:05:33","slug":"ludzie-i","status":"publish","type":"post","link":"https:\/\/sporek.com\/blog\/?p=192","title":{"rendered":"Ludzie i &#8230;"},"content":{"rendered":"<p>No, w\u0142a\u015bnie, &#8211; jak ich nazwa\u0107?<br \/>\nW domu, w zacisznym pokoiku portret&#8230;Hitlera &#8211; a g\u0119ba pe\u0142na&#8230;polskiego &#8222;patriotyzmu&#8221;. <!--more-->Pytam jednego rodaka, czy to prawda &#8211; TAK, sam widzia\u0142em. Pytam drugiego -TAK, przysi\u0119gam, widzia\u0142em na w\u0142asne oczy. Argument za Hitlerem w ramce? &#8222;Bo on jeden wiedzia\u0142, co zrobi\u0107 z pewn\u0105 nacj\u0105&#8221;. &#8222;Patriota&#8221; zapomnia\u0142, \u017ce fuhrer przede wszystkim napad\u0142 na Polsk\u0119, wymordowa\u0142 miliony Polak\u00f3w, a nasz kraj zniszczy\u0142 w nieprawpdopodobny spos\u00f3b, stolic\u0119 za\u015b rujnuj\u0105c prawie doszcz\u0119tnie. I wszyscy wiemy, co z polsk\u0105 nacj\u0105 chcia\u0142 zrobi\u0107 \u00f3w facet z w\u0105sikiem, i grzywk\u0105 na lewo.<br \/>\nS\u0105 ludzie, kt\u00f3rzy na swoich forach internetowych wypisuj\u0105, \u017ce byli na ci\u0119\u017ckim Internowaniu. Sprawdzam list\u0119 Internowanych&#8230;NIE MA ICH.<br \/>\nS\u0105 i tacy, kt\u00f3rzy innych ods\u0105dzaj\u0105 od czci i wiary, \u017ce to niby pracowali artystycznie pod sztandarami PZPR, a tu przyjechali na &#8222;zlecenie Kiszczaka&#8221;. A\u00a0 okazuje si\u0119, \u017ce braciszek wysokim oficerem w ludowym wojsku by\u0142 za PRL-u.<br \/>\nPrzychodzi do mnie taki go\u015b\u0107 i m\u00f3wi: &#8222;Panie Januszu, ma Pan niesamowity dorobek kulturalny, cieszy si\u0119 pan wielkim szacunkiem i autorytetem w\u015br\u00f3d Polonii, chcia\u0142bym, \u017ceby pan wspom\u00f3g\u0142 mnie w walce z Centrum Polsko-S\u0142owia\u0144skim&#8221; i rzuca mi na biurko swoje zapiski ze wszystkich zebra\u0144, w kt\u00f3rych, jako by\u0142y dyrektor bra\u0142 udzia\u0142. Rok p\u00f3\u017aniej ten sam pan pisze, \u017ce jestem tu nas\u0142any przez Kiszczaka, &#8222;aby robi\u0107 polskie koncerty&#8221;.<br \/>\nTen\u017ce jegomo\u015b\u0107 na stronie pewnej organizacji, kt\u00f3rej nazwy z racji jej zerowego znaczenia dla Polonii nie b\u0119d\u0119 promowa\u0142 pisze, \u017ce ja nie zrobi\u0142em nic ani dla Polski, ani dla Polonii. Jest nawet tak dalece i szczeg\u00f3\u0142owo zaznajomiony z moj\u0105 dzia\u0142alno\u015bci\u0105 i artystami, kt\u00f3rych sprowadzam, \u017ce pozwoli\u0142 sobie nazwa\u0107 \u015bpiewaczki operowe &#8222;piosenkarkami&#8221; i pos\u0105dzi\u0107 je o to, \u017ce je\u015bli tu wyst\u0105pi\u0142y, to musia\u0142y mi&#8230;co\u015b da\u0107, bo &#8222;Sporek nic nie robi za B\u00f3g zap\u0142a\u0107&#8221;. Ten sam cz\u0142owieczek kilka lat temu \u0142asi\u0142 si\u0119 do J. J\u00f3\u017awiaka, jak jagni\u0105tko, byle tylko by\u0107\u00a0 gdzie\u015b we w\u0142adzach Centrum. Tak, to ten sam, kt\u00f3ry gdy przeprowadzano ze mn\u0105 interview, bo chcia\u0142em by\u0107\u00a0 w Centrum kierownikiem d\/s kultury na moje pierwsze, merytoryczne pytanie do szanownej komisji weryfikacyjnej wyskoczy\u0142 z ubeck\u0105 formu\u0142k\u0105: &#8222;Tutaj my zadajemy pytania&#8221;, na co w\u0142a\u015bnie Janusz J\u00f3\u017awiak zreprymendowa\u0142 go natychmiast: &#8222;Ej, panie Heniu, nie jeste\u015bmy w PRL-u, jak sie pan zachowuje&#8221;.<br \/>\nTen\u017ce pan Heniu &#8211; skoro ju\u017c pad\u0142o jego imi\u0119 &#8211; oskar\u017ca mnie, \u017ce w artykule (na tym blogu), zatytu\u0142owanym &#8222;Ale jaja&#8221;, u\u017cy\u0142em <em>&#8222;ci\u0119\u017ckiego argumentu, \u017ce sprowadzono tu by\u0142ego dzia\u0142acza Solidarno\u015bci Jurczyka&#8221;<\/em> i daje ca\u0142y wyw\u00f3d mojej nies\u0142uszno\u015bci. Przeczyta\u0142em pi\u0119\u0107\u00a0 razy &#8222;Ale jaja&#8221; i ani raz nie dostrzeg\u0142em tam nazwiska Jurczyk.<br \/>\nW swoim przyci\u0119\u017ckawym artykule najpierw nazywa mnie &#8222;pan Sporek&#8221;, potem odmienia moje nazwisko, &#8222;panie Sporku&#8221;, czego si\u0119 nie robi, bo przecie\u017c nie m\u00f3wimy panie Padalcu, panie Pawlaku, panie Adamku, Pawelcu itd. W takich przypadkach nazwisk si\u0119 nie odmienia, o czym kto, jak kto, ale &#8222;patriota&#8221; powienien wiedzie\u0107. A wreszcie pod koniec artyku\u0142u przechodzi ze mn\u0105 &#8222;na ty&#8221; i radzi: &#8222;Sporek naucz si\u0119 pisa\u0107\u00a0 po polsku&#8221;, czy jako\u015b tak.<br \/>\nLudzie i&#8230;ludziska.<br \/>\n\u015amia\u0107 si\u0119? P\u0142aka\u0107?\u00a0 Zostawiam do os\u0105du Czytelnik\u00f3w.<\/p>\n<p>A naj\u015bmieszniejsze jest to, \u017ce ten w\u0142a\u015bnie pan nazywa mnie&#8230;Judaszem i przypisuje mi stygmat Judasza. I takich w\u0142a\u015bnie mamy PATRIOT\u00d3W w\u015br\u00f3d Polonii, niestety.<\/p>\n<p><strong>UWAGA!! Wiadomo\u015b\u0107 z ostatniej chwili: Rada Dyrektor\u00f3w Unii Kredytowej po raz kolejny pogwa\u0142ci\u0142a prawa demokracji i zamiast alfabetycznie, albo rotacyjnie, jak to by\u0142o w &#8221; starych, dobrych czasach&#8221; u\u0142o\u017cy\u0107 nazwiska kandydat\u00f3w na li\u015bcie do g\u0142osowania, najpierw b\u0119d\u0105 wymienieni kandydaci z &#8222;nominacji&#8221;, a potem ci, kt\u00f3rzy uzbieraj\u0105 wystarczaj\u0105c\u0105 ilo\u015b\u0107 podpis\u00f3w.<\/strong><\/p>\n<p><strong>Nie ma z\u0142ego, co by na dobre nie wysz\u0142o: wszystkich Pa\u0144stwa, kt\u00f3rzy nie bardzo wiedz\u0105, jak g\u0142osowa\u0107 informuj\u0119, \u017ce najlepiej wybiera\u0107 spo\u015br\u00f3d tych, kt\u00f3rzy zaczynaj\u0105 si\u0119 od numeru PI\u0104TEGO do do\u0142u listy.<\/strong><\/p>\n","protected":false},"excerpt":{"rendered":"<p>No, w\u0142a\u015bnie, &#8211; jak ich nazwa\u0107? W domu, w zacisznym pokoiku portret&#8230;Hitlera &#8211; a g\u0119ba pe\u0142na&#8230;polskiego &#8222;patriotyzmu&#8221;.<\/p>\n","protected":false},"author":2,"featured_media":0,"comment_status":"open","ping_status":"open","sticky":false,"template":"","format":"standard","meta":[],"categories":[3],"tags":[],"_links":{"self":[{"href":"https:\/\/sporek.com\/blog\/index.php?rest_route=\/wp\/v2\/posts\/192"}],"collection":[{"href":"https:\/\/sporek.com\/blog\/index.php?rest_route=\/wp\/v2\/posts"}],"about":[{"href":"https:\/\/sporek.com\/blog\/index.php?rest_route=\/wp\/v2\/types\/post"}],"author":[{"embeddable":true,"href":"https:\/\/sporek.com\/blog\/index.php?rest_route=\/wp\/v2\/users\/2"}],"replies":[{"embeddable":true,"href":"https:\/\/sporek.com\/blog\/index.php?rest_route=%2Fwp%2Fv2%2Fcomments&post=192"}],"version-history":[{"count":0,"href":"https:\/\/sporek.com\/blog\/index.php?rest_route=\/wp\/v2\/posts\/192\/revisions"}],"wp:attachment":[{"href":"https:\/\/sporek.com\/blog\/index.php?rest_route=%2Fwp%2Fv2%2Fmedia&parent=192"}],"wp:term":[{"taxonomy":"category","embeddable":true,"href":"https:\/\/sporek.com\/blog\/index.php?rest_route=%2Fwp%2Fv2%2Fcategories&post=192"},{"taxonomy":"post_tag","embeddable":true,"href":"https:\/\/sporek.com\/blog\/index.php?rest_route=%2Fwp%2Fv2%2Ftags&post=192"}],"curies":[{"name":"wp","href":"https:\/\/api.w.org\/{rel}","templated":true}]}}