{"id":193,"date":"2009-08-15T01:33:53","date_gmt":"2009-08-15T05:33:53","guid":{"rendered":"http:\/\/sporek.com\/blog\/?p=193"},"modified":"2009-08-15T02:43:59","modified_gmt":"2009-08-15T06:43:59","slug":"wywiad-jak-kalna-rzeka","status":"publish","type":"post","link":"https:\/\/sporek.com\/blog\/?p=193","title":{"rendered":"Wywiad, jak (kalna) rzeka"},"content":{"rendered":"<p>Nie chce mi si\u0119 komentowa\u0107 tych wszystkich pean\u00f3w na temat Unii Kredytowej, bo i tak Nowy Dziennik ci\u0105gle o tym pisa\u0142, wi\u0119c wszyscy to ju\u017c znaj\u0105. My\u015bl\u0119, \u017ce prowadz\u0105cy wywiad m\u00f3g\u0142 si\u0119 troch\u0119 lepiej przygotowa\u0107.\u00a0 Ot\u00f3\u017c mamy do czynienia ze swoistym prawniem m\u00f3zg\u00f3w.<!--more-->\u00a0 Zwalanie winy za to, \u017ce nie p\u0142acone s\u0105 dywidendy na dwa procesy s\u0105dowe jest kompletn\u0105 bzdur\u0105;\u00a0 proces z Kami\u0144sk\u0105 w og\u00f3le si\u0119 nie odby\u0142, bo wycofa\u0142a pozew, a to, \u017ce przez jakis czas zamro\u017cono pieni\u0105dze na wypadek przegranej Unii, jest w tym przypadku akurat bez znaczenia. A nawet lepiej, jak s\u0105 zamro\u017cone, ni\u017c id\u0105 na w\u0105tpliwej warto\u015bci wydatki. To raz. Oczywi\u015bcie kilka os\u00f3b (<em>a jeden specjalista od gnojenia ludzi na Internecie, szczeg\u00f3lnie -ale gdy si\u0119 ma Hitlera w ramkach, to trudno si\u0119 od kogo\u015b takiego spodziewa\u0107, \u017ceby ceni\u0142 wy\u017cej prawd\u0119, ni\u017c wulgarne wyzywanie ludzi na jakiej\u015b tam stronie internetowej<\/em>) stwierdzi, \u017ce broni\u0119 B. Kami\u0144sk\u0105. Nie dbam o to &#8211; niech twierdz\u0105.<\/p>\n<p>Dwa: proces, w jaki wpl\u0105tany by\u0142 Wojciech Mleczko nie kosztowa\u0142 Unii, ani centa, poniewa\u017c Mleczko, jako cz\u0142onek Rady Dyrektor\u00f3w jest od takich spraw ubezpieczony i koszty pokry\u0142a w\u0142a\u015bnie firma ubezpieczaj\u0105ca. Pan prezes uwa\u017ca, \u017ce to nic niewa\u017cny szczeg\u00f3\u0142 i zapomnia\u0142 o tym wspomnie\u0107.<br \/>\nDziwnym zbiegiem okoliczno\u015bci p. prezes nie wspomnia\u0142 o procesie, kt\u00f3ry ON wytoczy\u0142 NCUA po tym, jak 10 lat temu zwolniono wszystkich dyrektor\u00f3w i wprowadzono zarz\u0105d komisaryczny. Proces ten kosztowa\u0142 horrendaln\u0105 kwot\u0119, a pan prezes jako jeden ze zwolnionych dyrektor\u00f3w nie by\u0142 ju\u017c ubezpieczony&#8230; Kto zap\u0142aci\u0142? CZ\u0141ONKOWIE!!! Ile? Pan prezes to wie, i wie to spora liczba innych dyrektor\u00f3w. Pomijam prywatnie zebrane kilkadziesi\u0105t tysi\u0119cy, z kt\u00f3rych do dzi\u015b si\u0119 nie rozliczy\u0142, o co, spiesz\u0105cy mu w\u00f3wczas z pomoc\u0105 w dobrej intencji, upominaj\u0105 si\u0119 do dzi\u015b, ale prezes nie reaguje.<\/p>\n<p>Dziwnym zbiegiem okoliczno\u015bci pan prezes wspomnia\u0142 o zwolnieniu p. Krystyny Myssury, ale nie wspomnia\u0142 ile Unia zap\u0142aci\u0142a dotychczas za ten idiotyczny proces. Dlaczego idiotyczny? Ano dlatego, \u017ce opinia radcy prawnego NCUA m\u00f3wi wyra\u017anie, \u017ce K. Myssura zosta\u0142a zwolniona wbrew obowi\u0105zuj\u0105cym przepisom i (pewnie dlatego, \u017ceby Unia nie wydawa\u0142a kolejnych pieni\u0119dzy cz\u0142onkowskich) NCUA zwr\u00f3ci\u0142a si\u0119 do s\u0105du, aby wstrzyma\u0107 proces i NCUA sama podejmie decyzj\u0119, &#8211; co ma podobno nast\u0105pi\u0107 do ko\u0144ca wrze\u015bnia. (Wi\u0119c mo\u017ce i wybor\u00f3w nie b\u0119dzie, jak si\u0119 NCUA wprowadzi z zarz\u0105dem komisarycznym&#8230;? &#8211; Nawet nie chc\u0119 o tym mysle\u0107).<\/p>\n<p>Nie wspomnia\u0142 te\u017c pan prezes, \u017ce aby ci\u0105gn\u0105\u0107 ten idiotyczny proces zatrudniono prawniczk\u0119 z firmy adwokackiej na Manhattanie (chyba nie za $50 na godzin\u0119&#8230;?), poniewa\u017c etatowy prawnik naszej Unii&#8230;nie ma uprawnie\u0144 (licencji) na Nowy Jork.<br \/>\nNie wspomnia\u0142, \u017ce podobn\u0105 opini\u0119, jak na temat zwolnienia K. Myssury ma NUCA na temat przyj\u0119cia tzw. &#8222;nowych sponsor\u00f3w&#8221;; s\u0105 po prostu przyj\u0119ci wbrew panuj\u0105cym przepisom. To bardzo wa\u017cne w \u015bwietle zbli\u017caj\u0105cych si\u0119 wybor\u00f3w.<br \/>\nNie wspomnia\u0142 pan prezes, \u017ce Marek Zawisny ma ci\u0105gle otwart\u0105 spraw\u0119 dotycz\u0105c\u0105 etyki cz\u0142onka rady dyrektor\u00f3w, rozpocz\u0119t\u0105 jeszcze w 2005 roku przez NCUA w\u0142a\u015bnie. W\/g prezesa i komisji nominacyjnej Marek Zawisny jest du\u017co lepszym specjalist\u0105-bankowcem, ni\u017c zajmuj\u0105cy wysokie stanowisko w ameryka\u0144skim banku dr. Tomasz Bortnik, obecnie cz\u0142onek rady dyrektor\u00f3w, ale przez Ksi\u0119dza Chru\u015bciela, Alexa Storo\u017cy\u0144skiego i wysok\u0105 specjalistk\u0119 od bankowo\u015bci, niegdy\u015b zwolnion\u0105 dyscyplinarnie z naszej Unii, pani\u0105 W\u0105do\u0142owsk\u0105 nie zaakceptowanego na list\u0119 wyborcz\u0105. Taki sobie paradoks: prawnik wchodzi bez problemu, a doktor matematyki, jedyny w obecnej radzie, kt\u00f3ry wie, co to bankowo\u015b\u0107 &#8211; odrzucony. Szkoda, \u017ce Jan Pietrzak nie czyta mojego blogu, &#8211; mia\u0142by gotowca do najbli\u017cszego programu&#8230;<\/p>\n<p>Nie wspomnia\u0142 pan prezes ile pieni\u0119dzy dosta\u0142a pani W\u0105do\u0142owska, a ile powinna dosta\u0107.<br \/>\nA na koniec za\u0142o\u017c\u0119 si\u0119, \u017ce jutro we wszystkich oddzia\u0142ach naszej, sk\u0105din\u0105d wspania\u0142ej Unii Kredytowej b\u0119dzie wystawiony do darmowego pobierania Nowy Dziennik-wydanie weekendowe. Nowy Dziennik da si\u0119 tak rozdawa\u0107 za darmo&#8230;? W dobie kryzysu?<br \/>\nKompletna powt\u00f3rka z PRL-u: czterech kandydat\u00f3w\u00a0 wybranych przez &#8222;egzekutyw\u0119&#8221;, na cztery miejsca, a reszta, czyli ci, kt\u00f3rzy zbieraj\u0105 podpisy, to w\/g pana prezesa &#8222;pseudodzia\u0142acze&#8221;. I&#8230;Trybuna Ludu w ka\u017cdym oddziale. Co my tu m\u00f3wimy o dziennikarskiej uczciwo\u015bci&#8230;<br \/>\n<strong>Nie lubi\u0119 si\u0119 por\u00f3wnywa\u0107 do nikogo, ani por\u00f3wnywa\u0107 kogokolwiek do siebie, ale nawet pracownicy Carnegie Hall zgodni s\u0105 w swojej opinii, \u017ce w ponad stuletniej historii tej instytucji nie by\u0142o takiego Polaka, kt\u00f3ry zrobi\u0142by tam 15 koncert\u00f3w POLSKICH w ci\u0105gu dziesi\u0119ciu lat, a jeszcze si\u0119 zmie\u015bci z 16-ym -JUBILEUSZOWYM. Na swojej stronie internetowej ta zacna instytucja kulturalna napisa\u0142a: <\/strong><strong style=\"color: #cc0000\">&#8222;Jan Sporek&#8217;s 20 Anniversary of artistic work in the USA.&#8221;<\/strong><strong> No, co\u017c pseudodzia\u0142aczom te\u017c si\u0119 czasem co\u015b udaje zrobi\u0107, a jak m\u00f3wi przys\u0142owie &#8211; najtrudniej jest by<\/strong><strong>\u0107 prorokiem we w\u0142asnym kraju<\/strong>. <strong>Pan prezes zapomnia\u0142 powiedzie\u0107, \u017ce w dow\u00f3d uznania mojej pracy dla polskiej kultury, Polonii, polskiej muzyki i polskich artyst\u00f3w ustali\u0142 dat\u0119 Walnego Zebrania dok\u0142adnie na dzie\u0144 mojego koncertu jubileuszowego. I to cztery dni po tym, jak prosi\u0142em go, aby tego nie robi\u0142, -wi\u0119c niech nie t\u0142umaczy nikomu, \u017ce to przypadek. B\u0119d\u0105 przedstawiciele Gubernatora z pi\u0119kn\u0105 Proklamacj\u0105 odczytan\u0105 ze sceny, b\u0119d\u0105 przedstawiciele Mayora, b\u0119d\u0105 polscy dyplomaci i mn\u00f3stwo innych, zacnych go\u015bci, b\u0119dzie ameryka\u0144ska orkiestra, kt\u00f3ra w\u0142a\u015bnie po wsp\u00f3\u0142pracy ze mn\u0105 oszala\u0142a na punkcie polskiej muzyki, b\u0119d\u0105 soli\u015bci polscy i ameryka\u0144scy, kt\u00f3rzy chc\u0105 tym sposobem uczci\u0107<\/strong> <strong>m\u00f3j dorobek, ale nie b\u0119dzie Polsko-S\u0142owia\u0144skiej Federalnej Unii Kredytowej. A wszystko z dba\u0142o\u015bci o Poloni\u0119, polsk\u0105 kultur\u0119 itd, itp.-tak szczodrze wylanej przez prezesa na cierpliwy papier Nowego Dziennika. Chc\u0119 wierzy<\/strong><strong>\u0107, \u017ce publiczno\u015b<\/strong><strong>\u0107 nie we\u017amie udzia\u0142u w bojkocie mojego koncertu i zamiast do Clark kupi bilety na koncert, kt\u00f3ry te\u017c jest o 2-iej popo\u0142udniu, tyle, \u017ce w Carnegie Hall. Ci, kt\u00f3rzy zd\u0105\u017cyli wykupi<\/strong><strong>\u0107 jak\u0105\u015b cz\u0119\u015b<\/strong><strong>\u0107 strony w mojej ksi\u0105\u017cce pami\u0105tkowej b\u0119d\u0105 zaproszeni na spotkanie z artystami<\/strong> <strong>i skromne przyj\u0119cie, a ci, kt\u00f3rzy nie wykupili, to mog\u0105 to zrobi\u0107 jeszcze do 31 sierpnia. Wystarczy zadzwoni<\/strong><strong>\u0107: 718-486-6780 i tym sposobem pom\u00f3c mi zrealizowa<\/strong><strong>\u0107 to ogromne przedsi\u0119wzi\u0119cie<\/strong><strong>.<\/strong><br \/>\nNiestety dziennikarz w swojej delikatno\u015bci nie zapyta\u0142 o t\u0119 dziwn\u0105 zbie\u017cno\u015b\u0107 dat. A ja nie mam szans na wywiad w Nowym Dzienniku, kt\u00f3ry od stycznia wie, \u017ce taki koncert b\u0119dzie, ale &#8230; nawali\u0142y telefony, Internet i w og\u00f3le&#8230;kryzys, wi\u0119c trudno si\u0119 ze mn\u0105 skontaktowa\u0107. I fajnie.<strong><br \/>\n<\/strong><\/p>\n","protected":false},"excerpt":{"rendered":"<p>Nie chce mi si\u0119 komentowa\u0107 tych wszystkich pean\u00f3w na temat Unii Kredytowej, bo i tak Nowy Dziennik ci\u0105gle o tym pisa\u0142, wi\u0119c wszyscy to ju\u017c znaj\u0105. My\u015bl\u0119, \u017ce prowadz\u0105cy wywiad m\u00f3g\u0142 si\u0119 troch\u0119 lepiej przygotowa\u0107.\u00a0 Ot\u00f3\u017c mamy do czynienia ze swoistym prawniem m\u00f3zg\u00f3w.<\/p>\n","protected":false},"author":2,"featured_media":0,"comment_status":"open","ping_status":"open","sticky":false,"template":"","format":"standard","meta":[],"categories":[3],"tags":[],"_links":{"self":[{"href":"https:\/\/sporek.com\/blog\/index.php?rest_route=\/wp\/v2\/posts\/193"}],"collection":[{"href":"https:\/\/sporek.com\/blog\/index.php?rest_route=\/wp\/v2\/posts"}],"about":[{"href":"https:\/\/sporek.com\/blog\/index.php?rest_route=\/wp\/v2\/types\/post"}],"author":[{"embeddable":true,"href":"https:\/\/sporek.com\/blog\/index.php?rest_route=\/wp\/v2\/users\/2"}],"replies":[{"embeddable":true,"href":"https:\/\/sporek.com\/blog\/index.php?rest_route=%2Fwp%2Fv2%2Fcomments&post=193"}],"version-history":[{"count":0,"href":"https:\/\/sporek.com\/blog\/index.php?rest_route=\/wp\/v2\/posts\/193\/revisions"}],"wp:attachment":[{"href":"https:\/\/sporek.com\/blog\/index.php?rest_route=%2Fwp%2Fv2%2Fmedia&parent=193"}],"wp:term":[{"taxonomy":"category","embeddable":true,"href":"https:\/\/sporek.com\/blog\/index.php?rest_route=%2Fwp%2Fv2%2Fcategories&post=193"},{"taxonomy":"post_tag","embeddable":true,"href":"https:\/\/sporek.com\/blog\/index.php?rest_route=%2Fwp%2Fv2%2Ftags&post=193"}],"curies":[{"name":"wp","href":"https:\/\/api.w.org\/{rel}","templated":true}]}}